{"id":130323,"date":"2026-01-06T15:00:18","date_gmt":"2026-01-06T15:00:18","guid":{"rendered":"https:\/\/www.europesays.com\/no\/130323\/"},"modified":"2026-01-06T15:00:18","modified_gmt":"2026-01-06T15:00:18","slug":"vaer-porsgrunn-varslet-opp-til-en-halv-meter-sno-i-morgen-dette-sier-han-na","status":"publish","type":"post","link":"https:\/\/www.europesays.com\/no\/130323\/","title":{"rendered":"V\u00e6r, Porsgrunn | Varslet opp til en halv meter sn\u00f8 i morgen \u2013 dette sier han n\u00e5"},"content":{"rendered":"\n<p>P\u00e5 det meste var det varslet mulighet for opptil en halv meter sn\u00f8 i for eksempel Porsgrunn i l\u00f8pet av onsdag.<\/p>\n<p>Senere har det blitt endret flere ganger og slik det ser ut n\u00e5 vil det knapt komme sn\u00f8 i det hele tatt.<\/p>\n<p>\u00c5rsaken er at dette lavtrykket beveger seg og det er vanskelig \u00e5 ansl\u00e5 hvor og n\u00e5r nedb\u00f8ren treffer.<\/p>\n<p>Kan skje<\/p>\n<p>Tirsdag ettermiddag vet meteorologene litt mer og akkurat n\u00e5 ser det ut som om Telemark slipper unna de helt store nedb\u00f8rsmengdene.<\/p>\n<p><b>\u2013 Det ser slik ut akkurat n\u00e5, men det er jo en viss usikkerhet og Norge kan jo ogs\u00e5 vinne fotball-VM, sier vakthavende meteorolog Rafael Escobar L\u00f8vdahl.<\/b><\/p>\n<p>Med denne sammenlikningen g\u00e5r han langt i \u00e5 si at det neppe kommer s\u00e5 mye sn\u00f8 som det en stund kunne virke.<\/p>\n<p>Han forteller at dersom det kommer sn\u00f8 vil det komme sent p\u00e5 onsdag og tidlig p\u00e5 torsdag og legger til at vinteren fortsetter i uoverskuelig fremtid. Sn\u00f8en som eventuelt kommer vil gj\u00f8re litt ut av seg. Siden det er kaldt og sn\u00f8en er lett kan sn\u00f8en b\u00e5de f\u00f8yke og tette seg.<\/p>\n<p>Escobar forteller at de har sendt ut varsel om fare for ising p\u00e5 skip ute i Skagerrak og det er det ikke s\u00e5 ofte de gj\u00f8r.<\/p>\n<p>   <img decoding=\"async\" width=\"1343\" height=\"523\" fetchpriority=\"low\"  loading=\"lazy\"  src=\"https:\/\/www.europesays.com\/no\/wp-content\/uploads\/2026\/01\/1767711618_543_sno.jpg\" alt=\"\" class=\"brick-c-cFOWSL\" style=\"--brick-image-ratio: 1343 \/ 523;\"\/><\/p>\n<p>      MYE SN\u00d8: Dersom dette varselet hadde sl\u00e5tt til ville det ha kommet mye sn\u00f8. Dette varselet har man for lengst g\u00e5tt bort fra.<br \/>\n      Foto: YR\n    <\/p>\n<p>  Fikk kjeft<\/p>\n<p>TA fikk i g\u00e5r en god del pepper mandag fordi vi skrev at det var fare for en halv meter sn\u00f8 n\u00e5r meteorologene skrev at det kunne komme 50 millimeter nedb\u00f8r. En leser mente til og med at det m\u00e5tte v\u00e6re flaut for oss \u00e5 gj\u00f8re en slik tabbe.<\/p>\n<p>Det er imidlertid ingen tabbe. Meteorologene oppgir alltid nedb\u00f8r i v\u00e6skemengde. Sn\u00f8 har et betydelig st\u00f8rre volum enn regn. Hovedregelen er derfor at en millimeter nedb\u00f8r tilsvarer en centimeter med sn\u00f8. N\u00e5r det en periode var meldt om 50 millimeter nedb\u00f8r tilsvarer det alts\u00e5 en halv meter sn\u00f8.<\/p>\n<p>Akkurat n\u00e5 viser modellene som meteorologene bruker til \u00e5 beregne nedb\u00f8ren at det vil komme bare 0,7 millimeter nedb\u00f8r i Porsgrunn p\u00e5 onsdag. Det tilsvarer alts\u00e5 knapt en centimeter med sn\u00f8.<\/p>\n","protected":false},"excerpt":{"rendered":"P\u00e5 det meste var det varslet mulighet for opptil en halv meter sn\u00f8 i for eksempel Porsgrunn i&hellip;\n","protected":false},"author":2,"featured_media":130324,"comment_status":"","ping_status":"","sticky":false,"template":"","format":"standard","meta":{"footnotes":""},"categories":[10],"tags":[36,20,21,24,25,15,22,23,13,30,28,29,14,16,1370,393,1510,26,27,553],"class_list":{"0":"post-130323","1":"post","2":"type-post","3":"status-publish","4":"format-standard","5":"has-post-thumbnail","7":"category-norge","8":"tag-art","9":"tag-breaking-news","10":"tag-breakingnews","11":"tag-featured-news","12":"tag-featurednews","13":"tag-headlines","14":"tag-latest-news","15":"tag-latestnews","16":"tag-news","17":"tag-no","18":"tag-norge","19":"tag-norway","20":"tag-nyheter","21":"tag-overskrifter","22":"tag-porsgrunn","23":"tag-skien","24":"tag-story","25":"tag-top-stories","26":"tag-topstories","27":"tag-vaer"},"share_on_mastodon":{"url":"https:\/\/pubeurope.com\/@no\/115848755462639393","error":""},"_links":{"self":[{"href":"https:\/\/www.europesays.com\/no\/wp-json\/wp\/v2\/posts\/130323","targetHints":{"allow":["GET"]}}],"collection":[{"href":"https:\/\/www.europesays.com\/no\/wp-json\/wp\/v2\/posts"}],"about":[{"href":"https:\/\/www.europesays.com\/no\/wp-json\/wp\/v2\/types\/post"}],"author":[{"embeddable":true,"href":"https:\/\/www.europesays.com\/no\/wp-json\/wp\/v2\/users\/2"}],"replies":[{"embeddable":true,"href":"https:\/\/www.europesays.com\/no\/wp-json\/wp\/v2\/comments?post=130323"}],"version-history":[{"count":0,"href":"https:\/\/www.europesays.com\/no\/wp-json\/wp\/v2\/posts\/130323\/revisions"}],"wp:featuredmedia":[{"embeddable":true,"href":"https:\/\/www.europesays.com\/no\/wp-json\/wp\/v2\/media\/130324"}],"wp:attachment":[{"href":"https:\/\/www.europesays.com\/no\/wp-json\/wp\/v2\/media?parent=130323"}],"wp:term":[{"taxonomy":"category","embeddable":true,"href":"https:\/\/www.europesays.com\/no\/wp-json\/wp\/v2\/categories?post=130323"},{"taxonomy":"post_tag","embeddable":true,"href":"https:\/\/www.europesays.com\/no\/wp-json\/wp\/v2\/tags?post=130323"}],"curies":[{"name":"wp","href":"https:\/\/api.w.org\/{rel}","templated":true}]}}