{"id":130329,"date":"2026-01-06T15:06:11","date_gmt":"2026-01-06T15:06:11","guid":{"rendered":"https:\/\/www.europesays.com\/no\/130329\/"},"modified":"2026-01-06T15:06:11","modified_gmt":"2026-01-06T15:06:11","slug":"musks-ai-lager-nakenbilder-storbritannia-krever-handling","status":"publish","type":"post","link":"https:\/\/www.europesays.com\/no\/130329\/","title":{"rendered":"Musks AI lager nakenbilder \u2013 Storbritannia krever handling"},"content":{"rendered":"\n<p class=\"_lead_o9xde_2 _lead_xtcu6_50 layout-component text-serif-m layout-normal text-serif-l layout-component layout-wide layout-padded _wide_17hqh_1 layout-padded\">Brukere melder at AI-modellen Grok brukes til \u00e5 lage nakenbilder av dem. <\/p>\n<p><img alt=\"Forretningsmann og supermilliard\u00e6r Elon Musk, som blant annet eier X.  Foto: Evan Vucci \/ AP \/ NTB\" class=\"_image_qp4xg_65 layout-component layout-wide\" data-fullscreen- data-track-element-type=\"Article image fullscreen\" data-track-name=\"ImageFullscreen\" fetchpriority=\"high\" decoding=\"sync\" loading=\"eager\" height=\"4000\" itemprop=\"image\"  src=\"https:\/\/www.europesays.com\/no\/wp-content\/uploads\/2026\/01\/8b40cffb-cb83-4792-bbf0-996939b52462.jpeg\"  style=\"object-position:0% 0%\" width=\"6000\"\/>Forretningsmann og supermilliard\u00e6r Elon Musk, som blant annet eier X.  Foto: Evan Vucci \/ AP \/ NTB<\/p>\n<ul aria-hidden=\"true\" class=\"_images_ntbth_112\">\n<li><a class=\"_link_ntbth_117\" href=\"https:\/\/www.vg.no\/forfatter\/einar-torkelsen\" style=\"z-index:1\" title=\"Einar Torkelsen\" rel=\"nofollow noopener\" target=\"_blank\"><img alt=\"Bilde av Einar Torkelsen\" class=\"_image_ntbth_93\" fetchpriority=\"low\" loading=\"lazy\" decoding=\"async\" itemprop=\"image\"  src=\"https:\/\/www.europesays.com\/no\/wp-content\/uploads\/2026\/01\/1767711970_134_f6016772-ddbc-43d2-b733-41afc7cc9046.png\"  width=\"480\"\/><\/a><\/li>\n<\/ul>\n<p> Oppdatert tirsdag 6. januar kl. 15:44     <\/p>\n<p class=\"_paragraph_o9xde_4 _paragraph_xtcu6_10 layout-component text-serif-m layout-normal text-serif-m layout-padded\">Britiske myndigheter krever at <a href=\"https:\/\/www.vg.no\/tag\/x?utm_source=vg-article&amp;utm_medium=auto-tagger&amp;utm_campaign=8pm2G1\" class=\"_link_o9xde_39\" rel=\"nofollow noopener\" target=\"_blank\">X<\/a>, som eies av Elon Musk, m\u00e5 gj\u00f8re noe med AI-modellen Grok. <\/p>\n<p class=\"_paragraph_o9xde_4 _paragraph_xtcu6_10 layout-component text-serif-m layout-normal text-serif-m layout-padded\">Det melder <a href=\"https:\/\/news.sky.com\/story\/musk-must-urgently-deal-with-grok-ais-ability-to-generate-sexualised-images-government-warns-13491169\" class=\"_link_o9xde_39\" rel=\"nofollow noopener\" target=\"_blank\">Sky News<\/a>. <\/p>\n<p class=\"_paragraph_o9xde_4 _paragraph_xtcu6_10 layout-component text-serif-m layout-normal text-serif-m layout-padded\">Grok er b\u00e5de en selvstendig tjeneste og en integrert del av det sosiale mediet X.<\/p>\n<p class=\"_paragraph_o9xde_4 _paragraph_xtcu6_10 layout-component text-serif-m layout-normal text-serif-m layout-padded\">Den siste tiden har en rekke brukere, hovedsakelig kvinner, meldt at AI-modellen misbrukes av andre til \u00e5 lage nakenbilder av dem. <\/p>\n<p class=\"_paragraph_o9xde_4 _paragraph_xtcu6_10 layout-component text-serif-m layout-normal text-serif-m layout-padded\">I flere tilfeller har Grok ogs\u00e5 blitt brukt til \u00e5 lage seksualiserte bilder av barn, if\u00f8lge en analyse gjennomf\u00f8rt av nyhetsbyr\u00e5et Reuters. <\/p>\n<p class=\"_paragraph_o9xde_4 _paragraph_xtcu6_10 layout-component text-serif-m layout-normal text-serif-m layout-padded\">Storbritannias teknologiminister Liz Kendall krever n\u00e5 handling. <\/p>\n<p class=\"_paragraph_o9xde_4 _paragraph_xtcu6_10 layout-component text-serif-m layout-normal text-serif-m layout-padded\">\u2013 Det vi har sett p\u00e5 nettet de siste dagene har v\u00e6rt helt forferdelig, og er uakseptabelt i et anstendig samfunn. Ingen b\u00f8r m\u00e5tte se intime \u00abdeepfakes\u00bb\u00abdeepfakes\u00bbManipulerte bilder eller videoer som er laget for \u00e5 se virkelige ut.  av seg selv p\u00e5 nettet, sier Kendall. <\/p>\n<p><img alt=\"Grok er utviklet av Elon Musks AI-selskap xAI.  Foto: Skjermdump \/ Grok\" class=\"_image_qp4xg_65 layout-component layout-normal\" data-fullscreen- data-track-element-type=\"Article image fullscreen\" data-track-name=\"ImageFullscreen\" decoding=\"async\" loading=\"lazy\" height=\"942\" itemprop=\"image\"  src=\"https:\/\/www.europesays.com\/no\/wp-content\/uploads\/2026\/01\/5638ab27-0bc1-4e57-bae7-ad47e0a34f2d.jpeg\"  style=\"object-position:0% 0%\" width=\"1256\"\/>Grok er utviklet av Elon Musks AI-selskap xAI.  Foto: Skjermdump \/ Grok<\/p>\n<p class=\"_paragraph_o9xde_4 _paragraph_xtcu6_10 layout-component text-serif-m layout-normal text-serif-m layout-padded\">Det britiske tilsynet for kommunikasjonsteknologi har varslet at de har \u00abalvorlige bekymringer\u00bb knyttet til AI-modellen. <\/p>\n<p class=\"_paragraph_o9xde_4 _paragraph_xtcu6_10 layout-component text-serif-m layout-normal text-serif-m layout-padded\">Kendall sier at de ikke kan tillate spredning av denne typen krenkende bilder, og viser til at de i stor grad rammer kvinner. <\/p>\n<p class=\"_paragraph_o9xde_4 _paragraph_xtcu6_10 layout-component text-serif-m layout-normal text-serif-m layout-padded\">\u2013 X m\u00e5 ta seg av dette raskt, sier Kendall. <\/p>\n<p><img decoding=\"async\" alt=\"Bilde av Liz Kendall\" class=\"_image_ygndg_42\" height=\"27\" itemprop=\"image\" loading=\"lazy\"  src=\"https:\/\/www.europesays.com\/no\/wp-content\/uploads\/2026\/01\/90d2a983-f9d7-412a-bebd-520b787aa307.jpeg\"  width=\"40\"\/><strong class=\"_name_ygndg_51 title-serif-xs\">Liz Kendall<\/strong><\/p>\n<p class=\"_paragraph_o9xde_4 text-sans-m _description_ygndg_56\">Teknologiminister i Storbritannia<\/p>\n<p class=\"_paragraph_o9xde_4 _paragraph_xtcu6_10 layout-component text-serif-m layout-normal text-serif-m layout-padded\">Selskapet som utvikler Grok, xAI, sier at de jobber med \u00e5 l\u00f8se problemene. <\/p>\n<p class=\"_paragraph_o9xde_4 _paragraph_xtcu6_10 layout-component text-serif-m layout-normal text-serif-m layout-padded\">De viser til at sikkerhetstiltak som skal forhindre denne misbruken har sviktet, skriver Reuters. <\/p>\n","protected":false},"excerpt":{"rendered":"Brukere melder at AI-modellen Grok brukes til \u00e5 lage nakenbilder av dem. Forretningsmann og supermilliard\u00e6r Elon Musk, som&hellip;\n","protected":false},"author":2,"featured_media":130330,"comment_status":"","ping_status":"","sticky":false,"template":"","format":"standard","meta":{"footnotes":""},"categories":[12],"tags":[1882,20,21,129,24,25,15,22,23,15147,13,30,28,29,14,16,70,26,27,42,43,44,45,4882],"class_list":{"0":"post-130329","1":"post","2":"type-post","3":"status-publish","4":"format-standard","5":"has-post-thumbnail","7":"category-verden","8":"tag-ai","9":"tag-breaking-news","10":"tag-breakingnews","11":"tag-elon-musk","12":"tag-featured-news","13":"tag-featurednews","14":"tag-headlines","15":"tag-latest-news","16":"tag-latestnews","17":"tag-nakenbilder","18":"tag-news","19":"tag-no","20":"tag-norge","21":"tag-norway","22":"tag-nyheter","23":"tag-overskrifter","24":"tag-teknologi","25":"tag-top-stories","26":"tag-topstories","27":"tag-verden","28":"tag-world","29":"tag-world-news","30":"tag-worldnews","31":"tag-x"},"share_on_mastodon":{"url":"https:\/\/pubeurope.com\/@no\/115848779063338619","error":""},"_links":{"self":[{"href":"https:\/\/www.europesays.com\/no\/wp-json\/wp\/v2\/posts\/130329","targetHints":{"allow":["GET"]}}],"collection":[{"href":"https:\/\/www.europesays.com\/no\/wp-json\/wp\/v2\/posts"}],"about":[{"href":"https:\/\/www.europesays.com\/no\/wp-json\/wp\/v2\/types\/post"}],"author":[{"embeddable":true,"href":"https:\/\/www.europesays.com\/no\/wp-json\/wp\/v2\/users\/2"}],"replies":[{"embeddable":true,"href":"https:\/\/www.europesays.com\/no\/wp-json\/wp\/v2\/comments?post=130329"}],"version-history":[{"count":0,"href":"https:\/\/www.europesays.com\/no\/wp-json\/wp\/v2\/posts\/130329\/revisions"}],"wp:featuredmedia":[{"embeddable":true,"href":"https:\/\/www.europesays.com\/no\/wp-json\/wp\/v2\/media\/130330"}],"wp:attachment":[{"href":"https:\/\/www.europesays.com\/no\/wp-json\/wp\/v2\/media?parent=130329"}],"wp:term":[{"taxonomy":"category","embeddable":true,"href":"https:\/\/www.europesays.com\/no\/wp-json\/wp\/v2\/categories?post=130329"},{"taxonomy":"post_tag","embeddable":true,"href":"https:\/\/www.europesays.com\/no\/wp-json\/wp\/v2\/tags?post=130329"}],"curies":[{"name":"wp","href":"https:\/\/api.w.org\/{rel}","templated":true}]}}