{"id":130354,"date":"2026-01-06T15:42:18","date_gmt":"2026-01-06T15:42:18","guid":{"rendered":"https:\/\/www.europesays.com\/no\/130354\/"},"modified":"2026-01-06T15:42:18","modified_gmt":"2026-01-06T15:42:18","slug":"slar-sammen-ladeselskaper-for-a-vokse-i-utlandet-teknisk-ukeblad","status":"publish","type":"post","link":"https:\/\/www.europesays.com\/no\/130354\/","title":{"rendered":"Sl\u00e5r sammen ladeselskaper for \u00e5 vokse i utlandet &#8211; Teknisk Ukeblad"},"content":{"rendered":"<ol>\n<li><a href=\"https:\/\/news.google.com\/rss\/articles\/CBMiigFBVV95cUxNRURnTWM1X1R6T2JwU1Y2bEVSemVuYUF6YTlJRHJJYVAwVnZ5YnJ5VE1vNkRPU3ZtUl9TY2NoenB4QVhTdVAxZ2NWQjI0UEtndVBlM1JJMDV5Nlh3TnVWbXN2d3hGa1ZHNFhwZzFtbjNHWVpwT0hxWkRRekZjNElMSU5mU0w1R1BWMVE?oc=5\" target=\"_blank\" rel=\"nofollow noopener\">Sl\u00e5r sammen ladeselskaper for \u00e5 vokse i utlandet<\/a>&nbsp;&nbsp;Teknisk Ukeblad<\/li>\n<li><a href=\"https:\/\/news.google.com\/rss\/articles\/CBMiiwFBVV95cUxQNVRMYXVtZXJBZk9HRzRqdDMzRjZvNkhKLVVNdUNuaE81NlhXZ1hGYVdMdjFKc3lnOWlJN1pyTE90aGdLRDlSSV9MemtxRWNvM0plOUdFOXFjR3hFMjVoejJ6MWV0eVVMeThKS2ktNE5IbktseGxSSVp2T1BSS0YtTlAtZS1aZ2Q5clpr?oc=5\" target=\"_blank\" rel=\"nofollow noopener\">Sl\u00e5r sammen selskapene &#8211; blir sjef for over 100 ansatte<\/a>&nbsp;&nbsp;adressa.no<\/li>\n<li><a href=\"https:\/\/news.google.com\/rss\/articles\/CBMidkFVX3lxTFA1SVRqaHpLam1XWjBMSW1HaXhINU5Xd0xBODBxeS1Ub09SdW1SRU1UUmEtTEEtdkI1QmZqZ3lzWTJWbnlPdEVpNDhNQ0FKUWlPX0o0QXVybGtiZTdmU3FHWDQ5RmxVMWRVSnNYWVctaWRKd3hXVGc?oc=5\" target=\"_blank\" rel=\"nofollow noopener\">Ladeselskaper sl\u00e5r seg sammen<\/a>&nbsp;&nbsp;shifter.no<\/li>\n<li><a href=\"https:\/\/news.google.com\/rss\/articles\/CBMia0FVX3lxTE5zbFppZTdtcDNWTGd0by10RFN5QzNLYmtacjVBTmdzd2JTTVBqRmI4d3owN00wSl9ySjJCcDI3ZGNSa3N3VTNiRFZBczdtZ1l2aGk2R3pDR0IwTlktS19Qd0lfSUxKTkM3YnJF?oc=5\" target=\"_blank\" rel=\"nofollow noopener\">Aneo Mobility og Elaway sl\u00e5r seg sammen<\/a>&nbsp;&nbsp;EnergiWatch.no<\/li>\n<li><a href=\"https:\/\/news.google.com\/rss\/articles\/CBMijwFBVV95cUxPVmJJd3JWdGF3aENNQzVBMENtekVpUW4yQXhqbGt6cnlrdTRHa1dHcFZSQmNjV0QtaUczMF9sZ2hhVVNZVi1vejkya2FNejJkTDE1VGNqMTdlNVNyX0V4MWNtd1RKN0h2emgtNDc2NzNfcGh6WWMyM3U4TDFQTUpfMnR3aW52cFRVbTFqczU5UQ?oc=5\" target=\"_blank\" rel=\"nofollow noopener\">Ladesel\u00adskap sl\u00e5r seg sammen med konkur\u00adrent<\/a>&nbsp;&nbsp;mn24.no<\/li>\n<\/ol>\n","protected":false},"excerpt":{"rendered":"Sl\u00e5r sammen ladeselskaper for \u00e5 vokse i utlandet&nbsp;&nbsp;Teknisk Ukeblad Sl\u00e5r sammen selskapene &#8211; blir sjef for over 100&hellip;\n","protected":false},"author":2,"featured_media":130355,"comment_status":"","ping_status":"","sticky":false,"template":"","format":"standard","meta":{"footnotes":""},"categories":[10],"tags":[20,21,267,24,25,15,22,23,13,30,28,29,14,16,26,27],"class_list":{"0":"post-130354","1":"post","2":"type-post","3":"status-publish","4":"format-standard","5":"has-post-thumbnail","7":"category-norge","8":"tag-breaking-news","9":"tag-breakingnews","10":"tag-elbil","11":"tag-featured-news","12":"tag-featurednews","13":"tag-headlines","14":"tag-latest-news","15":"tag-latestnews","16":"tag-news","17":"tag-no","18":"tag-norge","19":"tag-norway","20":"tag-nyheter","21":"tag-overskrifter","22":"tag-top-stories","23":"tag-topstories"},"share_on_mastodon":{"url":"https:\/\/pubeurope.com\/@no\/115848920713172826","error":""},"_links":{"self":[{"href":"https:\/\/www.europesays.com\/no\/wp-json\/wp\/v2\/posts\/130354","targetHints":{"allow":["GET"]}}],"collection":[{"href":"https:\/\/www.europesays.com\/no\/wp-json\/wp\/v2\/posts"}],"about":[{"href":"https:\/\/www.europesays.com\/no\/wp-json\/wp\/v2\/types\/post"}],"author":[{"embeddable":true,"href":"https:\/\/www.europesays.com\/no\/wp-json\/wp\/v2\/users\/2"}],"replies":[{"embeddable":true,"href":"https:\/\/www.europesays.com\/no\/wp-json\/wp\/v2\/comments?post=130354"}],"version-history":[{"count":0,"href":"https:\/\/www.europesays.com\/no\/wp-json\/wp\/v2\/posts\/130354\/revisions"}],"wp:featuredmedia":[{"embeddable":true,"href":"https:\/\/www.europesays.com\/no\/wp-json\/wp\/v2\/media\/130355"}],"wp:attachment":[{"href":"https:\/\/www.europesays.com\/no\/wp-json\/wp\/v2\/media?parent=130354"}],"wp:term":[{"taxonomy":"category","embeddable":true,"href":"https:\/\/www.europesays.com\/no\/wp-json\/wp\/v2\/categories?post=130354"},{"taxonomy":"post_tag","embeddable":true,"href":"https:\/\/www.europesays.com\/no\/wp-json\/wp\/v2\/tags?post=130354"}],"curies":[{"name":"wp","href":"https:\/\/api.w.org\/{rel}","templated":true}]}}