{"id":130356,"date":"2026-01-06T15:43:13","date_gmt":"2026-01-06T15:43:13","guid":{"rendered":"https:\/\/www.europesays.com\/no\/130356\/"},"modified":"2026-01-06T15:43:13","modified_gmt":"2026-01-06T15:43:13","slug":"politikk-kommune-na-kommer-kommunekommisjonen-kan-gi-svar-pa-krise","status":"publish","type":"post","link":"https:\/\/www.europesays.com\/no\/130356\/","title":{"rendered":"Politikk, Kommune | N\u00e5 kommer kommunekommisjonen: Kan gi svar p\u00e5 krise"},"content":{"rendered":"\n<p>Fredag kl. 9.30 kommer regjeringens kommunekommisjon med sine anbefalinger for \u00e5 l\u00f8se situasjonen i Kommune-Norge.<\/p>\n<p>Det f\u00e5r Nationen bekreftet fra Kommunal- og distriktsdepartementet.<\/p>\n<p>Kommunalminister Bj\u00f8rnar Skj\u00e6ran og finansminister Jens Stoltenberg vil v\u00e6re til stede for \u00e5 ta imot konklusjonene fra de 12 medlemmene.<\/p>\n<p>Kjernen i kommisjonens oppgave er \u00e5 se p\u00e5 hvordan staten styrer kommunene.<\/p>\n<p>  <a href=\"https:\/\/www.nationen.no\/5-148-835524\" class=\"related-teaser has-image default-story-teaser article--c-eRUmMG article--c-eRUmMG-jKCPdD-design-default\" rel=\"nofollow noopener\" target=\"_blank\"><\/p>\n<p>    <img decoding=\"async\" loading=\"lazy\"  src=\"https:\/\/www.europesays.com\/no\/wp-content\/uploads\/2025\/12\/NTB_Y1WX4kEDFMU.jpg\" alt=\"\" class=\"brick-c-cFOWSL\" style=\"\"\/><\/p>\n<p>\n            Les ogs\u00e5<\/p>\n<p>              Slukker St\u00f8res Robek-h\u00e5p: Avviser f\u00e6rre kommuner p\u00e5 svarteliste\n        <\/p>\n<p>  <\/a><br \/>\n  Ny kommune p\u00e5 Robek<\/p>\n<p>Det er blodr\u00f8de tall i kommunebudsjettene og stadig flere norske kommuner havner p\u00e5 den \u00f8konomiske svartelista Robek.<\/p>\n<p>Mandag ble det bekreftet at <a href=\"https:\/\/www.tk.no\/historisk-robek-mote-helsehus-blir-tema\/s\/5-51-1793978\" rel=\"Follow nofollow noopener\" target=\"_blank\">Surnadal er den 28. kommunen p\u00e5 lista<\/a>.<\/p>\n<p>Samtidig er det \u00f8kende frustrasjon blant kommuner som f\u00f8ler seg tynget ned av statlige reguleringskrav og byr\u00e5krati.<\/p>\n<p>Debatten om kommuner skal sl\u00e5 seg sammen for \u00e5 spare penger \u00f8ker i styrke.<\/p>\n<p>Det er derfor knyttet h\u00f8ye forventninger til hvilke l\u00f8sninger kommisjonen vil peke p\u00e5.<\/p>\n<p>\u2212 Summen av krav og oppgaver er ikke b\u00e6rekraftig over tid. For at dette skal g\u00e5 i hop m\u00e5 vi gi kommunene st\u00f8rre frihet til \u00e5 innrette tjenestene slik at innbyggerne kan f\u00e5 mer velferd for hver kroner og for hver ansatt, sa dav\u00e6rende kommunalminister Kjersti Stenseng (Ap) da kommisjonen ble satt ned.<\/p>\n<p>Det er Eivind Dale, tidligere departementsr\u00e5d i Kommunal- og distriktsdepartementet, som skal lede arbeidet. Mette Nord fra LO, Geir R\u00f8svoll fra Unio og Helge Eide fra KS sitter i kommisjonen.<\/p>\n<p>Det samme gj\u00f8r Sp-veteran, tidligere statssekret\u00e6r og stortingsrepresentant Ivar Prestbakmo, som sitter i Sps sentralstyre. Mange\u00e5rig Ap-ordf\u00f8rer i Trondheim, Rita Irene Ottervik og tidligere H\u00f8yre-statsr\u00e5d Monica M\u00e6land er en del av kommisjonen.<\/p>\n<p>Kommunedirekt\u00f8rene Anna Camilla Mattsdotter Bruno Duns\u00e6d i Kristiansand og kommunedirekt\u00f8r J\u00f8rgen Holten J\u00f8rgensen i Tana er ogs\u00e5 kommisjonsmedlemmer. Det samme er professorene Signy Vabo og Lars-Erik Borge, og pasient- og brukerombud og sosial- og eldreombud Heidi Merete Rudi fra Nordre Follo.<\/p>\n<p>Ber kommunene bli mer effektive<\/p>\n<p>If\u00f8lge mandatet til kommunekommisjonen skal den foresl\u00e5 endringer i statens styring av kommunesektoren som \u00ablegger til rette for god ressursbruk, fleksibel bruk av personell og effektiv oppgavel\u00f8sning i kommunesektoren\u00bb.<\/p>\n<p>Det varsles ogs\u00e5 at kommisjonen skal vurdere og foresl\u00e5 tiltak dersom det er andre forhold som \u00abbinder kompetanse un\u00f8dvendig, bidrar til un\u00f8dvendig h\u00f8ye kostnader eller lite effektiv oppgavel\u00f8sning i kommuner og fylkeskommuner\u00bb.<\/p>\n<p>Det er tidligere opplyst om at kommisjonen skal levere sin f\u00f8rste rapport n\u00e5 ved \u00e5rsskiftet og komme med en ny rapport i l\u00f8pet av \u00e5ret.<\/p>\n","protected":false},"excerpt":{"rendered":"Fredag kl. 9.30 kommer regjeringens kommunekommisjon med sine anbefalinger for \u00e5 l\u00f8se situasjonen i Kommune-Norge. Det f\u00e5r Nationen&hellip;\n","protected":false},"author":2,"featured_media":130357,"comment_status":"","ping_status":"","sticky":false,"template":"","format":"standard","meta":{"footnotes":""},"categories":[5],"tags":[36,20,21,24,25,15,19,661,806,22,23,17,18,13,30,28,29,14,16,41,10902,1510,26,27],"class_list":{"0":"post-130356","1":"post","2":"type-post","3":"status-publish","4":"format-standard","5":"has-post-thumbnail","7":"category-overskrifter","8":"tag-art","9":"tag-breaking-news","10":"tag-breakingnews","11":"tag-featured-news","12":"tag-featurednews","13":"tag-headlines","14":"tag-hovedoppslag","15":"tag-kommune","16":"tag-kommuneokonomi","17":"tag-latest-news","18":"tag-latestnews","19":"tag-main-news","20":"tag-mainnews","21":"tag-news","22":"tag-no","23":"tag-norge","24":"tag-norway","25":"tag-nyheter","26":"tag-overskrifter","27":"tag-politikk","28":"tag-robek","29":"tag-story","30":"tag-top-stories","31":"tag-topstories"},"share_on_mastodon":{"url":"https:\/\/pubeurope.com\/@no\/115848924545852562","error":""},"_links":{"self":[{"href":"https:\/\/www.europesays.com\/no\/wp-json\/wp\/v2\/posts\/130356","targetHints":{"allow":["GET"]}}],"collection":[{"href":"https:\/\/www.europesays.com\/no\/wp-json\/wp\/v2\/posts"}],"about":[{"href":"https:\/\/www.europesays.com\/no\/wp-json\/wp\/v2\/types\/post"}],"author":[{"embeddable":true,"href":"https:\/\/www.europesays.com\/no\/wp-json\/wp\/v2\/users\/2"}],"replies":[{"embeddable":true,"href":"https:\/\/www.europesays.com\/no\/wp-json\/wp\/v2\/comments?post=130356"}],"version-history":[{"count":0,"href":"https:\/\/www.europesays.com\/no\/wp-json\/wp\/v2\/posts\/130356\/revisions"}],"wp:featuredmedia":[{"embeddable":true,"href":"https:\/\/www.europesays.com\/no\/wp-json\/wp\/v2\/media\/130357"}],"wp:attachment":[{"href":"https:\/\/www.europesays.com\/no\/wp-json\/wp\/v2\/media?parent=130356"}],"wp:term":[{"taxonomy":"category","embeddable":true,"href":"https:\/\/www.europesays.com\/no\/wp-json\/wp\/v2\/categories?post=130356"},{"taxonomy":"post_tag","embeddable":true,"href":"https:\/\/www.europesays.com\/no\/wp-json\/wp\/v2\/tags?post=130356"}],"curies":[{"name":"wp","href":"https:\/\/api.w.org\/{rel}","templated":true}]}}