{"id":130358,"date":"2026-01-06T15:46:07","date_gmt":"2026-01-06T15:46:07","guid":{"rendered":"https:\/\/www.europesays.com\/no\/130358\/"},"modified":"2026-01-06T15:46:07","modified_gmt":"2026-01-06T15:46:07","slug":"sjekk-ut-apningsfilmen-for-dragon-quest-vii-reimagined","status":"publish","type":"post","link":"https:\/\/www.europesays.com\/no\/130358\/","title":{"rendered":"Sjekk ut \u00e5pningsfilmen for Dragon Quest VII Reimagined"},"content":{"rendered":"<p>Om mindre enn en m\u00e5ned kommer den etterlengtede siste nyinnspillingen av Dragon Quest til PC og konsoller, da Dragon Quest VII Reimagined debuterer 5. februar. Med et 3D-design som g\u00e5r bort fra HD-2D-grafikken til de nylige nyinnspillingene av de tre f\u00f8rste spillene, hadde vi nylig en sjanse til \u00e5 spille \u00e5pningsdelen av spillet og <a href=\"https:\/\/www.gamereactor.no\/dragon-quest-vii-reimagined-forhandsvisning-hd-2d-er-i-bakgrunnen-i-denne-fantastiske-nyinnspillingen-1916333\/\" title=\"Dragon Quest VII Reimagined: HD-2D er i bakgrunnen i denne fantastiske nyinnspillingen\" rel=\"nofollow noopener\" target=\"_blank\">ble ganske imponert<\/a>.<\/p>\n<p>Snart kan du ogs\u00e5 f\u00e5 en tidlig forsmak p\u00e5 spillet, for fra 7. januar vil en demo bli gjort tilgjengelig der \u00e5pningsdelen av spillet vil v\u00e6re spillbar, med den ekstra bonusen at all fremgang du gj\u00f8r vil bli overf\u00f8rt til det fullstendige spillet hvis du bestemmer deg for \u00e5 sikre deg et eksemplar ved lansering.<\/p>\n<p>I den demo-versjonen vil du ogs\u00e5 f\u00e5 se den oppdaterte \u00e5pningsfilmen for spillet, og i den anledning har Square Enix bestemt seg for \u00e5 dele denne videoen med alle fans ved \u00e5 publisere den over hele verden. Du kan se videoen nedenfor for \u00e5 f\u00e5 en smakebit av hva det bredere eventyret vil tilby.<\/p>\n<p>Har du tenkt \u00e5 spille Dragon Quest VII Reimagined neste m\u00e5ned? Ikke glem at dette er 40-\u00e5rsjubileums\u00e5ret for serien, og skaperen <a href=\"https:\/\/www.gamereactor.no\/yuji-horii-erter-mange-kunngjoringer-for-a-feire-dragon-quests-40-arsjubileum-1949583\/\" target=\"_blank\" title=\"Yuji Horii avsl\u00f8rer &quot;mange kunngj\u00f8ringer&quot; for \u00e5 feire Dragon Quests 40-\u00e5rsjubileum\" rel=\"nofollow noopener\">Yuji Horii ser ut til \u00e5 ha mye planlagt<\/a>.<\/p>\n","protected":false},"excerpt":{"rendered":"Om mindre enn en m\u00e5ned kommer den etterlengtede siste nyinnspillingen av Dragon Quest til PC og konsoller, da&hellip;\n","protected":false},"author":2,"featured_media":130359,"comment_status":"","ping_status":"","sticky":false,"template":"","format":"standard","meta":{"footnotes":""},"categories":[57],"tags":[30,28,29,65,63,64,66,70,69,67,68],"class_list":{"0":"post-130358","1":"post","2":"type-post","3":"status-publish","4":"format-standard","5":"has-post-thumbnail","7":"category-vitenskap-og-teknologi","8":"tag-no","9":"tag-norge","10":"tag-norway","11":"tag-science","12":"tag-science-and-technology","13":"tag-scienceandtechnology","14":"tag-technology","15":"tag-teknologi","16":"tag-vitenskap","17":"tag-vitenskap-og-teknologi","18":"tag-vitenskapteknologi"},"share_on_mastodon":{"url":"https:\/\/pubeurope.com\/@no\/115848936632796985","error":""},"_links":{"self":[{"href":"https:\/\/www.europesays.com\/no\/wp-json\/wp\/v2\/posts\/130358","targetHints":{"allow":["GET"]}}],"collection":[{"href":"https:\/\/www.europesays.com\/no\/wp-json\/wp\/v2\/posts"}],"about":[{"href":"https:\/\/www.europesays.com\/no\/wp-json\/wp\/v2\/types\/post"}],"author":[{"embeddable":true,"href":"https:\/\/www.europesays.com\/no\/wp-json\/wp\/v2\/users\/2"}],"replies":[{"embeddable":true,"href":"https:\/\/www.europesays.com\/no\/wp-json\/wp\/v2\/comments?post=130358"}],"version-history":[{"count":0,"href":"https:\/\/www.europesays.com\/no\/wp-json\/wp\/v2\/posts\/130358\/revisions"}],"wp:featuredmedia":[{"embeddable":true,"href":"https:\/\/www.europesays.com\/no\/wp-json\/wp\/v2\/media\/130359"}],"wp:attachment":[{"href":"https:\/\/www.europesays.com\/no\/wp-json\/wp\/v2\/media?parent=130358"}],"wp:term":[{"taxonomy":"category","embeddable":true,"href":"https:\/\/www.europesays.com\/no\/wp-json\/wp\/v2\/categories?post=130358"},{"taxonomy":"post_tag","embeddable":true,"href":"https:\/\/www.europesays.com\/no\/wp-json\/wp\/v2\/tags?post=130358"}],"curies":[{"name":"wp","href":"https:\/\/api.w.org\/{rel}","templated":true}]}}