{"id":130368,"date":"2026-01-06T16:07:10","date_gmt":"2026-01-06T16:07:10","guid":{"rendered":"https:\/\/www.europesays.com\/no\/130368\/"},"modified":"2026-01-06T16:07:10","modified_gmt":"2026-01-06T16:07:10","slug":"har-han-avslort-seg","status":"publish","type":"post","link":"https:\/\/www.europesays.com\/no\/130368\/","title":{"rendered":"Har han avsl\u00f8rt seg?"},"content":{"rendered":"<p>Om under to uker lanseres artistene som skal kjempe om \u00e5 f\u00e5 representere Norge i Eurovision Song Contest.<\/p>\n<p>19. januar avsl\u00f8res ni av \u00e5rets ti Melodi Grand Prix-deltagere, mens den siste og tiende skal bestemmes av folket litt senere.<\/p>\n<p>    <a class=\"article__link\" data-ga-active-label=\"\" data-ga-active-label-animation=\"\" href=\"https:\/\/www.tv2.no\/underholdning\/mener-eurovisions-fremtid-henger-i-en-tynn-trad\/18376663\/\" rel=\"nofollow noopener\" target=\"_blank\"><\/p>\n<p>    <img class=\"image__img lazyload\" itemprop=\"image\" title=\"\" alt=\"\" width=\"978\" height=\"411\" bad-src=\"https:\/\/www.europesays.com\/no\/wp-content\/uploads\/2026\/01\/16285450.webp.jpeg\" fetchpriority=\"auto\" \/><\/p>\n<p>\n            Mener Eurovisions fremtid henger i en tynn tr\u00e5d\n        <\/p>\n<p>    <\/a><\/p>\n<p>Allerede n\u00e5 kan det se ut til at en av artistene er avsl\u00f8rt, og det av artisten selv.\u00a0<\/p>\n<p>Det er ikke hvem som helst i MGP- og ESC-universet det er snakk om heller.\u00a0<\/p>\n<p>Alexander Rybak, som har representert Norge to ganger og vunnet ESC,\u00a0ser tilsynelatende ut til \u00e5 v\u00e6re klar for \u00e5 gj\u00f8re comeback.<\/p>\n<p>For i et innlegg p\u00e5 <a href=\"https:\/\/www.instagram.com\/p\/DS795R9jKFg\/\" target=\"_blank\" rel=\"nofollow noopener\">Instagram<\/a> skriver artisten at han feirer det nye \u00e5ret med en nytt album.\u00a0<\/p>\n<p>Videre skriver Rybak f\u00f8lgende:<\/p>\n<p>\u00abGj\u00f8r dere klare for 2026 (kommer 19. januar)\u00bb.<\/p>\n<p>        <img class=\"image__img lazyload\" itemprop=\"image\" title=\"Foto: Skjermbilde \/ @rybakofficial \/ Instagram\" alt=\"NY MUSIKK: Alexander Rybak avsl\u00f8rer at det kommer ny musikk i 2026. Foto: Skjermbilde \/ @rybakofficial \/ Instagram\" width=\"675\" height=\"979\" bad-src=\"https:\/\/www.europesays.com\/no\/wp-content\/uploads\/2026\/01\/18437733.webp.jpeg\" fetchpriority=\"auto\" \/><\/p>\n<p>      NY MUSIKK: Alexander Rybak avsl\u00f8rer at det kommer ny musikk i 2026.<br \/>\n         Foto: Skjermbilde \/ @rybakofficial \/ Instagram<\/p>\n<p>Datoen Rybak sikter til, er tilfeldigvis samme dato som MGP-artistene lanseres.<\/p>\n<p>\u2013 Vi<br \/>\nkommenterer ikke artist-rykter f\u00f8r lansering, men det er helt tydelig at<br \/>\nrykteb\u00f8rsen allerede er godt i gang \u2013 og det synes jeg er kjempeg\u00f8y, sier musikkansvarlig i MGP, Tarjei Str\u00f8m, til TV 2, og fortsetter:<\/p>\n<p>\u2013 Vi har en helt nydelig miks av<br \/>\nartister vi har jobbet med i flere m\u00e5neder n\u00e5, og som vi er veldig stolte av.<br \/>\nDet er bare \u00e5 spekulere videre og virkelig begynne \u00e5 glede seg.<\/p>\n<p>TV 2 er kjent med at Rybaks navn skal ha blitt nevnt fra flere hold og ved flere anledninger i MGP-milj\u00f8et, uten at det bekrefter at han faktisk blir \u00e5 se p\u00e5 scenen i Lillehammer i slutten av februar.<\/p>\n<p>I \u00e5r arrangeres den omdiskuterte musikkonkurransen i OL-byen. Finalistene skal kjempe om seier i H\u00e5kons Hall l\u00f8rdag 28. februar.<\/p>\n<p>Vinneren f\u00e5r gullbilletten til Wien i \u00d8sterrike, hvor m\u00e5let er \u00e5 danke ut de 34 andre deltagende landene.\u00a0<\/p>\n<p class=\"italic m-italic\" data-lab-italic=\"italic\">TV 2 har s\u00e5 langt ikke lyktes \u00e5 f\u00e5 en kommentar fra Rybak selv.<\/p>\n<p><script async src=\"\/\/www.instagram.com\/embed.js\"><\/script><\/p>\n","protected":false},"excerpt":{"rendered":"Om under to uker lanseres artistene som skal kjempe om \u00e5 f\u00e5 representere Norge i Eurovision Song Contest.&hellip;\n","protected":false},"author":2,"featured_media":130369,"comment_status":"","ping_status":"","sticky":false,"template":"","format":"standard","meta":{"footnotes":""},"categories":[58],"tags":[71,30,28,29,72],"class_list":{"0":"post-130368","1":"post","2":"type-post","3":"status-publish","4":"format-standard","5":"has-post-thumbnail","7":"category-underholdning","8":"tag-entertainment","9":"tag-no","10":"tag-norge","11":"tag-norway","12":"tag-underholdning"},"share_on_mastodon":{"url":"https:\/\/pubeurope.com\/@no\/115849018920226269","error":""},"_links":{"self":[{"href":"https:\/\/www.europesays.com\/no\/wp-json\/wp\/v2\/posts\/130368","targetHints":{"allow":["GET"]}}],"collection":[{"href":"https:\/\/www.europesays.com\/no\/wp-json\/wp\/v2\/posts"}],"about":[{"href":"https:\/\/www.europesays.com\/no\/wp-json\/wp\/v2\/types\/post"}],"author":[{"embeddable":true,"href":"https:\/\/www.europesays.com\/no\/wp-json\/wp\/v2\/users\/2"}],"replies":[{"embeddable":true,"href":"https:\/\/www.europesays.com\/no\/wp-json\/wp\/v2\/comments?post=130368"}],"version-history":[{"count":0,"href":"https:\/\/www.europesays.com\/no\/wp-json\/wp\/v2\/posts\/130368\/revisions"}],"wp:featuredmedia":[{"embeddable":true,"href":"https:\/\/www.europesays.com\/no\/wp-json\/wp\/v2\/media\/130369"}],"wp:attachment":[{"href":"https:\/\/www.europesays.com\/no\/wp-json\/wp\/v2\/media?parent=130368"}],"wp:term":[{"taxonomy":"category","embeddable":true,"href":"https:\/\/www.europesays.com\/no\/wp-json\/wp\/v2\/categories?post=130368"},{"taxonomy":"post_tag","embeddable":true,"href":"https:\/\/www.europesays.com\/no\/wp-json\/wp\/v2\/tags?post=130368"}],"curies":[{"name":"wp","href":"https:\/\/api.w.org\/{rel}","templated":true}]}}