{"id":130370,"date":"2026-01-06T16:11:28","date_gmt":"2026-01-06T16:11:28","guid":{"rendered":"https:\/\/www.europesays.com\/no\/130370\/"},"modified":"2026-01-06T16:11:28","modified_gmt":"2026-01-06T16:11:28","slug":"morgenrapport-politiloggen-elgpakjorsel-og-ruskjoring","status":"publish","type":"post","link":"https:\/\/www.europesays.com\/no\/130370\/","title":{"rendered":"Morgenrapport, Politiloggen | Elgp\u00e5kj\u00f8rsel og ruskj\u00f8ring"},"content":{"rendered":"\n<p>En elg ble p\u00e5kj\u00f8rt p\u00e5 Salsnes i Namsos kommune like f\u00f8r klokka halv seks natt til tirsdag. Det skal ikke v\u00e6re snakk om fysisk personskade, men skade p\u00e5 b\u00e5de elg og bil.<\/p>\n<p>Politiet har varslet viltnemnda, som f\u00f8lger opp saken videre, opplyser politiets operasjonsleder Martin Hammervik Aarhoug.<\/p>\n<p>En mann i 50-\u00e5rene er mistenkt for ruskj\u00f8ring etter en kontroll i Stj\u00f8rdal sentrum like f\u00f8r klokka 6. Mannen ble tatt med til legevakt for blodpr\u00f8vetaking.<\/p>\n<p>Politiet fikk i l\u00f8pet av natta melding om en skadet elg, med brudd i foten, i Overhallsvegen \u2013 og et skadet reinsdyr i Helg\u00e5dalsvegen i Vuku. Her ble henholdsvis viltnemnda og reineier kontaktet.<\/p>\n<p>\u2013 Utover dette har det v\u00e6rt en sv\u00e6rt rolig natt for politiet i Tr\u00f8ndelag, oppsummerer operasjonslederen.<\/p>\n<p>Fortsatt bikkjekaldt<\/p>\n<p>Det er fortsatt veldig kaldt i Tr\u00f8ndelag. P\u00e5 Innherred vil det bli nok en dag med temperaturer mellom 15 og 20 minusgrader.<\/p>\n<p>Dette sier Yrs tekstvarsel:<\/p>\n<p>\u00abS\u00f8r\u00f8st bris, frisk bris utsatte steder, om kvelden liten kuling. Stort sett pent v\u00e6r. Om kvelden mer skyet og litt sn\u00f8 i grensetraktene i s\u00f8r.\u00bb<\/p>\n<p>P\u00e5 T-A.no<\/p>\n<p>Da Roar Steinkjer kom til hytta han holder p\u00e5 \u00e5 bygge mandag morgen, viste temperaturm\u00e5leren i bilen -30,5:<\/p>\n<p>  <a href=\"https:\/\/www.t-a.no\/5-116-2282291\" class=\"related-teaser has-image default-story-teaser article--c-eRUmMG article--c-eRUmMG-jKCPdD-design-default\" rel=\"nofollow noopener\" target=\"_blank\"><\/p>\n<p>    <img decoding=\"async\" loading=\"lazy\"  src=\"https:\/\/www.europesays.com\/no\/wp-content\/uploads\/2026\/01\/Resized_20260105_120039_1.JPG\" alt=\"\" class=\"brick-c-cFOWSL\" style=\"\"\/><\/p>\n<p>\n            Les ogs\u00e5<\/p>\n<p>              Kuldesjokk for hyttebygger: \u2013 Er heldigvis ferdig utvendig\n        <\/p>\n<p>  <\/a><\/p>\n<p>Vinne Barnehage setter standarden h\u00f8yt for barnehagene i regionen. Blant annet med nyansatt kokk \u2013 med fisk som spesialitet:<\/p>\n<p>  <a href=\"https:\/\/www.t-a.no\/5-116-2282325\" class=\"related-teaser has-image default-story-teaser article--c-eRUmMG article--c-eRUmMG-jKCPdD-design-default\" rel=\"nofollow noopener\" target=\"_blank\"><\/p>\n<p>    <img decoding=\"async\" loading=\"lazy\"  src=\"https:\/\/www.europesays.com\/no\/wp-content\/uploads\/2026\/01\/TJFhinderl%C3%B8ype.JPG\" alt=\"\" class=\"brick-c-cFOWSL\" style=\"\"\/><\/p>\n<p>\n            Les ogs\u00e5<\/p>\n<p>              Barnehage til 100 mill. \u2013 lokker med egen fiskekokk og minigymsal\n        <\/p>\n<p>  <\/a><\/p>\n<p>Fant nesten fem kilo amfetamin i skogsdepot. Mann i 30-\u00e5rene rakk bare \u00e5 selge en br\u00f8kdel:<\/p>\n<p>  <a href=\"https:\/\/www.t-a.no\/5-116-2282558\" class=\"related-teaser has-image default-story-teaser article--c-eRUmMG article--c-eRUmMG-jKCPdD-design-default\" rel=\"nofollow noopener\" target=\"_blank\"><\/p>\n<p>    <img decoding=\"async\" loading=\"lazy\"  src=\"https:\/\/www.europesays.com\/no\/wp-content\/uploads\/2025\/12\/Narkotika.jpg\" alt=\"\" class=\"brick-c-cFOWSL\" style=\"\"\/><\/p>\n<p>\n            Les ogs\u00e5<\/p>\n<p>              Tjente trekvart million p\u00e5 narkosalg \u2013 kobles til kriminelt nettverk\n        <\/p>\n<p>  <\/a><\/p>\n","protected":false},"excerpt":{"rendered":"En elg ble p\u00e5kj\u00f8rt p\u00e5 Salsnes i Namsos kommune like f\u00f8r klokka halv seks natt til tirsdag. Det&hellip;\n","protected":false},"author":2,"featured_media":3842,"comment_status":"","ping_status":"","sticky":false,"template":"","format":"standard","meta":{"footnotes":""},"categories":[10],"tags":[36,20,21,24,25,15,22,23,739,13,30,28,29,14,16,782,1510,26,27,224,941,553],"class_list":{"0":"post-130370","1":"post","2":"type-post","3":"status-publish","4":"format-standard","5":"has-post-thumbnail","7":"category-norge","8":"tag-art","9":"tag-breaking-news","10":"tag-breakingnews","11":"tag-featured-news","12":"tag-featurednews","13":"tag-headlines","14":"tag-latest-news","15":"tag-latestnews","16":"tag-morgenrapport","17":"tag-news","18":"tag-no","19":"tag-norge","20":"tag-norway","21":"tag-nyheter","22":"tag-overskrifter","23":"tag-politiloggen","24":"tag-story","25":"tag-top-stories","26":"tag-topstories","27":"tag-trafikk","28":"tag-ulykker-og-hendelser","29":"tag-vaer"},"share_on_mastodon":{"url":"https:\/\/pubeurope.com\/@no\/115849034645310843","error":""},"_links":{"self":[{"href":"https:\/\/www.europesays.com\/no\/wp-json\/wp\/v2\/posts\/130370","targetHints":{"allow":["GET"]}}],"collection":[{"href":"https:\/\/www.europesays.com\/no\/wp-json\/wp\/v2\/posts"}],"about":[{"href":"https:\/\/www.europesays.com\/no\/wp-json\/wp\/v2\/types\/post"}],"author":[{"embeddable":true,"href":"https:\/\/www.europesays.com\/no\/wp-json\/wp\/v2\/users\/2"}],"replies":[{"embeddable":true,"href":"https:\/\/www.europesays.com\/no\/wp-json\/wp\/v2\/comments?post=130370"}],"version-history":[{"count":0,"href":"https:\/\/www.europesays.com\/no\/wp-json\/wp\/v2\/posts\/130370\/revisions"}],"wp:featuredmedia":[{"embeddable":true,"href":"https:\/\/www.europesays.com\/no\/wp-json\/wp\/v2\/media\/3842"}],"wp:attachment":[{"href":"https:\/\/www.europesays.com\/no\/wp-json\/wp\/v2\/media?parent=130370"}],"wp:term":[{"taxonomy":"category","embeddable":true,"href":"https:\/\/www.europesays.com\/no\/wp-json\/wp\/v2\/categories?post=130370"},{"taxonomy":"post_tag","embeddable":true,"href":"https:\/\/www.europesays.com\/no\/wp-json\/wp\/v2\/tags?post=130370"}],"curies":[{"name":"wp","href":"https:\/\/api.w.org\/{rel}","templated":true}]}}