{"id":130379,"date":"2026-01-06T16:25:14","date_gmt":"2026-01-06T16:25:14","guid":{"rendered":"https:\/\/www.europesays.com\/no\/130379\/"},"modified":"2026-01-06T16:25:14","modified_gmt":"2026-01-06T16:25:14","slug":"gult-farevarsel-ising-gult-farevarsel-langs-kyst-og-fjord-stor-fare-for-glatte-dekk","status":"publish","type":"post","link":"https:\/\/www.europesays.com\/no\/130379\/","title":{"rendered":"Gult farevarsel, Ising | Gult farevarsel langs kyst og fjord: Stor fare for glatte dekk"},"content":{"rendered":"\n<p>Fra onsdag morgen er det sendt ut gult farevarsel for ising p\u00e5 b\u00e5ter.<\/p>\n<p>Det er Meteorologisk Institutt (MET) som melder at dette kan forekomme i utsatte kyst- og fjordstr\u00f8k i Nordland s\u00f8r for Vestfjorden. De b\u00f8r folk v\u00e6re forberedt.<\/p>\n<p>&laquo;Det ventes moderat isvekst p\u00e5 fronten\/styrhuset til b\u00e5ten. Det er mulighet for glatte dekk, gelender og stiger, og operasjoner utend\u00f8rs kan bli utfordrende. Fjern is fra b\u00e5ten eller flytt b\u00e5ten til et omr\u00e5de med mindre ising,&raquo; skriver MET.<\/p>\n<p>Det har v\u00e6rt kaldt i Nordland over flere dager, og det ser ut til \u00e5 holde seg stabilt slik i lang tid framover.<\/p>\n","protected":false},"excerpt":{"rendered":"Fra onsdag morgen er det sendt ut gult farevarsel for ising p\u00e5 b\u00e5ter. Det er Meteorologisk Institutt (MET)&hellip;\n","protected":false},"author":2,"featured_media":130380,"comment_status":"","ping_status":"","sticky":false,"template":"","format":"standard","meta":{"footnotes":""},"categories":[10],"tags":[36,20,21,24,25,2125,15,15151,22,23,1782,1781,13,30,28,29,14,16,1360,1783,1510,26,27,1784],"class_list":{"0":"post-130379","1":"post","2":"type-post","3":"status-publish","4":"format-standard","5":"has-post-thumbnail","7":"category-norge","8":"tag-art","9":"tag-breaking-news","10":"tag-breakingnews","11":"tag-featured-news","12":"tag-featurednews","13":"tag-gult-farevarsel","14":"tag-headlines","15":"tag-ising","16":"tag-latest-news","17":"tag-latestnews","18":"tag-luroy","19":"tag-nesna","20":"tag-news","21":"tag-no","22":"tag-norge","23":"tag-norway","24":"tag-nyheter","25":"tag-overskrifter","26":"tag-rana","27":"tag-rodoy","28":"tag-story","29":"tag-top-stories","30":"tag-topstories","31":"tag-traena"},"share_on_mastodon":{"url":"https:\/\/pubeurope.com\/@no\/115849089753987888","error":""},"_links":{"self":[{"href":"https:\/\/www.europesays.com\/no\/wp-json\/wp\/v2\/posts\/130379","targetHints":{"allow":["GET"]}}],"collection":[{"href":"https:\/\/www.europesays.com\/no\/wp-json\/wp\/v2\/posts"}],"about":[{"href":"https:\/\/www.europesays.com\/no\/wp-json\/wp\/v2\/types\/post"}],"author":[{"embeddable":true,"href":"https:\/\/www.europesays.com\/no\/wp-json\/wp\/v2\/users\/2"}],"replies":[{"embeddable":true,"href":"https:\/\/www.europesays.com\/no\/wp-json\/wp\/v2\/comments?post=130379"}],"version-history":[{"count":0,"href":"https:\/\/www.europesays.com\/no\/wp-json\/wp\/v2\/posts\/130379\/revisions"}],"wp:featuredmedia":[{"embeddable":true,"href":"https:\/\/www.europesays.com\/no\/wp-json\/wp\/v2\/media\/130380"}],"wp:attachment":[{"href":"https:\/\/www.europesays.com\/no\/wp-json\/wp\/v2\/media?parent=130379"}],"wp:term":[{"taxonomy":"category","embeddable":true,"href":"https:\/\/www.europesays.com\/no\/wp-json\/wp\/v2\/categories?post=130379"},{"taxonomy":"post_tag","embeddable":true,"href":"https:\/\/www.europesays.com\/no\/wp-json\/wp\/v2\/tags?post=130379"}],"curies":[{"name":"wp","href":"https:\/\/api.w.org\/{rel}","templated":true}]}}