{"id":130381,"date":"2026-01-06T16:26:08","date_gmt":"2026-01-06T16:26:08","guid":{"rendered":"https:\/\/www.europesays.com\/no\/130381\/"},"modified":"2026-01-06T16:26:08","modified_gmt":"2026-01-06T16:26:08","slug":"ol-stenshagen-fikk-drommebeskjeden-iversen-fortsatt-ikke-tatt-ut","status":"publish","type":"post","link":"https:\/\/www.europesays.com\/no\/130381\/","title":{"rendered":"OL: Stenshagen fikk dr\u00f8mmebeskjeden &#8211; Iversen fortsatt ikke tatt ut"},"content":{"rendered":"\n<p class=\"_paragraph_o9xde_4 _paragraph_xtcu6_10 layout-component text-serif-m layout-normal text-serif-m layout-padded\">Tour de Ski-toer <a href=\"https:\/\/www.vg.no\/tag\/mattis-stenshagen?utm_source=vg-article&amp;utm_medium=auto-tagger&amp;utm_campaign=GxGVam\" class=\"_link_o9xde_39\" rel=\"nofollow noopener\" target=\"_blank\">Mattis Stenshagen<\/a> er tatt ut til OL i Milano og Cortina d&#8217;Ampezzo.<\/p>\n<p class=\"_paragraph_o9xde_4 _paragraph_xtcu6_10 layout-component text-serif-m layout-normal text-serif-m layout-padded\">\u2013 En euforisk f\u00f8lelse, sier Stenshagen til VG. <\/p>\n<p class=\"_paragraph_o9xde_4 _paragraph_xtcu6_10 layout-component text-serif-m layout-normal text-serif-m layout-padded\">Samtidig f\u00f8ler han med Emil Iversen som ikke fikk samme beskjed, og m\u00e5 g\u00e5 NM f\u00f8r det siste OL-uttaket kommer. <\/p>\n<p class=\"_paragraph_o9xde_4 _paragraph_xtcu6_10 layout-component text-serif-m layout-normal text-serif-m layout-padded\">\u2013 Det er tungt \u00e5 f\u00e5 den beskjeden, sier Stenshagen. <\/p>\n<p class=\"_paragraph_o9xde_4 _paragraph_xtcu6_10 layout-component text-serif-m layout-normal text-serif-m layout-padded\"><strong class=\"_strong_o9xde_25\">Han forteller at de er blitt gode venner, og nyter \u00e5 dele suksessen de begge opplever denne sesongen. Han forst\u00e5r ikke hvorfor Iversen ikke fikk OL-billett n\u00e5.<\/strong><\/p>\n<p class=\"_paragraph_o9xde_4 _paragraph_xtcu6_10 layout-component text-serif-m layout-normal text-serif-m layout-padded\">\u2013 Jeg har sluttet \u00e5 bli overrasket over uttak. De trenger ikke gj\u00f8re det vanskeligere enn det det er. Emil er god nok for OL, sier Stenshagen. <\/p>\n<p class=\"_paragraph_o9xde_4 _paragraph_xtcu6_10 layout-component text-serif-m layout-normal text-serif-m layout-padded\">\u2013 Hva er forskjellen p\u00e5 \u00e5 starte OL-forberedelsene n\u00e5, og \u00e5 m\u00e5tte forberede seg til NM om halvannen uke?<\/p>\n<p class=\"_paragraph_o9xde_4 _paragraph_xtcu6_10 layout-component text-serif-m layout-normal text-serif-m layout-padded\">\u2013 Det kan v\u00e6re forskjellen p\u00e5 edelt metall eller ikke, svarer Stenshagen. <\/p>\n<p><img alt=\"TATT UT TIL OL: Mattis Stenshagen er klar for OL.  Foto: MAXIM THORE \/ Bildbyr\u00e5n\" class=\"_image_qp4xg_65 layout-component layout-normal\" data-fullscreen- data-track-element-type=\"Article image fullscreen\" data-track-name=\"ImageFullscreen\" decoding=\"async\" loading=\"lazy\" height=\"4000\" itemprop=\"image\"  src=\"https:\/\/www.europesays.com\/no\/wp-content\/uploads\/2026\/01\/effa2041-d049-47ad-b0ab-eeb465796860.png\"  style=\"object-position:0% 0%\" width=\"6000\"\/>TATT UT TIL OL: Mattis Stenshagen er klar for OL.  Foto: MAXIM THORE \/ Bildbyr\u00e5n<\/p>\n<p class=\"_paragraph_o9xde_4 _paragraph_xtcu6_10 layout-component text-serif-m layout-normal text-serif-m layout-padded\"><strong class=\"_strong_o9xde_25\">Han dropper NM. 29-\u00e5ringen trenger \u00e5 lande etter Tour de Ski for \u00e5 lade batteriene. Han er tilbake i verdenscupen i Goms med 20 kilometer fellesstart 25. januar. <\/strong><\/p>\n<p class=\"_paragraph_o9xde_4 _paragraph_xtcu6_10 layout-component text-serif-m layout-normal text-serif-m layout-padded\">Stenshagen har v\u00e6rt t\u00e5lmodig som f\u00e5, men nektet \u00e5 gi opp. N\u00e5 kom bel\u00f8nningen. I morgen (onsdag) legger han planen mot OL. Det kan bli et nytt h\u00f8ydeopphold. <\/p>\n<p class=\"_paragraph_o9xde_4 _paragraph_xtcu6_10 layout-component text-serif-m layout-normal text-serif-m layout-padded\">\u2013 Jeg er en rasjonell kar, men dette er emosjonelt. De fem-seks siste \u00e5rene har det v\u00e6rt mye dype daler. N\u00e5 er jeg mest stolt. Det er mange treningstimer, n\u00e5 gir de fem-seks siste \u00e5rene mening, sier Stenshagen. <\/p>\n<p class=\"_paragraph_o9xde_4 _paragraph_xtcu6_10 layout-component text-serif-m layout-normal text-serif-m layout-padded\"><strong class=\"_strong_o9xde_25\">Tidligere kvinnelandslagstrener og Emils pappa, Ole Morten Iversen, er overrasket og skuffet over at s\u00f8nnen ikke er tatt ut. <\/strong><\/p>\n<p class=\"_paragraph_o9xde_4 _paragraph_xtcu6_10 layout-component text-serif-m layout-normal text-serif-m layout-padded\">\u2013 Jeg tror det er tungt og t\u00f8ft \u00e5 g\u00e5 inn i en ny periode med usikkerhet, det stjeler energi. Det vil ligge og gnager i hodet at han g\u00e5r i uvisshet. Det blir ikke en optimal oppladning uansett om han gj\u00f8r det rette fysisk, sier Ole Morten Iversen til NRK tirsdag ettermiddag.<\/p>\n<p class=\"_paragraph_o9xde_4 _paragraph_xtcu6_10 layout-component text-serif-m layout-normal text-serif-m layout-padded\">Det var Olympiatoppen som meldte OL-uttaket i dag. <\/p>\n<p class=\"_paragraph_o9xde_4 _paragraph_xtcu6_10 layout-component text-serif-m layout-normal text-serif-m layout-padded\">\u2013 Det er sv\u00e6rt gledelig \u00e5 gi Mattis Stenshagen klarsignal til OL. Mattis har levert sterke prestasjoner over tid, v\u00e6rt t\u00e5lmodig og gjort en formidabel jobb for \u00e5 lykkes. Han imponerte med to seire i Tour de Ski og flere solide resultater denne sesongen, sier Per Elias Kalfoss, landslagssjef i langrenn.<\/p>\n<p class=\"_paragraph_o9xde_4 _paragraph_xtcu6_10 layout-component text-serif-m layout-normal text-serif-m layout-padded\">VG har spurt skiforbundet om Kalfoss kan gi en forklaring p\u00e5 hvorfor Emil Iversen ikke fikk OL-plass n\u00e5. Men de vil ikke svare og henviser til pressemeldingen hvor de skriver: \u00abVi skal ta ut det beste laget Norge kan stille med i OL. Det inneb\u00e6rer at vi m\u00e5 se p\u00e5 helheten og hvordan vi kan prestere s\u00e5 bra som mulig p\u00e5 alle distanser\u00bb, sier Kalfoss.<\/p>\n<p class=\"_paragraph_o9xde_4 _paragraph_xtcu6_10 layout-component text-serif-m layout-normal text-serif-m layout-padded\"><strong class=\"_strong_o9xde_25\">Ekspertenes OL-valg:<\/strong> <a href=\"https:\/\/www.vg.no\/sport\/i\/JOoaRj\/eks-landslagsloepernes-sundby-holund-og-toenseth-velger-sine-ol-lag-vraker-klaebo-valnes-og-nyenget-til-hver-sin-distanse\" data-track-element-type=\"Link\" data-track-id=\"link:JOoaRj\" class=\"_link_o9xde_39\" rel=\"nofollow noopener\" target=\"_blank\">Vil vrake Kl\u00e6bo<\/a><\/p>\n<p><img decoding=\"async\" alt=\"Bilde av Emil Iversen\" class=\"_image_ygndg_42\" height=\"27\" itemprop=\"image\" loading=\"lazy\"  src=\"https:\/\/www.europesays.com\/no\/wp-content\/uploads\/2026\/01\/4446bce9-b729-4d75-b83c-5735f9042a01.jpeg\"  width=\"40\"\/><strong class=\"_name_ygndg_51 title-serif-xs\">Emil Iversen<\/strong><\/p>\n<p class=\"_paragraph_o9xde_4 text-sans-m _description_ygndg_56\">Ikke OL-klar \u2013 forel\u00f8pig<\/p>\n<p class=\"_paragraph_o9xde_4 _paragraph_xtcu6_10 layout-component text-serif-m layout-normal text-serif-m layout-padded\">Ogs\u00e5 tidligere landslagstrener Trond Nystad til \u00e5 reagere p\u00e5 at Iversen ikke er med i uttaket som kom tirsdag. <\/p>\n<p class=\"_paragraph_o9xde_4 _paragraph_xtcu6_10 layout-component text-serif-m layout-normal text-serif-m layout-padded\">Han er sparringpartner for Iversen i treningsarbeidet.<\/p>\n<p class=\"_paragraph_o9xde_4 _paragraph_xtcu6_10 layout-component text-serif-m layout-normal text-serif-m layout-padded\">\u2014 Helt uforst\u00e5elig og meningsl\u00f8st.\u00a0 Vanskelig \u00e5 forst\u00e5 at de ikke kan velge han, skriver Nystad i en tekstmelding til VG.<\/p>\n<p><img decoding=\"async\" alt=\"Bilde av Trond Nystad\" class=\"_image_ygndg_42\" height=\"27\" itemprop=\"image\" loading=\"lazy\"  src=\"https:\/\/www.europesays.com\/no\/wp-content\/uploads\/2026\/01\/5d6f70ba-22c3-4d86-98d9-2bad9d69cbfa.png\"  width=\"40\"\/><strong class=\"_name_ygndg_51 title-serif-xs\">Trond Nystad<\/strong><\/p>\n<p class=\"_paragraph_o9xde_4 text-sans-m _description_ygndg_56\">Tidligere landslagstrener og Iversen-konsulent<\/p>\n<p class=\"_paragraph_o9xde_4 _paragraph_xtcu6_10 layout-component text-serif-m layout-normal text-serif-m layout-padded\">OL-plassene i langrenn ha v\u00e6rt et gjentagende diskusjonstema.<\/p>\n<p class=\"_paragraph_o9xde_4 _paragraph_xtcu6_10 layout-component text-serif-m layout-normal text-serif-m layout-padded\">Superstjernen og Tour de Ski-vinner Johannes H\u00f8sflot Kl\u00e6bo var ikke i tvil om at b\u00e5de Iversen og Stenshagen burde v\u00e6re \u00abklink\u00bb i en OL-tropp.<\/p>\n<p class=\"_paragraph_o9xde_4 _paragraph_xtcu6_10 layout-component text-serif-m layout-normal text-serif-m layout-padded\">\u2013 Det er vanskelig for dem \u00e5 levere bedre s\u00f8knader enn de har gjort. Begge har pallplasser, er gode i klassisk og sk\u00f8yting. Hva mer skal man forvente. Det er ikke mye annet de kunne gjort, sier han.<\/p>\n<p>F\u00f8lgende langrennsl\u00f8pere p\u00e5 herresiden er tatt ut<\/p>\n<ul class=\"_list_o9xde_3 _list_xtcu6_9 _list_16v91_9 _unordered_o9xde_106 layout-component text-serif-m layout-normal text-sans-m layout-padded\">\n<li class=\"_item_o9xde_30\">Johannes H\u00f8sflot Kl\u00e6bo<\/li>\n<li class=\"_item_o9xde_30\">Erik Valnes<\/li>\n<li class=\"_item_o9xde_30\">Einar Hedegart<\/li>\n<li class=\"_item_o9xde_30\">Martin L\u00f8wstr\u00f8m Nyenget<\/li>\n<li class=\"_item_o9xde_30\">Harald \u00d8stberg Amundsen<\/li>\n<li class=\"_item_o9xde_30\">Mattis Stenshagen<\/li>\n<\/ul>\n<p class=\"_paragraph_o9xde_4 _paragraph_xtcu6_10 _paragraph_16v91_10 layout-component text-serif-m layout-normal text-sans-m layout-padded\">Det er to ledige plasser i OL-troppen.<\/p>\n<p>Vis mer<\/p>\n<p class=\"_paragraph_o9xde_4 _paragraph_xtcu6_10 layout-component text-serif-m layout-normal text-serif-m layout-padded\">Forel\u00f8pig har Norges Skiforbund og Olympiatoppen alts\u00e5 bare h\u00f8rt p\u00e5 halvparten av det Kl\u00e6bo sa.<\/p>\n<p class=\"_paragraph_o9xde_4 _paragraph_xtcu6_10 layout-component text-serif-m layout-normal text-serif-m layout-padded\">Neste innstilling blir klar etter NM i Steinkjer. Det g\u00e5r 14.-18. januar.<\/p>\n<p class=\"_paragraph_o9xde_4 _paragraph_xtcu6_10 layout-component text-serif-m layout-normal text-serif-m layout-padded\">\u2013 Det er for sent \u00e5 f\u00e5 OL-beskjeden etter NM. Spesielt for oss som skal g\u00e5 distanserenn, p\u00e5pekte Emil Iversen etter Tour de Ski.<\/p>\n<p class=\"_paragraph_o9xde_4 _paragraph_xtcu6_10 layout-component text-serif-m layout-normal text-serif-m layout-padded\">Ogs\u00e5 Stenshagen har v\u00e6rt kritisk til hvordan prosessen rundt OL-uttaket har v\u00e6rt og at NM kunne brukes som en prestasjonsarena. <\/p>\n<p class=\"_paragraph_o9xde_4 _paragraph_xtcu6_10 layout-component text-serif-m layout-normal text-serif-m layout-padded\">\u2013 Hvert \u00e5r lager\u00a0de\u00a0en\u00a0sesonginformasjonsesonginformasjonSesonginformasjonen er et f\u00f8rende dokument for uttak i b\u00e5de verdenscup og til mesterskap, som er vedtatt av ledelsen i norsk langrenn.\u00a0som skal v\u00e6re et rammeverk, der det st\u00e5r at NM skal brukes i spesielle tvilstilfeller. Hvis formen jeg har vist den siste tiden er et spesielt tilfelle, s\u00e5 skj\u00f8nner jeg lite av det, sa Stenshagen f\u00f8r han ble tatt ut.<\/p>\n<p class=\"_paragraph_o9xde_4 _paragraph_xtcu6_10 layout-component text-serif-m layout-normal text-serif-m layout-padded\">I Tour de Ski vant ham to etapper og var blant annet <a href=\"https:\/\/www.vg.no\/sport\/i\/m0R2Vp\/klaebo-ble-historisk-tidenes-mestvinnende-i-tour-de-ski\" data-track-element-type=\"Link\" data-track-id=\"link:m0R2Vp\" class=\"_link_o9xde_39\" rel=\"nofollow noopener\" target=\"_blank\">suveren opp \u00abmonsterbakken\u00bb s\u00f8ndag.<\/a><\/p>\n<p class=\"_paragraph_o9xde_4 _paragraph_xtcu6_10 layout-component text-serif-m layout-normal text-serif-m layout-padded\">29-\u00e5ringen ble nummer to i Tour de Ski sammenlagt, 30 sekunder bak seirende Kl\u00e6bo.<\/p>\n<p class=\"_paragraph_o9xde_4 _paragraph_xtcu6_10 layout-component text-serif-m layout-normal text-serif-m layout-padded\"><strong class=\"_strong_o9xde_25\">Ogs\u00e5 Karoline Simpson-Larsen har f\u00e5tt klarsignal til OL. <\/strong><\/p>\n<p class=\"_paragraph_o9xde_4 _paragraph_xtcu6_10 layout-component text-serif-m layout-normal text-serif-m layout-padded\">\u2013 Det var en lettelse \u00e5 f\u00e5 denne beskjeden, sier Simpson-Larsen til VG etter at OL-plassen var en realitet.<\/p>\n<p class=\"_paragraph_o9xde_4 _paragraph_xtcu6_10 layout-component text-serif-m layout-normal text-serif-m layout-padded\">N\u00e5 gjenst\u00e5r det to OL-plasser for menn og fire plasser for kvinnene i langrenn.<\/p>\n<p>Forel\u00f8pig OL-uttak<\/p>\n<p class=\"_paragraph_o9xde_4 _paragraph_xtcu6_10 _paragraph_16v91_10 layout-component text-serif-m layout-normal text-sans-m layout-padded\"><strong class=\"_strong_o9xde_25\">Langrenn:<\/strong><\/p>\n<p class=\"_paragraph_o9xde_4 _paragraph_xtcu6_10 _paragraph_16v91_10 layout-component text-serif-m layout-normal text-sans-m layout-padded\">Harald \u00d8stberg Amundsen<\/p>\n<p class=\"_paragraph_o9xde_4 _paragraph_xtcu6_10 _paragraph_16v91_10 layout-component text-serif-m layout-normal text-sans-m layout-padded\">Einar Hedegart<\/p>\n<p class=\"_paragraph_o9xde_4 _paragraph_xtcu6_10 _paragraph_16v91_10 layout-component text-serif-m layout-normal text-sans-m layout-padded\">Johannes H\u00f8sflot Kl\u00e6bo<\/p>\n<p class=\"_paragraph_o9xde_4 _paragraph_xtcu6_10 _paragraph_16v91_10 layout-component text-serif-m layout-normal text-sans-m layout-padded\">Martin L\u00f8wstr\u00f8m Nyenget<\/p>\n<p class=\"_paragraph_o9xde_4 _paragraph_xtcu6_10 _paragraph_16v91_10 layout-component text-serif-m layout-normal text-sans-m layout-padded\">Erik Valnes<\/p>\n<p class=\"_paragraph_o9xde_4 _paragraph_xtcu6_10 _paragraph_16v91_10 layout-component text-serif-m layout-normal text-sans-m layout-padded\">Mattis Stenshagen<\/p>\n<p class=\"_paragraph_o9xde_4 _paragraph_xtcu6_10 _paragraph_16v91_10 layout-component text-serif-m layout-normal text-sans-m layout-padded\">Kristine Stav\u00e5s Skistad<\/p>\n<p class=\"_paragraph_o9xde_4 _paragraph_xtcu6_10 _paragraph_16v91_10 layout-component text-serif-m layout-normal text-sans-m layout-padded\">Astrid \u00d8yre Slind<\/p>\n<p class=\"_paragraph_o9xde_4 _paragraph_xtcu6_10 _paragraph_16v91_10 layout-component text-serif-m layout-normal text-sans-m layout-padded\">Heidi Weng<\/p>\n<p class=\"_paragraph_o9xde_4 _paragraph_xtcu6_10 _paragraph_16v91_10 layout-component text-serif-m layout-normal text-sans-m layout-padded\">Karoline Simpson-Larsen<\/p>\n<p class=\"_paragraph_o9xde_4 _paragraph_xtcu6_10 _paragraph_16v91_10 layout-component text-serif-m layout-normal text-sans-m layout-padded\"><strong class=\"_strong_o9xde_25\">Skiskyting:<\/strong><\/p>\n<p class=\"_paragraph_o9xde_4 _paragraph_xtcu6_10 _paragraph_16v91_10 layout-component text-serif-m layout-normal text-sans-m layout-padded\">Maren Hjelmeset Kirkeeide<\/p>\n<p class=\"_paragraph_o9xde_4 _paragraph_xtcu6_10 _paragraph_16v91_10 layout-component text-serif-m layout-normal text-sans-m layout-padded\">Karoline Offigstad Knotten<\/p>\n<p class=\"_paragraph_o9xde_4 _paragraph_xtcu6_10 _paragraph_16v91_10 layout-component text-serif-m layout-normal text-sans-m layout-padded\">Johan-Olav Sm\u00f8rdal Botn<\/p>\n<p class=\"_paragraph_o9xde_4 _paragraph_xtcu6_10 _paragraph_16v91_10 layout-component text-serif-m layout-normal text-sans-m layout-padded\">Vetle Sj\u00e5stad Christiansen<\/p>\n<p class=\"_paragraph_o9xde_4 _paragraph_xtcu6_10 _paragraph_16v91_10 layout-component text-serif-m layout-normal text-sans-m layout-padded\">Johannes Dale-Skjevdal<\/p>\n<p class=\"_paragraph_o9xde_4 _paragraph_xtcu6_10 _paragraph_16v91_10 layout-component text-serif-m layout-normal text-sans-m layout-padded\">Sturla Holm L\u00e6greid<\/p>\n<p class=\"_paragraph_o9xde_4 _paragraph_xtcu6_10 _paragraph_16v91_10 layout-component text-serif-m layout-normal text-sans-m layout-padded\"><strong class=\"_strong_o9xde_25\">Sk\u00f8yter:<\/strong><\/p>\n<p class=\"_paragraph_o9xde_4 _paragraph_xtcu6_10 _paragraph_16v91_10 layout-component text-serif-m layout-normal text-sans-m layout-padded\">Aurora Grinden L\u00f8v\u00e5s<\/p>\n<p class=\"_paragraph_o9xde_4 _paragraph_xtcu6_10 _paragraph_16v91_10 layout-component text-serif-m layout-normal text-sans-m layout-padded\">Sigurd Henriksen<\/p>\n<p class=\"_paragraph_o9xde_4 _paragraph_xtcu6_10 _paragraph_16v91_10 layout-component text-serif-m layout-normal text-sans-m layout-padded\">Didrik Eng Strand<\/p>\n<p class=\"_paragraph_o9xde_4 _paragraph_xtcu6_10 _paragraph_16v91_10 layout-component text-serif-m layout-normal text-sans-m layout-padded\"><strong class=\"_strong_o9xde_25\">Freeski:<\/strong><\/p>\n<p class=\"_paragraph_o9xde_4 _paragraph_xtcu6_10 _paragraph_16v91_10 layout-component text-serif-m layout-normal text-sans-m layout-padded\">Birk Ruud<\/p>\n<p class=\"_paragraph_o9xde_4 _paragraph_xtcu6_10 _paragraph_16v91_10 layout-component text-serif-m layout-normal text-sans-m layout-padded\">Tormod Frostad<\/p>\n<p class=\"_paragraph_o9xde_4 _paragraph_xtcu6_10 _paragraph_16v91_10 layout-component text-serif-m layout-normal text-sans-m layout-padded\"><strong class=\"_strong_o9xde_25\">Curling (mixed):<\/strong><\/p>\n<p class=\"_paragraph_o9xde_4 _paragraph_xtcu6_10 _paragraph_16v91_10 layout-component text-serif-m layout-normal text-sans-m layout-padded\">Magnus Nedregotten<\/p>\n<p class=\"_paragraph_o9xde_4 _paragraph_xtcu6_10 _paragraph_16v91_10 layout-component text-serif-m layout-normal text-sans-m layout-padded\">Kristin Moen Skaslien<\/p>\n<p class=\"_paragraph_o9xde_4 _paragraph_xtcu6_10 _paragraph_16v91_10 layout-component text-serif-m layout-normal text-sans-m layout-padded\"><strong class=\"_strong_o9xde_25\">Sk\u00f8yter:<\/strong><\/p>\n<p class=\"_paragraph_o9xde_4 _paragraph_xtcu6_10 _paragraph_16v91_10 layout-component text-serif-m layout-normal text-sans-m layout-padded\">Ragne Wiklund<\/p>\n<p class=\"_paragraph_o9xde_4 _paragraph_xtcu6_10 _paragraph_16v91_10 layout-component text-serif-m layout-normal text-sans-m layout-padded\">Sander Eitrem<\/p>\n<p class=\"_paragraph_o9xde_4 _paragraph_xtcu6_10 _paragraph_16v91_10 layout-component text-serif-m layout-normal text-sans-m layout-padded\">Peder Kongshaug<\/p>\n<p class=\"_paragraph_o9xde_4 _paragraph_xtcu6_10 _paragraph_16v91_10 layout-component text-serif-m layout-normal text-sans-m layout-padded\">Bj\u00f8rn Magnussen<\/p>\n<p>Vis mer<\/p>\n<p class=\"_paragraph_o9xde_4 _paragraph_xtcu6_10 layout-component text-serif-m layout-normal layout-padded\"><strong class=\"_strong_o9xde_25\">Les ogs\u00e5:<\/strong> <a href=\"https:\/\/www.vg.no\/i\/GyoXol\" data-track-element-type=\"Link\" data-track-id=\"link:GyoXol\" class=\"_link_o9xde_39\" rel=\"nofollow noopener\" target=\"_blank\">Sendeskjema for vintersport: Dette skjer uke for uke <\/a><\/p>\n","protected":false},"excerpt":{"rendered":"Tour de Ski-toer Mattis Stenshagen er tatt ut til OL i Milano og Cortina d&#8217;Ampezzo. \u2013 En euforisk&hellip;\n","protected":false},"author":2,"featured_media":130382,"comment_status":"","ping_status":"","sticky":false,"template":"","format":"standard","meta":{"footnotes":""},"categories":[5],"tags":[20,21,3647,24,25,15,19,15013,398,22,23,17,18,14674,13,30,28,29,14,16,26,27,3428],"class_list":{"0":"post-130381","1":"post","2":"type-post","3":"status-publish","4":"format-standard","5":"has-post-thumbnail","7":"category-overskrifter","8":"tag-breaking-news","9":"tag-breakingnews","10":"tag-emil-iversen","11":"tag-featured-news","12":"tag-featurednews","13":"tag-headlines","14":"tag-hovedoppslag","15":"tag-karoline-simpson-larsen","16":"tag-langrenn","17":"tag-latest-news","18":"tag-latestnews","19":"tag-main-news","20":"tag-mainnews","21":"tag-mattis-stenshagen","22":"tag-news","23":"tag-no","24":"tag-norge","25":"tag-norway","26":"tag-nyheter","27":"tag-overskrifter","28":"tag-top-stories","29":"tag-topstories","30":"tag-vinter-ol"},"share_on_mastodon":{"url":"https:\/\/pubeurope.com\/@no\/115849093740009163","error":""},"_links":{"self":[{"href":"https:\/\/www.europesays.com\/no\/wp-json\/wp\/v2\/posts\/130381","targetHints":{"allow":["GET"]}}],"collection":[{"href":"https:\/\/www.europesays.com\/no\/wp-json\/wp\/v2\/posts"}],"about":[{"href":"https:\/\/www.europesays.com\/no\/wp-json\/wp\/v2\/types\/post"}],"author":[{"embeddable":true,"href":"https:\/\/www.europesays.com\/no\/wp-json\/wp\/v2\/users\/2"}],"replies":[{"embeddable":true,"href":"https:\/\/www.europesays.com\/no\/wp-json\/wp\/v2\/comments?post=130381"}],"version-history":[{"count":0,"href":"https:\/\/www.europesays.com\/no\/wp-json\/wp\/v2\/posts\/130381\/revisions"}],"wp:featuredmedia":[{"embeddable":true,"href":"https:\/\/www.europesays.com\/no\/wp-json\/wp\/v2\/media\/130382"}],"wp:attachment":[{"href":"https:\/\/www.europesays.com\/no\/wp-json\/wp\/v2\/media?parent=130381"}],"wp:term":[{"taxonomy":"category","embeddable":true,"href":"https:\/\/www.europesays.com\/no\/wp-json\/wp\/v2\/categories?post=130381"},{"taxonomy":"post_tag","embeddable":true,"href":"https:\/\/www.europesays.com\/no\/wp-json\/wp\/v2\/tags?post=130381"}],"curies":[{"name":"wp","href":"https:\/\/api.w.org\/{rel}","templated":true}]}}