{"id":130389,"date":"2026-01-06T16:40:09","date_gmt":"2026-01-06T16:40:09","guid":{"rendered":"https:\/\/www.europesays.com\/no\/130389\/"},"modified":"2026-01-06T16:40:09","modified_gmt":"2026-01-06T16:40:09","slug":"nyhet-kuldebolge-ovner-og-ved-rives-vekk","status":"publish","type":"post","link":"https:\/\/www.europesays.com\/no\/130389\/","title":{"rendered":"Nyhet, Kuldeb\u00f8lge | Ovner og ved rives vekk"},"content":{"rendered":"\n<p>\u2013 Vi er nesten tom for ovner, og isbrodder. Det er de to tingene det g\u00e5r mest av i kulden, sier Bj\u00f8rn Faleide.<\/p>\n<p>Vi st\u00e5r ved noen nesten tomme hyller i Clas Ohlson-butikken p\u00e5 Galleriet. Og pallene p\u00e5 golvet, som for f\u00e5 dager siden var stablet med ovner, er ogs\u00e5 borte.<\/p>\n<p>\u2013 Det har v\u00e6rt et voldsomt tr\u00f8kk. Vi har selvsagt bestilt mer, men jeg skal ikke st\u00e5 i BA og love at de er her for eksempel fredag. Da kan jeg fort bli halshugget av kunder om de ikke kommer, ler han.<\/p>\n<p>Kalde trehus og hybler<\/p>\n<p>Sprengkulden har sendt ulike typer mennesker p\u00e5 jakt etter mer varme.<\/p>\n<p>\u2013 Det er en del sentrumsboere som har funnet ut at de m\u00e5 varme flere rom i de gamle trehusene sine n\u00e5 i kuldeperioden. Og s\u00e5 har du selvsagt studenter som har kommet tilbake fra juleferie til en altfor kald hybel, sier Faleide.<\/p>\n<p>\u2013 Det trenger for s\u00e5 vidt ikke v\u00e6re minus ti for at folk skal ha ovn, det er nok at temperaturen smyger seg under null. Men n\u00e5r det blir skikkelig kaldt, som n\u00e5, er det selvsagt ekstra p\u00e5gang. N\u00e5 har ettersp\u00f8rselen v\u00e6rt ekstrem, sier han.<\/p>\n<p>Frittst\u00e5ende popul\u00e6rt<\/p>\n<p>\u2013 Her har folk tatt utstillingsmodeller og alt de kan f\u00e5 tak i, sier Mariann Str\u00f8mmen. Hun er avdelingsleder ved Elkj\u00f8p Xibition.<\/p>\n<p>   <img decoding=\"async\" width=\"8256\" height=\"5504\" fetchpriority=\"low\"  loading=\"lazy\"  src=\"https:\/\/www.europesays.com\/no\/wp-content\/uploads\/2026\/01\/1630.jpg\" alt=\"Varmeovner g\u00e5r som varmt hvetebr\u00f8d Mariann Str\u00f8mmen, avdelingsleder Elkj\u00f8p Xibition.\" class=\"brick-c-cFOWSL\" style=\"--brick-image-ratio: 8256 \/ 5504;\"\/><\/p>\n<p>      Mariann Str\u00f8mmen, avdelingsleder ved Elkj\u00f8p Xibition, kom til skrapte hyller tirsdag morgen.<br \/>\n      Foto: Emil Weatherhead Breistein\n    <\/p>\n<p>\u2013 Det var temmelig skrapt i hyllene da jeg kom her i morges. Vi har f\u00e5tt inn litt, og venter p\u00e5 mer. Men det er ikke lett \u00e5 ta h\u00f8yde for disse kuldeperiodene, i hvert fall ikke med verdens minste lager, ler hun.<\/p>\n<p>\u2013 Det mest popul\u00e6re er frittst\u00e5ende ovner. Mange vil ha noe i tillegg til panelovner n\u00e5r det blir s\u00e5 kaldt som n\u00e5, forklarer hun.<\/p>\n<p>3500 sekker bl\u00e5st bort<\/p>\n<p>N\u00e5 er det ikke bare str\u00f8m det fyres med i kulden. Ved er utsolgt mange plasser, og ved Obs Bygg Kokstad solgte de unna 3500 sekker ved fra mandag kveld til tirsdag ettermiddag.<\/p>\n<p>   <img decoding=\"async\" width=\"720\" height=\"540\" fetchpriority=\"low\"  loading=\"lazy\"  src=\"https:\/\/www.europesays.com\/no\/wp-content\/uploads\/2026\/01\/Ved.jpg\" alt=\"\" class=\"brick-c-cFOWSL\" style=\"--brick-image-ratio: 720 \/ 540;\"\/><\/p>\n<p>      Det var tomt for det meste av ved hos Obs Bygg Kokstad midt p\u00e5 dagen i g\u00e5r.<br \/>\n      Foto: Harald Vik\u00f8yr\n    <\/p>\n<p>\u2013 Det er vel \u00e9n pall igjen her, s\u00e5 det aller meste har r\u00f8ket ut, sier salgsleder Trond Stenfeldt.<\/p>\n<p>\u2013 Vi har forh\u00e5pentligvis en lastebil p\u00e5 vei inn n\u00e5 i dag, Vi har fortl\u00f8pende dialog med v\u00e5re leverand\u00f8rer, men det er vanskelig \u00e5 gardere seg mot slike sprengkulde-perioder som vi har n\u00e5, sier han.<\/p>\n","protected":false},"excerpt":{"rendered":"\u2013 Vi er nesten tom for ovner, og isbrodder. Det er de to tingene det g\u00e5r mest av&hellip;\n","protected":false},"author":2,"featured_media":130390,"comment_status":"","ping_status":"","sticky":false,"template":"","format":"standard","meta":{"footnotes":""},"categories":[10],"tags":[36,20,21,24,25,15,15152,22,23,15153,13,30,28,29,447,14,16,1510,26,27,2598],"class_list":{"0":"post-130389","1":"post","2":"type-post","3":"status-publish","4":"format-standard","5":"has-post-thumbnail","7":"category-norge","8":"tag-art","9":"tag-breaking-news","10":"tag-breakingnews","11":"tag-featured-news","12":"tag-featurednews","13":"tag-headlines","14":"tag-kuldebolge","15":"tag-latest-news","16":"tag-latestnews","17":"tag-minus","18":"tag-news","19":"tag-no","20":"tag-norge","21":"tag-norway","22":"tag-nyhet","23":"tag-nyheter","24":"tag-overskrifter","25":"tag-story","26":"tag-top-stories","27":"tag-topstories","28":"tag-ved"},"share_on_mastodon":{"url":"https:\/\/pubeurope.com\/@no\/115849148794718049","error":""},"_links":{"self":[{"href":"https:\/\/www.europesays.com\/no\/wp-json\/wp\/v2\/posts\/130389","targetHints":{"allow":["GET"]}}],"collection":[{"href":"https:\/\/www.europesays.com\/no\/wp-json\/wp\/v2\/posts"}],"about":[{"href":"https:\/\/www.europesays.com\/no\/wp-json\/wp\/v2\/types\/post"}],"author":[{"embeddable":true,"href":"https:\/\/www.europesays.com\/no\/wp-json\/wp\/v2\/users\/2"}],"replies":[{"embeddable":true,"href":"https:\/\/www.europesays.com\/no\/wp-json\/wp\/v2\/comments?post=130389"}],"version-history":[{"count":0,"href":"https:\/\/www.europesays.com\/no\/wp-json\/wp\/v2\/posts\/130389\/revisions"}],"wp:featuredmedia":[{"embeddable":true,"href":"https:\/\/www.europesays.com\/no\/wp-json\/wp\/v2\/media\/130390"}],"wp:attachment":[{"href":"https:\/\/www.europesays.com\/no\/wp-json\/wp\/v2\/media?parent=130389"}],"wp:term":[{"taxonomy":"category","embeddable":true,"href":"https:\/\/www.europesays.com\/no\/wp-json\/wp\/v2\/categories?post=130389"},{"taxonomy":"post_tag","embeddable":true,"href":"https:\/\/www.europesays.com\/no\/wp-json\/wp\/v2\/tags?post=130389"}],"curies":[{"name":"wp","href":"https:\/\/api.w.org\/{rel}","templated":true}]}}