{"id":130391,"date":"2026-01-06T16:41:09","date_gmt":"2026-01-06T16:41:09","guid":{"rendered":"https:\/\/www.europesays.com\/no\/130391\/"},"modified":"2026-01-06T16:41:09","modified_gmt":"2026-01-06T16:41:09","slug":"dag-eilev-fagermo-moter-ikke-pa-jobb-likevel","status":"publish","type":"post","link":"https:\/\/www.europesays.com\/no\/130391\/","title":{"rendered":"Dag-Eilev Fagermo m\u00f8ter ikke p\u00e5 jobb likevel"},"content":{"rendered":"\n<p class=\"_lead_o9xde_2 _lead_xtcu6_50 layout-component text-serif-m layout-normal text-serif-l layout-component layout-wide layout-padded _wide_17hqh_1 layout-padded\">Str\u00f8msgodset-trener Dag-Eilev Fagermo (58) m\u00f8ter likevel ikke p\u00e5 jobb denne uken.<\/p>\n<p><img alt=\" Foto: Ole Martin Wold \/ NTB\" class=\"_image_qp4xg_65 layout-component layout-wide\" data-fullscreen- data-track-element-type=\"Article image fullscreen\" data-track-name=\"ImageFullscreen\" fetchpriority=\"high\" decoding=\"sync\" loading=\"eager\" height=\"4000\" itemprop=\"image\"  src=\"https:\/\/www.europesays.com\/no\/wp-content\/uploads\/2026\/01\/2156e141-f08f-423c-b56e-04849597c415.jpeg\"  style=\"object-position:0% 0%\" width=\"6000\"\/> Foto: Ole Martin Wold \/ NTB<\/p>\n<ul aria-hidden=\"true\" class=\"_images_ntbth_112\">\n<li><a class=\"_link_ntbth_117\" href=\"https:\/\/www.vg.no\/forfatter\/anders-k-christiansen\" style=\"z-index:1\" title=\"Anders K. Christiansen\" rel=\"nofollow noopener\" target=\"_blank\"><img alt=\"Bilde av Anders K. Christiansen\" class=\"_image_ntbth_93\" fetchpriority=\"low\" loading=\"lazy\" decoding=\"async\" itemprop=\"image\"  src=\"https:\/\/www.europesays.com\/no\/wp-content\/uploads\/2026\/01\/1e24f0d3-a31a-453a-9ee3-069339de2f03.jpeg\"  width=\"480\"\/><\/a><\/li>\n<\/ul>\n<p> Oppdatert tirsdag 6. januar kl. 17:37    <\/p>\n<ul class=\"_list_o9xde_3 _list_64s2r_85 _unordered_o9xde_106 text-sans-m\">\n<li class=\"_item_o9xde_30\">Str\u00f8msgodset-trener Dag-Eilev Fagermo m\u00f8ter likevel ikke p\u00e5 jobb denne uken, if\u00f8lge Drammens Tidende.<\/li>\n<li class=\"_item_o9xde_30\">Etter det VG forst\u00e5r er Str\u00f8msgodset interessert i \u00e5 bli kvitt Fagermo etter h\u00f8stens nedrykk til Obos-ligaen. <\/li>\n<li class=\"_item_o9xde_30\">Magne Hoseth er ansatt som ny assistenttrener.<\/li>\n<\/ul>\n<p>Vis mer <\/p>\n<p class=\"_paragraph_o9xde_4 _paragraph_xtcu6_10 layout-component text-serif-m layout-normal text-serif-m layout-padded\">Det melder Drammens Tidende tirsdag ettermiddag.<\/p>\n<p class=\"_paragraph_o9xde_4 _paragraph_xtcu6_10 layout-component text-serif-m layout-normal text-serif-m layout-padded\"><a href=\"https:\/\/www.vg.no\/tag\/dag-eilev-fagermo-2?utm_source=vg-article&amp;utm_medium=auto-tagger&amp;utm_campaign=OkpMlA\" class=\"_link_o9xde_39\" rel=\"nofollow noopener\" target=\"_blank\">Dag-Eilev Fagermo<\/a> har den siste tiden v\u00e6rt sykmeldt fra jobben som hovedtrener i Str\u00f8msgodset. Men i g\u00e5r kom meldingen om at 58-\u00e5ringen er klar for \u00e5 returnere til jobb.<\/p>\n<p class=\"_paragraph_o9xde_4 _paragraph_xtcu6_10 layout-component text-serif-m layout-normal text-serif-m layout-padded\">Det skjedde samtidig som det p\u00e5g\u00e5r en <a href=\"https:\/\/www.vg.no\/sport\/i\/bOKEkv\/stroemsgodset-bekrefter-varsler-mot-dag-eilev-fagermo\" data-track-element-type=\"Link\" data-track-id=\"link:bOKEkv\" class=\"_link_o9xde_39\" rel=\"nofollow noopener\" target=\"_blank\">varslingssak<\/a> mot den rutinerte treneren. Varslene handler om Fagermos adferd.<\/p>\n<p class=\"_paragraph_o9xde_4 _paragraph_xtcu6_10 layout-component text-serif-m layout-normal text-serif-m layout-padded\"><strong class=\"_strong_o9xde_25\">Etter det VG forst\u00e5r er Str\u00f8msgodset interessert i \u00e5 bli kvitt Fagermo etter h\u00f8stens nedrykk til Obos-ligaen. <\/strong><\/p>\n<p class=\"_paragraph_o9xde_4 _paragraph_xtcu6_10 layout-component text-serif-m layout-normal text-serif-m layout-padded\">Tirsdag kom <a href=\"https:\/\/www.vg.no\/sport\/i\/6qjGQr\/magne-hoseth-ansatt-som-assistent-i-stroemsgodset\" data-track-element-type=\"Link\" data-track-id=\"link:6qjGQr\" class=\"_link_o9xde_39\" rel=\"nofollow noopener\" target=\"_blank\">bekreftelsen<\/a> p\u00e5 at Magne Hoseth er Str\u00f8msgodsets nye assistenttrener sammen med Jimmy Brinksby.<\/p>\n<p class=\"_paragraph_o9xde_4 _paragraph_xtcu6_10 layout-component text-serif-m layout-normal text-serif-m layout-padded\"><strong class=\"_strong_o9xde_25\">Og  if\u00f8lge <a href=\"https:\/\/www.dt.no\/snur-moter-ikke-pa-jobb-i-drammen\/s\/5-57-2767859\" class=\"_link_o9xde_39\" rel=\"nofollow noopener\" target=\"_blank\">DT.no,<\/a> s\u00e5 er det tirsdag ettermiddag enighet om at Dag-Eilev Fagermo ikke m\u00f8ter p\u00e5 jobb de n\u00e6rmeste dagene, selv om han er friskmeldt.<\/strong><\/p>\n<p class=\"_paragraph_o9xde_4 _paragraph_xtcu6_10 layout-component text-serif-m layout-normal text-serif-m layout-padded\">Det skjer samtidig som det skal v\u00e6re avtalt m\u00f8ter mellom trener og klubb p\u00e5 et senere tidspunkt.<\/p>\n<p class=\"_paragraph_o9xde_4 _paragraph_xtcu6_10 layout-component text-serif-m layout-normal text-serif-m layout-padded\">VG er ikke kjent med detaljene rundt disse samtalene. Samtalene handler imidlertid etter alle solemerker om Fagermos adferd og fremtid i Str\u00f8msgodset.<\/p>\n<p class=\"_paragraph_o9xde_4 _paragraph_xtcu6_10 layout-component text-serif-m layout-normal text-serif-m layout-padded\">Dag-Eilev Fagermo tok over som hovedtrener i sommer, men klarte ikke \u00e5 redde klubben fra nedrykk til Obosligaen.<\/p>\n<p class=\"_paragraph_o9xde_4 _paragraph_xtcu6_10 layout-component text-serif-m layout-normal text-serif-m layout-padded\">Etter nedrykket ble Fagermo sykmeldt, samtidig som Str\u00f8msgodset har\u00a0<a href=\"https:\/\/www.vg.no\/sport\/i\/BxJ8bE\/opplysninger-til-vg-stroemsgodset-oensker-aa-kvitte-seg-med-dag-eilev-fagermo\" data-track-element-type=\"Link\" data-track-id=\"link:BxJ8bE\" class=\"_link_o9xde_39\" rel=\"nofollow noopener\" target=\"_blank\">\u00f8nsket \u00e5 kvitte seg med treneren<\/a>\u00a0som har signert en avtale ut 2027.<\/p>\n<p class=\"_paragraph_o9xde_4 _paragraph_xtcu6_10 layout-component text-serif-m layout-normal text-serif-m layout-padded\">I midten av desember kom Str\u00f8msgodset med en pressemelding der de skrev at de hadde mottatt flere varsler mot treneren som\u00a0<a href=\"https:\/\/www.vg.no\/sport\/i\/bOKEkv\/stroemsgodset-bekrefter-varsler-mot-dag-eilev-fagermo\" data-track-element-type=\"Link\" data-track-id=\"link:bOKEkv\" class=\"_link_o9xde_39\" rel=\"nofollow noopener\" target=\"_blank\">gikk p\u00e5 Fagermos adferd<\/a>.<\/p>\n<p class=\"_paragraph_o9xde_4 _paragraph_xtcu6_10 layout-component text-serif-m layout-normal text-serif-m layout-padded\">Fagermos advokat mente Godset truet med \u00abskittkasting\u00bb hvis ikke Godset-treneren gikk med p\u00e5 \u00e5 avslutte arbeidsforholdet, fortalte advokaten til\u00a0<a href=\"https:\/\/www.vg.no\/sport\/i\/k0a2v6\/fagermo-advokat-hevder-stroemsgodset-truet-med-skitkasting\" data-track-element-type=\"Link\" data-track-id=\"link:k0a2v6\" class=\"_link_o9xde_39\" rel=\"nofollow noopener\" target=\"_blank\">VG<\/a>\u00a0like f\u00f8r jul.<\/p>\n","protected":false},"excerpt":{"rendered":"Str\u00f8msgodset-trener Dag-Eilev Fagermo (58) m\u00f8ter likevel ikke p\u00e5 jobb denne uken. Foto: Ole Martin Wold \/ NTB Oppdatert&hellip;\n","protected":false},"author":2,"featured_media":130392,"comment_status":"","ping_status":"","sticky":false,"template":"","format":"standard","meta":{"footnotes":""},"categories":[5],"tags":[20,21,6935,134,24,25,15,19,22,23,17,18,13,30,28,2466,29,14,16,1942,26,27],"class_list":{"0":"post-130391","1":"post","2":"type-post","3":"status-publish","4":"format-standard","5":"has-post-thumbnail","7":"category-overskrifter","8":"tag-breaking-news","9":"tag-breakingnews","10":"tag-dag-eilev-fagermo","11":"tag-eliteserien","12":"tag-featured-news","13":"tag-featurednews","14":"tag-headlines","15":"tag-hovedoppslag","16":"tag-latest-news","17":"tag-latestnews","18":"tag-main-news","19":"tag-mainnews","20":"tag-news","21":"tag-no","22":"tag-norge","23":"tag-norsk-fotball","24":"tag-norway","25":"tag-nyheter","26":"tag-overskrifter","27":"tag-stromsgodset-if","28":"tag-top-stories","29":"tag-topstories"},"share_on_mastodon":{"url":"https:\/\/pubeurope.com\/@no\/115849152737590753","error":""},"_links":{"self":[{"href":"https:\/\/www.europesays.com\/no\/wp-json\/wp\/v2\/posts\/130391","targetHints":{"allow":["GET"]}}],"collection":[{"href":"https:\/\/www.europesays.com\/no\/wp-json\/wp\/v2\/posts"}],"about":[{"href":"https:\/\/www.europesays.com\/no\/wp-json\/wp\/v2\/types\/post"}],"author":[{"embeddable":true,"href":"https:\/\/www.europesays.com\/no\/wp-json\/wp\/v2\/users\/2"}],"replies":[{"embeddable":true,"href":"https:\/\/www.europesays.com\/no\/wp-json\/wp\/v2\/comments?post=130391"}],"version-history":[{"count":0,"href":"https:\/\/www.europesays.com\/no\/wp-json\/wp\/v2\/posts\/130391\/revisions"}],"wp:featuredmedia":[{"embeddable":true,"href":"https:\/\/www.europesays.com\/no\/wp-json\/wp\/v2\/media\/130392"}],"wp:attachment":[{"href":"https:\/\/www.europesays.com\/no\/wp-json\/wp\/v2\/media?parent=130391"}],"wp:term":[{"taxonomy":"category","embeddable":true,"href":"https:\/\/www.europesays.com\/no\/wp-json\/wp\/v2\/categories?post=130391"},{"taxonomy":"post_tag","embeddable":true,"href":"https:\/\/www.europesays.com\/no\/wp-json\/wp\/v2\/tags?post=130391"}],"curies":[{"name":"wp","href":"https:\/\/api.w.org\/{rel}","templated":true}]}}