{"id":130395,"date":"2026-01-06T16:47:12","date_gmt":"2026-01-06T16:47:12","guid":{"rendered":"https:\/\/www.europesays.com\/no\/130395\/"},"modified":"2026-01-06T16:47:12","modified_gmt":"2026-01-06T16:47:12","slug":"titusener-stromlose-pa-romerike-2","status":"publish","type":"post","link":"https:\/\/www.europesays.com\/no\/130395\/","title":{"rendered":"Titusener str\u00f8ml\u00f8se p\u00e5 Romerike"},"content":{"rendered":"<p class=\"extendedContent hyperion-css-eyn926\" data-test-tag=\"lead-text\">Titusener av boliger er uten str\u00f8m p\u00e5 Romerike tirsdag, if\u00f8lge Elvias str\u00f8mbruddskart. Leverand\u00f8r Elvia jobber med \u00e5 rette feilen.<\/p>\n<p><img decoding=\"async\" class=\"image-asset hyperion-css-u06ts1\" data-test-tag=\"image-asset\" src=\"https:\/\/www.europesays.com\/no\/wp-content\/uploads\/2026\/01\/0cb884a2-8d6a-4541-80c5-1b833d547722.jpeg\"  alt=\"\"  loading=\"eager\" fetchpriority=\"high\" style=\"aspect-ratio:2048 \/ 922\"\/> Foto: Nina Helen Fasteland<\/p>\n<p class=\"paywall hyperion-css-1j42uic\"> \u2013 Str\u00f8mbruddet er kjent. Personell jobber med \u00e5 lokalisere og rette feilen, opplyser str\u00f8mleverand\u00f8ren til <a aria-label=\"Romerikes Blad\" class=\"breaking-short hyperion-css-1raymq9\" href=\"https:\/\/www.rb.no\/massivt-strombrudd-flere-tusen-uten-strom\/s\/5-43-2647825\" target=\"_blank\" rel=\"noopener nofollow noreferrer\" data-test-tag=\"external-link\">Romerikes Blad<\/a>.<\/p>\n<p class=\"paywall hyperion-css-1j42uic\">Det h\u00f8yeste tallet vi har sett p\u00e5 Elvias str\u00f8mbruddskart er at 34.146 boliger var uten str\u00f8m. Tallet er kl. 17.00 nede i 22.000. Det er ikke klart hva som har for\u00e5rsaket str\u00f8mbruddet. <\/p>\n<p class=\"paywall hyperion-css-1j42uic\">Fire kommuner er ber\u00f8rt av str\u00f8mbruddet: Eidsvoll, Nannestad, Nes og Ullensaker.<\/p>\n<p class=\"paywall hyperion-css-1j42uic\">\u2013 Grunnen til at antallet str\u00f8ml\u00f8se kunder kan svinge litt, er at vi pr\u00f8ver \u00e5 finne alternative tilkoblingsmuligheter, forklarer pressevakt Hans Aarhus i Elvia.<\/p>\n<p><img decoding=\"async\" class=\"image-asset hyperion-css-u06ts1\" data-test-tag=\"image-asset\" src=\"https:\/\/www.europesays.com\/no\/wp-content\/uploads\/2026\/01\/1767718032_85_494b38d5-5985-4e88-a5f8-40d9e5cfb212.jpeg\"  alt=\"Slik s\u00e5 Elvias str\u00f8mbruddskart ut kl. 17.13.\"  loading=\"eager\" fetchpriority=\"high\" style=\"aspect-ratio:1209 \/ 705\"\/>Slik s\u00e5 Elvias str\u00f8mbruddskart ut kl. 17.13. Foto: Skjermdump ElviaStr\u00f8mmen gikk p\u00e5 Oslo lufthavn Gardermoen<\/p>\n<p class=\"paywall hyperion-css-1j42uic\">\u2013 Det er et st\u00f8rre str\u00f8mbrudd i regionen rundt Oslo lufthavn, som har f\u00f8rt til at str\u00f8mmen ogs\u00e5 er g\u00e5tt p\u00e5 lufthavnen. Vi har reservestr\u00f8m som st\u00f8tter opp under de viktigste systemene, men det er forel\u00f8pig m\u00f8rkt inne i terminalen. Hvor store konsekvenser dette f\u00e5r for flytrafikken, er forel\u00f8pig ukjent, sier pressevakt i Avinor, Karoline Pedersen.<\/p>\n<p class=\"paywall hyperion-css-1j42uic\">Nina Helen Fasteland var p\u00e5 Oslo lufthavn Gardermoen da str\u00f8mmen gikk.<\/p>\n<p class=\"paywall hyperion-css-1j42uic\">\u2013 Det er bare n\u00f8dlys, ingen skjermer er p\u00e5, men det er lyst nok n\u00e5r vi venter. Alle spisesteder og butikker er stengt, sier Fasteland.<\/p>\n<p class=\"paywall hyperion-css-1j42uic\"><strong>Brann i regionalmast<\/strong><\/p>\n<p class=\"paywall hyperion-css-1j42uic\">\u2013 Det er en ganske omfattende feil i regionalnettet i omr\u00e5det. S\u00e5 har det ogs\u00e5 kommet inn melding om at det er brann i en regionalnettmast. Det h\u00f8res ut som at de to tingene h\u00f8rer sammen, sier energikoordinator og pressevakt Hans Aarhus i Elvia til NTB.<\/p>\n<p class=\"paywall hyperion-css-1j42uic\">\u2013 Vi har mannskap p\u00e5 vei ut til stedet n\u00e5, ogs\u00e5 sitter driftssentralen og gj\u00f8r sitt beste for \u00e5 isolere feilen, sier han videre.<\/p>\n<p class=\"paywall hyperion-css-1j42uic\">Han sier det har skjedd et par ganger det siste halv\u00e5ret at det har oppst\u00e5tt brann i en slik mast, og at det ikke er kjent hvorfor det har skjedd n\u00e5. Det er ikke klart enn\u00e5 hva slags feil det dreier seg om p\u00e5 regionalnettet, sier Aarhus.<\/p>\n","protected":false},"excerpt":{"rendered":"Titusener av boliger er uten str\u00f8m p\u00e5 Romerike tirsdag, if\u00f8lge Elvias str\u00f8mbruddskart. Leverand\u00f8r Elvia jobber med \u00e5 rette&hellip;\n","protected":false},"author":2,"featured_media":130374,"comment_status":"","ping_status":"","sticky":false,"template":"","format":"standard","meta":{"footnotes":""},"categories":[10],"tags":[20,21,24,25,15,22,23,13,30,28,29,14,16,26,27],"class_list":{"0":"post-130395","1":"post","2":"type-post","3":"status-publish","4":"format-standard","5":"has-post-thumbnail","7":"category-norge","8":"tag-breaking-news","9":"tag-breakingnews","10":"tag-featured-news","11":"tag-featurednews","12":"tag-headlines","13":"tag-latest-news","14":"tag-latestnews","15":"tag-news","16":"tag-no","17":"tag-norge","18":"tag-norway","19":"tag-nyheter","20":"tag-overskrifter","21":"tag-top-stories","22":"tag-topstories"},"share_on_mastodon":{"url":"https:\/\/pubeurope.com\/@no\/115849176260096923","error":""},"_links":{"self":[{"href":"https:\/\/www.europesays.com\/no\/wp-json\/wp\/v2\/posts\/130395","targetHints":{"allow":["GET"]}}],"collection":[{"href":"https:\/\/www.europesays.com\/no\/wp-json\/wp\/v2\/posts"}],"about":[{"href":"https:\/\/www.europesays.com\/no\/wp-json\/wp\/v2\/types\/post"}],"author":[{"embeddable":true,"href":"https:\/\/www.europesays.com\/no\/wp-json\/wp\/v2\/users\/2"}],"replies":[{"embeddable":true,"href":"https:\/\/www.europesays.com\/no\/wp-json\/wp\/v2\/comments?post=130395"}],"version-history":[{"count":0,"href":"https:\/\/www.europesays.com\/no\/wp-json\/wp\/v2\/posts\/130395\/revisions"}],"wp:featuredmedia":[{"embeddable":true,"href":"https:\/\/www.europesays.com\/no\/wp-json\/wp\/v2\/media\/130374"}],"wp:attachment":[{"href":"https:\/\/www.europesays.com\/no\/wp-json\/wp\/v2\/media?parent=130395"}],"wp:term":[{"taxonomy":"category","embeddable":true,"href":"https:\/\/www.europesays.com\/no\/wp-json\/wp\/v2\/categories?post=130395"},{"taxonomy":"post_tag","embeddable":true,"href":"https:\/\/www.europesays.com\/no\/wp-json\/wp\/v2\/tags?post=130395"}],"curies":[{"name":"wp","href":"https:\/\/api.w.org\/{rel}","templated":true}]}}