{"id":130398,"date":"2026-01-06T16:49:23","date_gmt":"2026-01-06T16:49:23","guid":{"rendered":"https:\/\/www.europesays.com\/no\/130398\/"},"modified":"2026-01-06T16:49:23","modified_gmt":"2026-01-06T16:49:23","slug":"arctic-race-of-norway-sport","status":"publish","type":"post","link":"https:\/\/www.europesays.com\/no\/130398\/","title":{"rendered":"Arctic Race of Norway, Sport"},"content":{"rendered":"\n<p>13.\u201316. august er det duket for den 13. utgaven av verdens nordligste profesjonelle landeveisritt p\u00e5 sykkel.<\/p>\n<p><b>Tirsdag g\u00e5r arrang\u00f8ren ut med detaljene rundt \u00e5rets etapper, der Vester\u00e5len f\u00e5r spille en stor rolle.<\/b><\/p>\n<p>   <img decoding=\"async\" width=\"3672\" height=\"4896\" fetchpriority=\"low\"  loading=\"lazy\"  src=\"https:\/\/www.europesays.com\/no\/wp-content\/uploads\/2026\/01\/IMG_9216.jpeg\" alt=\"\" class=\"brick-c-cFOWSL\" style=\"--brick-image-ratio: 3672 \/ 4896;\"\/><\/p>\n<p>      Forn\u00f8yde ordf\u00f8rere: Ordf\u00f8rerne Elisabeth S\u00f8rdahl, Kjell-Are Johansen, Grete Ellingsen og Sture Pedersen kan smile etter lanseringa av \u00e5rets etapper i Arctic Race og Norway.<br \/>\n      Foto: Privat\n    <\/p>\n<p>\u00c5rets ritt \u00e5pner med en massespurt p\u00e5 Myre etter start i Evenes, f\u00f8r det fortsetter ut mot Andenes.<\/p>\n<p>To t\u00f8ffe klatrestrekninger p\u00e5 henholdsvis tredje og fjerde etappe, vil sannsynligvis bli avgj\u00f8rende i sammendraget, heter det i pressemeldinga:<\/p>\n<p>\u2013 Det blir gjensyn med den brutale klatringen opp til Storheia i Hadsel. I tillegg blir det en krevende avslutning opp mot skianlegget i Narvik, hvor VM i alpint 2029 skal arrangeres.<\/p>\n<p>Store ringvirkninger<\/p>\n<p>Fire nye kommuner, Evenes, \u00d8ksnes, B\u00f8 og And\u00f8y innlemmes som vertskommuner for arrangementet n\u00e5r den 13. utgaven arrangeres i august. Det betyr at 56 av Nord-Norges 80 kommuner s\u00e5 langt v\u00e6rt involvert i gjennomf\u00f8ringen.<\/p>\n<p>Daglig leder Tom H\u00f8gli i Arctic Race of Norway forteller at en av grunnene til at man i sin tid valgte sykkelritt som konkurranse, var at alle kommunene i Nord-Norge \u2013 store og sm\u00e5 \u2013 skulle kunne ta del i det. Han ber\u00f8mmer kommunenes innsats.<\/p>\n<p>\u2013 Det er godt dokumentert at Arctic Race of Norway skaper store \u00f8konomiske ringvirkninger, og gj\u00f8r lokalsamfunn mer attraktive, spesielt blant ungdom. S\u00e5 langt summerer de \u00f8konomiske ringvirkningene seg til rundt \u00e9n milliard kroner. Det skyldes ikke minst den innsatsen kommunene legger ned i arrangementet, sier H\u00f8gli.<\/p>\n<p>Verdifull norgesreklame<\/p>\n<p>I tillegg til verdiene som skapes rundt rittet, bidrar Arctic Race of Norway med god norgesreklame. TV-bildene g\u00e5r ut til 190 land, og verdien av dette er m\u00e5lt til rundt tre milliarder kroner siden starten.<\/p>\n<p>\u2013 TV-publikum over hele verden f\u00e5r se Norge p\u00e5 sitt beste n\u00e5r de f\u00f8lger med p\u00e5 Arctic Race of Norway, og vi h\u00e5per at mange av dem f\u00e5r lyst til \u00e5 reise hit for \u00e5 oppleve det vi kan by p\u00e5 av natur og opplevelser, sier H\u00f8gli.<\/p>\n<p>  <a href=\"https:\/\/www.blv.no\/5-9-867183\" class=\"related-teaser has-image default-story-teaser article--c-eRUmMG article--c-eRUmMG-jKCPdD-design-default\" rel=\"nofollow noopener\" target=\"_blank\"><\/p>\n<p>    <img decoding=\"async\" loading=\"lazy\"  src=\"https:\/\/www.europesays.com\/no\/wp-content\/uploads\/2026\/01\/8949E707-53A3-44D6-9E5C-AA8236A66039.jpeg\" alt=\"\" class=\"brick-c-cFOWSL\" style=\"\"\/><\/p>\n<p>\n            Les ogs\u00e5<\/p>\n<p>              Satte verdensrekord med kv\u00e6fjordkake p\u00e5 94 kvadratmeter: \u2013 Helt nydelig god\n        <\/p>\n<p>  <\/a><br \/>\n  Dag Otto gleder seg<\/p>\n<p>Flere internasjonale lag har allerede meldt sin interesse, og TV2-profilen Dag Otto Lauritzen sier han gleder seg enormt til \u00e5 \u00f8nske rytterne velkommen til et spektakul\u00e6rt og krevende sykkelritt.<\/p>\n<p>\u2013 Jeg er glad for \u00e5 f\u00e5 v\u00e6re en del av dette eventyret. Det er alltid godt \u00e5 komme tilbake til Nord-Norge og den varme atmosf\u00e6ren her. Jeg har v\u00e6rt p\u00e5 sykkelritt over hele verden, men har aldri opplevd noe som kan sammenlignes med Arctic Race of Norway, sier Lauritzen.<\/p>\n<p>  <a href=\"https:\/\/www.blv.no\/5-9-866311\" class=\"related-teaser has-image default-story-teaser article--c-eRUmMG article--c-eRUmMG-jKCPdD-design-default\" rel=\"nofollow noopener\" target=\"_blank\"><\/p>\n<p>    <img decoding=\"async\" loading=\"lazy\"  src=\"https:\/\/www.europesays.com\/no\/wp-content\/uploads\/2026\/01\/Linda+Motren+Paulsen+sammen+med+Anne+Birgit+Nilsen.bin.jpeg\" alt=\"\" class=\"brick-c-cFOWSL\" style=\"\"\/><\/p>\n<p>\n            Les ogs\u00e5<\/p>\n<p>              \u2013 Vi kunne ha gjort det enkelt, men s\u00e5nn er vi ikke i Kv\u00e6fjord\n        <\/p>\n<p>  <\/a><br \/>\n  Massespurt p\u00e5 Myre<\/p>\n<p>2026-utgaven av Arctic Race of Norway er en relativt flat etappe som starter i Evenes, og avsluttes med massespurt p\u00e5 Myre. P\u00e5 den andre etappen g\u00e5r ferden inn p\u00e5 And\u00f8ya, der rytterne f\u00e5r en naturskj\u00f8nn tras\u00e9 krydret med tre krevende gruspartier p\u00e5 til sammen 13,6 kilometer. Med avslutningen i Andenes vil rytterne f\u00e5 det \u00e5pne havet rett foran seg inn mot m\u00e5l.<\/p>\n<p>Den tredje etappen g\u00e5r p\u00e5 Hadsel\u00f8ya, som ogs\u00e5 er vertskap for The Arctic Run. Hadsel\u00f8ya er nemlig n\u00f8yaktig 42 kilometer lang \u2013 perfekt for maraton. Starten for etappen g\u00e5r p\u00e5 Stokmarknes. M\u00e5lgangen p\u00e5 Storheia etter 3,5 kilometer med en gjennomsnittlig stigning godt over 11 prosent, vil garantert f\u00e5 stor betydning for sammendraget.<\/p>\n<p>  <a href=\"https:\/\/www.blv.no\/5-9-818003\" class=\"related-teaser has-image default-story-teaser article--c-eRUmMG article--c-eRUmMG-jKCPdD-design-default\" rel=\"nofollow noopener\" target=\"_blank\"><\/p>\n<p>    <img decoding=\"async\" loading=\"lazy\"  src=\"https:\/\/www.europesays.com\/no\/wp-content\/uploads\/2026\/01\/DSC_7249.JPG\" alt=\"\" class=\"brick-c-cFOWSL\" style=\"\"\/><\/p>\n<p>\n            Les ogs\u00e5<\/p>\n<p>              F\u00e5r millionst\u00f8tte til l\u00f8psarrangement\n        <\/p>\n<p>  <\/a><\/p>\n<p>Den storsl\u00e5tte reisen gjennom det nordnorske landskapet avsluttes med en siste etappe som g\u00e5r fra Sortland til Narvik. Det hele avgj\u00f8res etter en avgj\u00f8rende finaleklatring p\u00e5 2,3 kilometer med 8,6 prosent i snitt opp mot VM-anlegget.<\/p>\n<p>Etappene<\/p>\n<p>\u2022 Torsdag 13. august \u2013 Etappe 1: Evenes \u2013 Myre, 181,7 km<\/p>\n<p>   <img decoding=\"async\" width=\"3780\" height=\"2717\" fetchpriority=\"low\"  loading=\"lazy\"  src=\"https:\/\/www.europesays.com\/no\/wp-content\/uploads\/2026\/01\/48d3795a-ba2e-4e21-b610-3726fd3388b6.jpg\" alt=\"ARN26_ET01_map_v3\" class=\"brick-c-cFOWSL\" style=\"--brick-image-ratio: 3780 \/ 2717;\"\/><\/p>\n<p>      F\u00f8rste etappe g\u00e5r fra Evenes til Myre.<br \/>\n      Foto: ARN\n    <\/p>\n<p>\u2022 Fredag 14. august \u2013 Etappe 2: B\u00f8 i Vester\u00e5len \u2013 Andenes, 179,2 km<\/p>\n<p>   <img decoding=\"async\" width=\"3780\" height=\"2717\" fetchpriority=\"low\"  loading=\"lazy\"  src=\"https:\/\/www.europesays.com\/no\/wp-content\/uploads\/2026\/01\/54f28e22-642d-4e32-bb24-e4b31c15d408.jpg\" alt=\"ARN26_ET02_map_v4\" class=\"brick-c-cFOWSL\" style=\"--brick-image-ratio: 3780 \/ 2717;\"\/><\/p>\n<p>      Andre etappe g\u00e5r fra B\u00f8 til Andenes.<br \/>\n      Foto: ARN\n    <\/p>\n<p>\u2022 L\u00f8rdag 15. august \u2013 Etappe 3: Stokmarknes \u2013 Storheia, 142,5 km<\/p>\n<p>   <img decoding=\"async\" width=\"3780\" height=\"2717\" fetchpriority=\"low\"  loading=\"lazy\"  src=\"https:\/\/www.europesays.com\/no\/wp-content\/uploads\/2026\/01\/296f0f39-2023-44ad-858b-86376614f546.jpg\" alt=\"ARN26_ET03_map_v1\" class=\"brick-c-cFOWSL\" style=\"--brick-image-ratio: 3780 \/ 2717;\"\/><\/p>\n<p>      Tredje etappe g\u00e5r fra Stokmarknes til Storheia.<br \/>\n      Foto: ARN\n    <\/p>\n<p>\u2022 S\u00f8ndag 16. august \u2013 Etappe 4: Sortland \u2013 Narvik, 190,8 km<\/p>\n<p>   <img decoding=\"async\" width=\"3780\" height=\"2717\" fetchpriority=\"low\"  loading=\"lazy\"  src=\"https:\/\/www.europesays.com\/no\/wp-content\/uploads\/2026\/01\/267f03d1-57a6-4335-876f-5756a1289b27.jpg\" alt=\"ARN26_ET04_map_v2ok\" class=\"brick-c-cFOWSL\" style=\"--brick-image-ratio: 3780 \/ 2717;\"\/><\/p>\n<p>      Fjerde og siste etappe g\u00e5r fra Sortland til Narvik.<br \/>\n      Foto: ARN\n    <\/p>\n<p>  <a href=\"https:\/\/www.blv.no\/5-9-862394\" class=\"related-teaser has-image default-story-teaser article--c-eRUmMG article--c-eRUmMG-jKCPdD-design-default\" rel=\"nofollow noopener\" target=\"_blank\"><\/p>\n<p>    <img decoding=\"async\" loading=\"lazy\"  src=\"https:\/\/www.europesays.com\/no\/wp-content\/uploads\/2026\/01\/Arctig+Race+og+St%C3%B8re.jpg\" alt=\"\" class=\"brick-c-cFOWSL\" style=\"\"\/><\/p>\n<p>\n            Les ogs\u00e5<\/p>\n<p>              Arctic Race f\u00e5r statsministerbes\u00f8k under \u00e5pninga\n        <\/p>\n<p>  <\/a><\/p>\n<p>  <a href=\"https:\/\/www.blv.no\/5-9-789867\" class=\"related-teaser has-image default-story-teaser article--c-eRUmMG article--c-eRUmMG-jKCPdD-design-default\" rel=\"nofollow noopener\" target=\"_blank\"><\/p>\n<p>    <img decoding=\"async\" loading=\"lazy\"  src=\"https:\/\/www.europesays.com\/no\/wp-content\/uploads\/2026\/01\/IMG_0847.jpg\" alt=\"\" class=\"brick-c-cFOWSL\" style=\"\"\/><\/p>\n<p>\n            Les ogs\u00e5<\/p>\n<p>              Kv\u00e6fjord-ordf\u00f8rer lover folkefest: \u2013 Vi skal \u00abg\u00f8nne p\u00e5\u00bb\n        <\/p>\n<p>  <\/a><\/p>\n<p>  <a href=\"https:\/\/www.blv.no\/5-9-613124\" class=\"related-teaser has-image default-story-teaser article--c-eRUmMG article--c-eRUmMG-jKCPdD-design-default\" rel=\"nofollow noopener\" target=\"_blank\"><\/p>\n<p>    <img decoding=\"async\" loading=\"lazy\"  src=\"https:\/\/www.europesays.com\/no\/wp-content\/uploads\/2026\/01\/xpeng1.jpg\" alt=\"\" class=\"brick-c-cFOWSL\" style=\"\"\/><\/p>\n<p>\n            Les ogs\u00e5<\/p>\n<p>              N\u00e5 kommer et hundretalls kinesiske el-biler til Nord-Norge\n        <\/p>\n<p>  <\/a><\/p>\n<p>  <a href=\"https:\/\/www.blv.no\/5-9-440157\" class=\"related-teaser has-image default-story-teaser article--c-eRUmMG article--c-eRUmMG-jKCPdD-design-default\" rel=\"nofollow noopener\" target=\"_blank\"><\/p>\n<p>    <img decoding=\"async\" loading=\"lazy\"  src=\"https:\/\/www.europesays.com\/no\/wp-content\/uploads\/2026\/01\/1779c89b-1efe-5e1f-adc0-11e1165c58d9.jpg\" alt=\"\" class=\"brick-c-cFOWSL\" style=\"\"\/><\/p>\n<p>\n            Les ogs\u00e5<\/p>\n<p>              Arctic Race-sjefen: \u2013 Storheia ville v\u00e6rt helt spektakul\u00e6r\n        <\/p>\n<p>  <\/a><\/p>\n","protected":false},"excerpt":{"rendered":"13.\u201316. august er det duket for den 13. utgaven av verdens nordligste profesjonelle landeveisritt p\u00e5 sykkel. Tirsdag g\u00e5r&hellip;\n","protected":false},"author":2,"featured_media":130399,"comment_status":"","ping_status":"","sticky":false,"template":"","format":"standard","meta":{"footnotes":""},"categories":[59],"tags":[358,36,30,28,29,83,82,1510,373],"class_list":{"0":"post-130398","1":"post","2":"type-post","3":"status-publish","4":"format-standard","5":"has-post-thumbnail","7":"category-sport","8":"tag-arctic-race-of-norway","9":"tag-art","10":"tag-no","11":"tag-norge","12":"tag-norway","13":"tag-sport","14":"tag-sports","15":"tag-story","16":"tag-sykkelritt"},"share_on_mastodon":{"url":"https:\/\/pubeurope.com\/@no\/115849184308403976","error":""},"_links":{"self":[{"href":"https:\/\/www.europesays.com\/no\/wp-json\/wp\/v2\/posts\/130398","targetHints":{"allow":["GET"]}}],"collection":[{"href":"https:\/\/www.europesays.com\/no\/wp-json\/wp\/v2\/posts"}],"about":[{"href":"https:\/\/www.europesays.com\/no\/wp-json\/wp\/v2\/types\/post"}],"author":[{"embeddable":true,"href":"https:\/\/www.europesays.com\/no\/wp-json\/wp\/v2\/users\/2"}],"replies":[{"embeddable":true,"href":"https:\/\/www.europesays.com\/no\/wp-json\/wp\/v2\/comments?post=130398"}],"version-history":[{"count":0,"href":"https:\/\/www.europesays.com\/no\/wp-json\/wp\/v2\/posts\/130398\/revisions"}],"wp:featuredmedia":[{"embeddable":true,"href":"https:\/\/www.europesays.com\/no\/wp-json\/wp\/v2\/media\/130399"}],"wp:attachment":[{"href":"https:\/\/www.europesays.com\/no\/wp-json\/wp\/v2\/media?parent=130398"}],"wp:term":[{"taxonomy":"category","embeddable":true,"href":"https:\/\/www.europesays.com\/no\/wp-json\/wp\/v2\/categories?post=130398"},{"taxonomy":"post_tag","embeddable":true,"href":"https:\/\/www.europesays.com\/no\/wp-json\/wp\/v2\/tags?post=130398"}],"curies":[{"name":"wp","href":"https:\/\/api.w.org\/{rel}","templated":true}]}}