{"id":13040,"date":"2025-08-20T09:47:38","date_gmt":"2025-08-20T09:47:38","guid":{"rendered":"https:\/\/www.europesays.com\/no\/13040\/"},"modified":"2025-08-20T09:47:38","modified_gmt":"2025-08-20T09:47:38","slug":"musk-trakker-pa-bremsen-for-america-party","status":"publish","type":"post","link":"https:\/\/www.europesays.com\/no\/13040\/","title":{"rendered":"Musk tr\u00e5kker p\u00e5 bremsen for America Party"},"content":{"rendered":"<p>Verdens rikeste person, Elon Musk, har tr\u00e5kket p\u00e5 bremsen n\u00e5r det kommer til planene om \u00e5 starte et nytt politisk parti, melder <a href=\"https:\/\/www.wsj.com\/politics\/policy\/elon-musk-third-political-party-69bf9bd8?mod=hp_lead_pos3\" rel=\"nofollow noopener\" target=\"_blank\">The Wall Street Journal<\/a>.<\/p>\n<p>Milliard\u00e6ren <a href=\"https:\/\/www.finansavisen.no\/politikk\/2025\/07\/05\/8276834\/skal-vi-lage-amerika-partiet\" rel=\"nofollow noopener\" target=\"_blank\">vurderte tidligere i sommer<\/a> \u00e5 etablere America Party, som skulle\u00a0representere velgere som er misforn\u00f8yde med de to etablerte partiene. Men n\u00e5 sier kilder at han har fortalt n\u00e6re allierte at han vil prioritere selskapene sine og unng\u00e5 \u00e5 fremmedgj\u00f8re mektige republikanere.<\/p>\n<p><b>Musk har hatt tett kontakt med visepresident JD Vance, som regnes som en mulig arvtaker til Trumps MAGA-bevegelse. If\u00f8lge kildene som har snakket med WSJ, har Musk innr\u00f8mmet at et nytt parti kan komme til \u00e5 skade forholdet til Vance.\u00a0<\/b><\/p>\n<p>Han vurderer i stedet \u00e5 bruke deler av sin enorme formue til \u00e5 st\u00f8tte Vance dersom han stiller som presidentkandidat i 2028. I 2024 brukte Musk nesten 300 millioner dollar, som tilsvarer 3,1 milliarder kroner, p\u00e5 \u00e5 st\u00f8tte Trump og republikanere.<\/p>\n<p><img decoding=\"async\" class=\"lazyload \" src=\"https:\/\/www.europesays.com\/no\/wp-content\/uploads\/2025\/08\/1755683258_152_pipe\"  data- alt=\"\"\/><\/p>\n<p>HAR KONTAKT MED MUSK: Visepresident JD Vance (t.h.) blir omtalt som en mulig arvtaker til Donald Trump \u2013 og kan f\u00e5 Musk som sin st\u00f8rste st\u00f8ttespiller. <strong>Foto: Bloomberg<\/strong><\/p>\n<p class=\"subhead\" data-element-type=\"subhead\" data-element-label=\"Mellomtittel\">\u2013 Uhyggelig stillhet<\/p>\n<p>Selv om han ikke har avvist ideen om et nytt parti, har Musk og teamet hans ikke fulgt opp initiativer fra eksterne grupper som \u00f8nsker \u00e5 bidra.\u00a0<\/p>\n<p><b>Et planlagt m\u00f8te med en organisasjon som spesialiserer seg p\u00e5 tredjepartskampanjer ble avlyst i juli. Flere st\u00f8ttespillere, inkludert tidligere presidentkandidat Andrew Yang og investor Mark Cuban, har heller ikke h\u00f8rt fra Musk siden han lanserte ideen.<\/b><\/p>\n<p>For republikanerne kan beslutningen v\u00e6re en fordel. Tredjepartier har historisk svekket de store partiene ved \u00e5 trekke til seg velgere. For Vance kan det v\u00e6re avgj\u00f8rende \u00e5 beholde Tesla-sjefen p\u00e5 laget dersom han vil sikte mot Det hvite hus, skriver WSJ.<\/p>\n<p>Det libertarianske partiet i USA har fors\u00f8kt \u00e5 lokke Musk til samarbeid, men forel\u00f8pig har ingen konkrete skritt blitt tatt.\u00a0<\/p>\n<p>\u2013 Det er nesten en uhyggelig stillhet,\u00bb sier Steven Nekhaila, leder for Libertarian National Committee.<\/p>\n<p>\u2013\u00a0Det virker ikke som om noe har skjedd, verken p\u00e5 delstatsniv\u00e5 eller p\u00e5 grasrotniv\u00e5, legger han til.\u00a0<\/p>\n<p class=\"subhead\" data-element-type=\"subhead\" data-element-label=\"Mellomtittel\">Offentlig brudd med Trump<\/p>\n<p>Musk hadde et offentlig brudd med Trump tidligere i \u00e5r, men de to ser n\u00e5 ut til \u00e5 ha inng\u00e5tt en slags v\u00e5penhvile.<\/p>\n<p>Etter \u00e5 ha forlatt rollen som leder for effektiviseringsdepartementet Doge i slutten av mai, rettet han 5. juni kraftig kritikk mot Trumps skattepakke og hevdet uten belegg at presidenten er nevnt i Jeffrey Epstein-dokumentene.<\/p>\n<p>\u00abDet er p\u00e5 tide \u00e5 slippe <a href=\"https:\/\/www.finansavisen.no\/samfunn\/2025\/06\/05\/8269575\/full-klinsj-mellom-trump-og-musk-trump-er-i-epstein-dokumentene\" target=\"_blank\" rel=\"nofollow noopener\">den store bomben<\/a>. Trump er i Epstein-dokumentene. Det er den egentlige grunnen til at de ikke har blitt frigjort,\u00bb het det fra Musk.<\/p>\n<p><b>To dager senere slettet han innleggene og fors\u00f8kte \u00e5 reparere forholdet gjennom visepresident Vance og Trumps stabssjef Susie Wiles. Noen dager etter det igjen\u00a0i innr\u00f8mmet Musk at han \u00abgikk for langt\u00bb i kritikken.<br \/><\/b><\/p>\n<p>N\u00e5 har Trump uttrykt at han \u00f8nsker at Musk og selskapene hans skal \u00abtrives\u00bb, mens Musk har sluttet \u00e5 kritisere republikanerne p\u00e5 X.<\/p>\n<p>Tesla-sjefen har ogs\u00e5 <a href=\"https:\/\/www.finansavisen.no\/samfunn\/2025\/08\/01\/8282479\/ga-millioner-til-trump-etter-brutal-ordkrig\" rel=\"nofollow noopener\" target=\"_blank\">donert over 15 millioner<\/a> dollar til Trump og hans partifeller.\u00a0Donasjonene gikk gjennom tre store super-PAC-er: MAGA Inc., Senate Leadership Fund og Congressional Leadership Fund.<\/p>\n","protected":false},"excerpt":{"rendered":"Verdens rikeste person, Elon Musk, har tr\u00e5kket p\u00e5 bremsen n\u00e5r det kommer til planene om \u00e5 starte et&hellip;\n","protected":false},"author":2,"featured_media":13041,"comment_status":"","ping_status":"","sticky":false,"template":"","format":"standard","meta":{"footnotes":""},"categories":[56],"tags":[60,55,61,129,2537,62,30,28,29],"class_list":{"0":"post-13040","1":"post","2":"type-post","3":"status-publish","4":"format-standard","5":"has-post-thumbnail","7":"category-naeringsliv","8":"tag-business","9":"tag-donald-trump","10":"tag-economy","11":"tag-elon-musk","12":"tag-jd-vance","13":"tag-naeringsliv","14":"tag-no","15":"tag-norge","16":"tag-norway"},"share_on_mastodon":{"url":"","error":""},"_links":{"self":[{"href":"https:\/\/www.europesays.com\/no\/wp-json\/wp\/v2\/posts\/13040","targetHints":{"allow":["GET"]}}],"collection":[{"href":"https:\/\/www.europesays.com\/no\/wp-json\/wp\/v2\/posts"}],"about":[{"href":"https:\/\/www.europesays.com\/no\/wp-json\/wp\/v2\/types\/post"}],"author":[{"embeddable":true,"href":"https:\/\/www.europesays.com\/no\/wp-json\/wp\/v2\/users\/2"}],"replies":[{"embeddable":true,"href":"https:\/\/www.europesays.com\/no\/wp-json\/wp\/v2\/comments?post=13040"}],"version-history":[{"count":0,"href":"https:\/\/www.europesays.com\/no\/wp-json\/wp\/v2\/posts\/13040\/revisions"}],"wp:featuredmedia":[{"embeddable":true,"href":"https:\/\/www.europesays.com\/no\/wp-json\/wp\/v2\/media\/13041"}],"wp:attachment":[{"href":"https:\/\/www.europesays.com\/no\/wp-json\/wp\/v2\/media?parent=13040"}],"wp:term":[{"taxonomy":"category","embeddable":true,"href":"https:\/\/www.europesays.com\/no\/wp-json\/wp\/v2\/categories?post=13040"},{"taxonomy":"post_tag","embeddable":true,"href":"https:\/\/www.europesays.com\/no\/wp-json\/wp\/v2\/tags?post=13040"}],"curies":[{"name":"wp","href":"https:\/\/api.w.org\/{rel}","templated":true}]}}