{"id":130406,"date":"2026-01-06T16:57:07","date_gmt":"2026-01-06T16:57:07","guid":{"rendered":"https:\/\/www.europesays.com\/no\/130406\/"},"modified":"2026-01-06T16:57:07","modified_gmt":"2026-01-06T16:57:07","slug":"sno-og-kulde-skaper-kaos-i-europa","status":"publish","type":"post","link":"https:\/\/www.europesays.com\/no\/130406\/","title":{"rendered":"Sn\u00f8 og kulde skaper kaos i Europa"},"content":{"rendered":"\n<p data-testid=\"textWithMarkup-text\" data-v-81d7dc2b=\"\" data-v-62d58f52=\"\">I alt fem mennesker har mistet livet i trafikkulykker i Paris-regionen, der sn\u00f8en har f\u00f8rt til milelange k\u00f8er p\u00e5 flere veier.<\/p>\n<p data-testid=\"textWithMarkup-text\" data-v-81d7dc2b=\"\" data-v-62d58f52=\"\">I Nederland er det flytrafikken som ser ut til \u00e5 v\u00e6re hardest rammet. Her har over 400 flygninger blitt innstilt p\u00e5 Schiphol lufthavn i Amsterdam, som er en av Europas st\u00f8rste.<\/p>\n<p data-testid=\"textWithMarkup-text\" data-v-81d7dc2b=\"\" data-v-62d58f52=\"\">\u2013 Vi har ikke opplevd s\u00e5 ekstreme v\u00e6rforhold p\u00e5 flere \u00e5r, sier en talsperson for KLM, Anoesjka Aspeslagh. Tirsdag ettermiddag meldte selskapet at de var i ferd med \u00e5 g\u00e5 tomme for avisingsv\u00e6ske.<\/p>\n<p>Vil hjem til Norge<\/p>\n<p data-testid=\"textWithMarkup-text\" data-v-81d7dc2b=\"\" data-v-62d58f52=\"\">Mange passasjerer er strandet p\u00e5 flyplassen, blant dem Javier Sep\u00falveda, som er spansk, men bor i Norge. I tre dager har han fors\u00f8kt \u00e5 komme seg hjem. Tirsdag begynte han \u00e5 st\u00e5 i k\u00f8 klokka 6.30, men seks timer senere var han ikke i n\u00e6rheten av \u00e5 ha n\u00e5dd skranken.<\/p>\n<p data-testid=\"textWithMarkup-text\" data-v-81d7dc2b=\"\" data-v-62d58f52=\"\">\u2013 Jeg kan bare beskrive situasjonen som kaotisk, sinnssyk, sier 39-\u00e5ringen til nyhetsbyr\u00e5et Reuters.<\/p>\n<p data-testid=\"textWithMarkup-text\" data-v-81d7dc2b=\"\" data-v-62d58f52=\"\">Og problemene fortsetter. Onsdag kommer 40 prosent av alle flyginger til \u00e5 bli innstilt ved den st\u00f8rste flyplassen i Paris \u2013 Charles de Gaulles \u2013 som f\u00f8lge av sn\u00f8v\u00e6ret<\/p>\n<p>Varmtvannet borte i Praha<\/p>\n<p data-testid=\"textWithMarkup-text\" data-v-81d7dc2b=\"\" data-v-62d58f52=\"\">I tillegg meldes det om s\u00e6rdeles kaldt v\u00e6r fra Storbritannia til Tsjekkia. P\u00e5 grensen mellom Tsjekkia og Tyskland ble det tirsdag m\u00e5lt 25 minusgrader, og i Praha var titusener av innbyggere uten oppvarming og varmt vann etter at et fjernvarmer\u00f8r sluttet \u00e5 fungere.<\/p>\n<p data-testid=\"textWithMarkup-text\" data-v-81d7dc2b=\"\" data-v-62d58f52=\"\">Det er ogs\u00e5 m\u00e5lt minus 20 grader i Polen. S\u00f8r i Storbritannia kan innbyggerne vente seg kraftig sn\u00f8fall resten av uken etter at tusenvis av skoleelever m\u00e5tte holde seg hjemme i Skottland tirsdag.<\/p>\n<p>Sn\u00f8sjokk p\u00e5 Jylland<\/p>\n<p data-testid=\"textWithMarkup-text\" data-v-81d7dc2b=\"\" data-v-62d58f52=\"\">Hvitt og kaldt er det ogs\u00e5 i Sverige og Danmark. I Nord-Sverige falt temperaturen til minus 40 tirsdag, mens danske myndigheter har bedt folk p\u00e5 Jylland holde seg hjemme for \u00e5 unng\u00e5 ulykker.<\/p>\n<p data-testid=\"textWithMarkup-text\" data-v-81d7dc2b=\"\" data-v-62d58f52=\"\">I Sveits er det m\u00e5lt over 37 grader minus i Alp Hinter\u00e4ppelen i St. Gallen.<\/p>\n<p data-testid=\"textWithMarkup-text\" data-v-81d7dc2b=\"\" data-v-62d58f52=\"\">Ogs\u00e5 Spania sliter med kaldt v\u00e6r og sn\u00f8. B\u00e5de i Madrid og i h\u00f8ytliggende omr\u00e5der p\u00e5 Mallorca er det m\u00e5lt minusgrader. Mange spanske hjem er d\u00e5rlig utstyrt til \u00e5 takle slik kulde, og n\u00e5r meteorologene sp\u00e5r 10 kuldegrader, er det dramatisk.<\/p>\n<p data-testid=\"textWithMarkup-text\" data-v-81d7dc2b=\"\" data-v-62d58f52=\"\">Ogs\u00e5 togtrafikken er rammet. Det nederlandske jernbaneselskapet NS m\u00e5tte tirsdag morgen gi beskjed om at alle morgenavgangene var innstilt som f\u00f8lge av v\u00e6ret og IT-problemer. <\/p>\n<p data-testid=\"textWithMarkup-text\" data-v-81d7dc2b=\"\" data-v-62d58f52=\"\">H\u00f8yhastighetstogene mellom Paris og Amsterdam ble enten innstilt eller forsinket.<\/p>\n<p>P\u00e5 ski i Paris<\/p>\n<p data-testid=\"textWithMarkup-text\" data-v-81d7dc2b=\"\" data-v-62d58f52=\"\">For noen gir imidlertid sn\u00f8en nye muligheter og opplevelser.<\/p>\n<p data-testid=\"textWithMarkup-text\" data-v-81d7dc2b=\"\" data-v-62d58f52=\"\">I Paris samlet b\u00e5de innbyggere og turister seg ved landemerket Sacr\u00e9-C\u0153ur i bydelen Montmartre. P\u00e5 et tynt sn\u00f8lag aker de og st\u00e5r p\u00e5 ski nedover en bakke ved kirken.<\/p>\n<p data-testid=\"textWithMarkup-text\" data-v-81d7dc2b=\"\" data-v-62d58f52=\"\">Helt \u00f8st i Europa er imidlertid situasjonen ganske annerledes. S\u00f8r\u00f8st i Bulgaria ble det tirsdag m\u00e5lt 19 plussgrader, noe som er langt over normalt. Men fra torsdag m\u00e5 ogs\u00e5 bulgarerne belage seg p\u00e5 en kaldfront.<\/p>\n","protected":false},"excerpt":{"rendered":"I alt fem mennesker har mistet livet i trafikkulykker i Paris-regionen, der sn\u00f8en har f\u00f8rt til milelange k\u00f8er&hellip;\n","protected":false},"author":2,"featured_media":130407,"comment_status":"","ping_status":"","sticky":false,"template":"","format":"standard","meta":{"footnotes":""},"categories":[5],"tags":[20,21,24,25,15,19,22,23,17,18,13,30,28,29,14,16,26,27],"class_list":{"0":"post-130406","1":"post","2":"type-post","3":"status-publish","4":"format-standard","5":"has-post-thumbnail","7":"category-overskrifter","8":"tag-breaking-news","9":"tag-breakingnews","10":"tag-featured-news","11":"tag-featurednews","12":"tag-headlines","13":"tag-hovedoppslag","14":"tag-latest-news","15":"tag-latestnews","16":"tag-main-news","17":"tag-mainnews","18":"tag-news","19":"tag-no","20":"tag-norge","21":"tag-norway","22":"tag-nyheter","23":"tag-overskrifter","24":"tag-top-stories","25":"tag-topstories"},"share_on_mastodon":{"url":"https:\/\/pubeurope.com\/@no\/115849215619800274","error":""},"_links":{"self":[{"href":"https:\/\/www.europesays.com\/no\/wp-json\/wp\/v2\/posts\/130406","targetHints":{"allow":["GET"]}}],"collection":[{"href":"https:\/\/www.europesays.com\/no\/wp-json\/wp\/v2\/posts"}],"about":[{"href":"https:\/\/www.europesays.com\/no\/wp-json\/wp\/v2\/types\/post"}],"author":[{"embeddable":true,"href":"https:\/\/www.europesays.com\/no\/wp-json\/wp\/v2\/users\/2"}],"replies":[{"embeddable":true,"href":"https:\/\/www.europesays.com\/no\/wp-json\/wp\/v2\/comments?post=130406"}],"version-history":[{"count":0,"href":"https:\/\/www.europesays.com\/no\/wp-json\/wp\/v2\/posts\/130406\/revisions"}],"wp:featuredmedia":[{"embeddable":true,"href":"https:\/\/www.europesays.com\/no\/wp-json\/wp\/v2\/media\/130407"}],"wp:attachment":[{"href":"https:\/\/www.europesays.com\/no\/wp-json\/wp\/v2\/media?parent=130406"}],"wp:term":[{"taxonomy":"category","embeddable":true,"href":"https:\/\/www.europesays.com\/no\/wp-json\/wp\/v2\/categories?post=130406"},{"taxonomy":"post_tag","embeddable":true,"href":"https:\/\/www.europesays.com\/no\/wp-json\/wp\/v2\/tags?post=130406"}],"curies":[{"name":"wp","href":"https:\/\/api.w.org\/{rel}","templated":true}]}}