{"id":130408,"date":"2026-01-06T16:58:13","date_gmt":"2026-01-06T16:58:13","guid":{"rendered":"https:\/\/www.europesays.com\/no\/130408\/"},"modified":"2026-01-06T16:58:13","modified_gmt":"2026-01-06T16:58:13","slug":"vinter-ol-mattis-stenshagen-iversen-ma-vente-stenshagen-tatt-ut-til-ol-2","status":"publish","type":"post","link":"https:\/\/www.europesays.com\/no\/130408\/","title":{"rendered":"Vinter-OL, Mattis Stenshagen | Iversen m\u00e5 vente \u2013 Stenshagen tatt ut til OL"},"content":{"rendered":"\n<p>I en pressemelding fra Olympiatoppen tirsdag har Mattis Stenshagen f\u00e5tt plass, etter \u00e5 ha imponert voldsomt i Tour de Ski.<\/p>\n<p>Emil Iversen har ikke f\u00e5tt plass i andre gruppen over OL-uttatte ut\u00f8vere, og m\u00e5 klamre seg til h\u00e5pet om \u00e5 komme til lekene p\u00e5 et senere tidspunkt.<\/p>\n<p>Det er n\u00e5 kun to ledige herreplasser til OL i Italia som starter i februar. Neste innstilling blir klar etter NM i Steinkjer, som arrangeres fra 14.-18. januar.<\/p>\n<p>\u2013 Vi skal ta ut det beste laget Norge kan stille med i OL. Det inneb\u00e6rer at vi m\u00e5 se p\u00e5 helheten og hvordan vi kan prestere s\u00e5 bra som mulig p\u00e5 alle distanser, sier landslagssjef Per Elias Kalfoss.<\/p>\n<p><b>Les ogs\u00e5: <\/b><a href=\"https:\/\/www.nettavisen.no\/sport\/karoline-24-knuste-stjerner-etter-toff-tid\/s\/5-95-2809604\" rel=\"Follow nofollow noopener\" target=\"_blank\">Karoline (24) knuste langrennsstjerner etter t\u00f8ff tid: \u2013 Sorg og stress<\/a><\/p>\n<p>   <img decoding=\"async\" width=\"3936\" height=\"2632\" fetchpriority=\"low\"  loading=\"lazy\"  src=\"https:\/\/www.europesays.com\/no\/wp-content\/uploads\/2026\/01\/cueres_scp-mangler_navn_1sMZcdryzUM.jpg\" alt=\"Alpe Cermis, Italia 20260104. &#10;Mattis Stenshagen i m\u00e5lomr\u00e5det etter siste etappe opp \" monsterbakken=\"\" i=\"\" alpe=\"\" cermis=\"\" val=\"\" di=\"\" fiemme.=\"\" foto:=\"\" terje=\"\" pedersen=\"\" ntb=\"\" class=\"brick-c-cFOWSL\" style=\"--brick-image-ratio: 3936 \/ 2632;\"\/><\/p>\n<p>      TATT UT: Mattis Stenshagen har f\u00e5tt plass p\u00e5 det norske OL-laget.<br \/>\n      Foto: Terje Pedersen\n    <\/p>\n<p>At landslagsledelsen har valgt \u00e5 utelate b\u00e5de Emil Iversen og Julie Bjervig Drivenes f\u00e5r flere eksperter til \u00e5 steile.<\/p>\n<p>\u2013 N\u00e5 tipper jeg det flyr tallerkener og glass vegg i mellom hos Emil Iversen. Han m\u00e5 med rette v\u00e6re skikkelig forbanna, sier Nettavisens kommentator Ernst A. Lersveen.<\/p>\n<p><b>Les ogs\u00e5: <\/b><a href=\"https:\/\/www.nettavisen.no\/sport\/karoline-24-knuste-stjerner-etter-toff-tid\/s\/5-95-2809604\" rel=\"Follow nofollow noopener\" target=\"_blank\">Karoline (24) knuste langrennsstjerner etter t\u00f8ff tid: \u2013 Sorg og stress<\/a><\/p>\n<p>\u2013 Iversen kommer til \u00e5 oppfatte det som at landslagsledelsen h\u00e5per at en landslagsut\u00f8ver g\u00e5r fort i NM, slik at de kan ta ut han. Det skj\u00f8nner jeg at han f\u00f8ler er ufint, for det er det. For dette er urimelig.<\/p>\n<p>   <img decoding=\"async\" width=\"6000\" height=\"3375\" fetchpriority=\"low\"  loading=\"lazy\"  src=\"https:\/\/www.europesays.com\/no\/wp-content\/uploads\/2025\/12\/cueres_scp-mangler_navn_swHiBHCH6PQ.jpg\" alt=\"Ernst A. Lersveen\" class=\"brick-c-cFOWSL\" style=\"--brick-image-ratio: 6000 \/ 3375;\"\/><\/p>\n<p>      NETTAVISEN-KOMMENTATOR: Ernst A. Lersveen.<br \/>\n      Foto: Terje Pedersen (NTB)\n    <\/p>\n<p>  Stenshagen f\u00f8ler med Iversen<\/p>\n<p>Nettavisen f\u00e5r noen minutter p\u00e5 telefon med en sv\u00e6rt lykkelig Mattis Stenshagen etter uttaket.<\/p>\n<p>Han forteller samtidig at han f\u00f8ler veldig med kompisen Iversen.<\/p>\n<p>\u2013 Jeg f\u00f8ler med han. Han har levert en kjempegod sesong, s\u00e5 det m\u00e5 naturligvis v\u00e6re veldig tungt \u00e5 f\u00e5 beskjeden n\u00e5.<\/p>\n<p>\u2013 Hvordan hadde du f\u00f8lt p\u00e5 det om planene m\u00e5tte endres, ved \u00e5 g\u00e5 NM, s\u00e5 tett p\u00e5 OL?<\/p>\n<p>\u2013 Da hadde jeg sett p\u00e5 mulighetene til ta medalje i OL som litt redusert. For det er krevende \u00e5 st\u00e5 i en uttaksprossess. Man m\u00e5 hele tiden bygge opp overskudd, b\u00e5de fysisk og psykisk, som er utrolig t\u00f8ft, sier han.<\/p>\n<p>Og kommer med en klar oppfordring:<\/p>\n<p>\u2013 Jeg skj\u00f8nner at det er vanskelig \u00e5 fordele de siste plassene, men du trenger ikke gj\u00f8re det vanskeligere enn det er. Jeg veldig med Emil.<\/p>\n<p>   <img decoding=\"async\" width=\"6000\" height=\"4000\" fetchpriority=\"low\"  loading=\"lazy\"  src=\"https:\/\/www.europesays.com\/no\/wp-content\/uploads\/2026\/01\/cueres_scp-mangler_navn_QIcumhxhU_w.jpg\" alt=\"Vinterprofilene til TV 2 foran kommende skisesong. &#10;Petter Skinstad - ekspert langrenn&#10;\" class=\"brick-c-cFOWSL\" style=\"--brick-image-ratio: 6000 \/ 4000;\"\/><\/p>\n<p>      RASER: TV 2-ekspert Petter Skinstad g\u00e5r langt i sin kritikk mot skiforbundet.<br \/>\n      Foto: Jan-Petter Dahl \/ TV 2\n    <\/p>\n<p>TV 2s Petter Skinstad forst\u00e5r sv\u00e6rt lite av av landslagsledelsens vurderinger.<\/p>\n<p>\u2013 Jeg er skremt over valget som er tatt av landslagsledelsen, men jeg er dessverre ikke overrasket. Jeg stiller et stort sp\u00f8rsm\u00e5l ved vurderingsevnen til landslagsledelsen. Det framst\u00e5r \u00e5penbart at Emil Iversen og Julie Bjervig Drivenes har levert resultater som gj\u00f8r at de burde ha v\u00e6rt OL-klare, sier han til NTB.<\/p>\n<p>\u2013 Ikke minst gjelder det Drivenes. Kvinnel\u00f8perne har underprestert s\u00e5 langt, og Drivenes har levert superbra resultater helt siden \u00e5pningshelgen p\u00e5 Beitost\u00f8len. Jeg mener at landslagsledelsen h\u00e5ner alle ut\u00f8verne ved ikke \u00e5 f\u00f8lge egne uttakskriterier. Det er b\u00e5de skuffende og skremmende, og det med to streker under, legger han til.<\/p>\n<p><b>Les ogs\u00e5: <\/b><a href=\"https:\/\/www.nettavisen.no\/sport\/karoline-24-knuste-stjerner-etter-toff-tid\/s\/5-95-2809604\" rel=\"Follow nofollow noopener\" target=\"_blank\">Karoline (24) knuste langrennsstjerner etter t\u00f8ff tid: \u2013 Sorg og stress<\/a><\/p>\n<p>Overfor egen kanal g\u00e5r han enda lenger.<\/p>\n<p>\u2013 Jeg er dessverre ikke overrasket. Jeg lar meg dessverre ikke overraske lenger. Men det er like fullt feil. Og det er et skremmende maktmisbruk fra Norges skiforbunds side, sier Skinstad.<\/p>\n<p>NTB har fors\u00f8kt \u00e5 komme i kontakt med landslagssjef Per-Elias Kalfoss, forel\u00f8pig uten \u00e5 lykkes<\/p>\n<p>\u2013 Blir jeg ikke tatt ut, er det bare \u00e5 legge ned<\/p>\n<p>Fra f\u00f8r av er Johannes H\u00f8sflot Kl\u00e6bo, Erik Valnes, Martin L\u00f8wstr\u00f8m Nyenget, Einar Hedegart og Harald \u00d8stberg Amundsen allerede tatt ut til OL.<\/p>\n<p>De siste to plassene st\u00e5r i alle hovedsak mellom Emil Iversen, Oskar Opstad Vike, Ansgar Evensen, Lars Heggen og Andreas Fjorden Ree.<\/p>\n<p><b>Les ogs\u00e5: \u2013 <a href=\"https:\/\/www.nettavisen.no\/norsk-debatt\/ol-2026-emil-iversen-kan-bli-vraket-fra-alle-ol-distanser\/o\/5-95-2809235\" rel=\"Follow nofollow noopener\" target=\"_blank\">S\u00e5 brutalt er det, Iversen<\/a><\/b><\/p>\n<p>B\u00e5de Iversen og Stenshagen har v\u00e6rt krystallklare p\u00e5 at de fortjener en plass i OL-troppen, etter at begge imponerte i Tour de Ski.<\/p>\n<p>\u2013 Blir ikke jeg tatt ut til OL n\u00e5, da er det bare \u00e5 legge ned hele greia, uttalte Iversen til Viaplay etter \u00e5 ha blitt nummer tre p\u00e5 avslutningsetappen nylig.<\/p>\n<p>Emil Iversen har ikke besvart Nettavisens henvendelser tirsdag.<\/p>\n<p>Stenshagen leverte et formidabelt Tour de Ski, og vant blant annet etappen opp monsterbakken i Italia.<\/p>\n<p>Simpson-Larsen tatt ut p\u00e5 kvinnesiden<\/p>\n<p>P\u00e5 kvinnesiden fikk Simpson-Larsen plass etter helgens imponerende etappeseier i \u00abmonsterbakken\u00bb p\u00e5 Tour de Skis siste dag. F\u00f8r jul vant hun ogs\u00e5 i verdenscupen i Davos p\u00e5 10-kilometeren i fri teknikk, som var et direkte uttaksrenn.<\/p>\n<p>I likhet med Stenshagen st\u00e5r hun utenfor landslaget, men med to triumfer p\u00e5 kort tid ble 28-\u00e5ringen umulig \u00e5 overse.<\/p>\n<p>\u2013 Karoline har imponert med to seire i World Cup og viser at hun h\u00f8rer hjemme p\u00e5 den st\u00f8rste scenen. Vi ser fram til at hun representerer Norge i OL. Den siste perioden har v\u00e6rt krevende, og vi har stor respekt for hvordan hun har h\u00e5ndtert utfordringene med styrke og fokus, sier landslagssjef Per Elias Kalfoss.<\/p>\n<p>I kvinnetroppen er det fortsatt flere ledige plasser. Kristine Stav\u00e5s Skistad, Astrid \u00d8yre Slind og Heidi Weng ble alle OL-klare f\u00f8r jul, mens Karoline Simpson-Larsen fikk OL-billetten bekreftet tirsdag.<\/p>\n<p>Det var imidlertid flere som ventet at Julie Bjervig Drivenes ogs\u00e5 skulle f\u00e5 OL-billett tirsdag etter en positiv Tour de ski med femteplass i sammendraget, men Drivenes m\u00e5 vente.<\/p>\n","protected":false},"excerpt":{"rendered":"I en pressemelding fra Olympiatoppen tirsdag har Mattis Stenshagen f\u00e5tt plass, etter \u00e5 ha imponert voldsomt i Tour&hellip;\n","protected":false},"author":2,"featured_media":130243,"comment_status":"","ping_status":"","sticky":false,"template":"","format":"standard","meta":{"footnotes":""},"categories":[59],"tags":[30,28,29,83,82],"class_list":{"0":"post-130408","1":"post","2":"type-post","3":"status-publish","4":"format-standard","5":"has-post-thumbnail","7":"category-sport","8":"tag-no","9":"tag-norge","10":"tag-norway","11":"tag-sport","12":"tag-sports"},"share_on_mastodon":{"url":"https:\/\/pubeurope.com\/@no\/115849219480365849","error":""},"_links":{"self":[{"href":"https:\/\/www.europesays.com\/no\/wp-json\/wp\/v2\/posts\/130408","targetHints":{"allow":["GET"]}}],"collection":[{"href":"https:\/\/www.europesays.com\/no\/wp-json\/wp\/v2\/posts"}],"about":[{"href":"https:\/\/www.europesays.com\/no\/wp-json\/wp\/v2\/types\/post"}],"author":[{"embeddable":true,"href":"https:\/\/www.europesays.com\/no\/wp-json\/wp\/v2\/users\/2"}],"replies":[{"embeddable":true,"href":"https:\/\/www.europesays.com\/no\/wp-json\/wp\/v2\/comments?post=130408"}],"version-history":[{"count":0,"href":"https:\/\/www.europesays.com\/no\/wp-json\/wp\/v2\/posts\/130408\/revisions"}],"wp:featuredmedia":[{"embeddable":true,"href":"https:\/\/www.europesays.com\/no\/wp-json\/wp\/v2\/media\/130243"}],"wp:attachment":[{"href":"https:\/\/www.europesays.com\/no\/wp-json\/wp\/v2\/media?parent=130408"}],"wp:term":[{"taxonomy":"category","embeddable":true,"href":"https:\/\/www.europesays.com\/no\/wp-json\/wp\/v2\/categories?post=130408"},{"taxonomy":"post_tag","embeddable":true,"href":"https:\/\/www.europesays.com\/no\/wp-json\/wp\/v2\/tags?post=130408"}],"curies":[{"name":"wp","href":"https:\/\/api.w.org\/{rel}","templated":true}]}}