{"id":130411,"date":"2026-01-06T17:05:08","date_gmt":"2026-01-06T17:05:08","guid":{"rendered":"https:\/\/www.europesays.com\/no\/130411\/"},"modified":"2026-01-06T17:05:08","modified_gmt":"2026-01-06T17:05:08","slug":"frykter-at-han-vil-bli-stilt-for-riksrett","status":"publish","type":"post","link":"https:\/\/www.europesays.com\/no\/130411\/","title":{"rendered":"Frykter at han vil bli stilt for riksrett"},"content":{"rendered":"<p class=\"extendedContent hyperion-css-eyn926\" data-test-tag=\"lead-text\">P\u00e5 fem\u00e5rsdagen til stormingen av Kongressen, taler Trump til sine partifeller. \u2013 Hvis vi ikke vinner mellomvalget, vil jeg bli stilt for riksrett, sier presidenten. <\/p>\n<p><img decoding=\"async\" class=\"image-asset hyperion-css-u06ts1\" data-test-tag=\"image-asset\" src=\"https:\/\/www.europesays.com\/no\/wp-content\/uploads\/2026\/01\/a79c93ac-26fe-49fa-9c34-c9f04213649c.jpeg\"  alt=\"Trump fra podiet tirsdag.\"  loading=\"eager\" fetchpriority=\"high\" style=\"aspect-ratio:2048 \/ 1365\"\/>Trump fra podiet tirsdag. Foto: Kevin Lamarque \/ Reuters \/ NTB<\/p>\n<p class=\"paywall hyperion-css-1j42uic\">President Donald Trump bruker fem\u00e5rsdagen for stormingen av Kongressen til \u00e5 tale til republikanske kongressmedlemmer. Arrangementet finner sted p\u00e5 det nylig omd\u00f8pte Trump-Kennedy Center.<\/p>\n<p class=\"paywall hyperion-css-1j42uic\">Han \u00e5pner talen med \u00e5 skryte av det f\u00f8rste \u00e5ret av presidentperioden.<\/p>\n<p class=\"paywall hyperion-css-1j42uic\">\u2013 Vi har virkelig et suksessrikt presidentskap.<\/p>\n<p class=\"paywall hyperion-css-1j42uic\">Fra podiet dedikerer Trump talen til Doug LaMalfa som nylig mistet livet. Han var et republikansk kongressmedlem, og representerte et distrikt i Nord-California. Det er ikke kjent n\u00e5r eller hvordan han gikk bort, men d\u00f8dsfallet omtales som plutselig av flere kongressmedlemmer.<\/p>\n<p>Vil tape seter i Kongressen<\/p>\n<p class=\"paywall hyperion-css-1j42uic\">LaMalfas bortgang gj\u00f8r Trumps magre flertall i Kongressen enda smalere og kan gj\u00f8re det vanskeligere for presidenten \u00e5 f\u00e5 gjennomslag for egen politikk.<\/p>\n<p class=\"paywall hyperion-css-1j42uic\">Trump antydet selv at republikanerne sannsynligvis vil tape flere seter i \u00e5rets mellomvalg.<\/p>\n<p class=\"paywall hyperion-css-1j42uic\">\u2013 Det sies at n\u00e5r du vinner presidentkampen, taper du mellomvalget. Jeg skulle \u00f8nske du kunne forklare meg hva i helvete som skjer i offentlighetens sinn, sier han.<\/p>\n<p class=\"paywall hyperion-css-1j42uic\">Han advarte ogs\u00e5 om konsekvensene dersom republikanerne ikke vinner mellomvalget:<\/p>\n<p class=\"paywall hyperion-css-1j42uic\"><strong>\u2013 Hvis vi ikke vinner mellomvalget, vil jeg bli stilt for riksrett, sier Trump fra scenen. <\/strong><\/p>\n<p class=\"paywall hyperion-css-1j42uic\">Trump brukte ogs\u00e5 anledningen til \u00e5 vise til hva han har f\u00e5tt til i l\u00f8pet av det f\u00f8rste \u00e5ret i sin andre periode som president. Han hevdet at USA har tjent 39 milliarder dollar p\u00e5 tollsatsene han innf\u00f8rte i fjor sommer, f\u00f8r han langet ut mot tidligere president Joe Biden og den beryktede underskriftsmaskinenunderskriftsmaskinenAutopen. P\u00e5 <a data-test-tag=\"internal-link\" href=\"https:\/\/www.aftenposten.no\/verden\/i\/zOLW49\/donald-trum-med-skrytevegg-i-det-hvite-hus\" class=\"hyperion-css-1raymq9\" rel=\"nofollow noopener\" target=\"\" aria-label=\"Trumps nye skrytevegg\" theme=\"breaking-short\">Trumps nye skrytevegg<\/a> utenfor Det hvite hus, er Bidens bilde byttet ut med underskriftsmaskinen.<\/p>\n<p class=\"paywall hyperion-css-1j42uic\">Trump har gjentatte ganger hevdet at de fleste presidentordrene Biden effektuerte, var underskrevet med denne maskinen.<\/p>\n<p>\u2013 V\u00e5re valg er uredelige<\/p>\n<p class=\"paywall hyperion-css-1j42uic\">Trump gjentok ogs\u00e5 falske p\u00e5stander om at presidentvalget i 2020 var rigget, og at resultatet var u\u00e6rlig. <\/p>\n<p class=\"paywall hyperion-css-1j42uic\">\u2013 V\u00e5re valg er uredelige.<\/p>\n<p class=\"paywall hyperion-css-1j42uic\">Flere kilder har gjentatte ganger tilbakevist p\u00e5standene om at Trump egentlig vant valget i 2020. Trump-administrasjonen har foresl\u00e5tt \u00e5 stramme inn p\u00e5 reglene rundt valg, blant annet ved at velgere m\u00e5 ha med seg ID-papirer til valgurnene.<\/p>\n<p class=\"paywall hyperion-css-1j42uic\">Forslaget har v\u00e6rt kritisert av Demokrater, som mener det vil gj\u00f8re det vanskeligere for s\u00e5rbare grupper \u00e5 stemme. Trump hevder at motstanden stammer fra et \u00f8nske om \u00e5 tukle med valgresultater.<\/p>\n<p class=\"paywall hyperion-css-1j42uic\">Han hevdet ogs\u00e5 at det ikke hadde skjedd noen drap i Washington D.C. de siste syv m\u00e5nedene. Dette stemmer ikke, skriver <a aria-label=\"The New York Times\" class=\"breaking-short hyperion-css-1raymq9\" href=\"https:\/\/www.nytimes.com\/live\/2026\/01\/06\/us\/trump-news\/572641ba-4b2d-5125-a8aa-ced0a6737fc4?smid=url-share\" target=\"_blank\" rel=\"noopener nofollow noreferrer\" data-test-tag=\"external-link\">The New York Times<\/a>. Flere dusin er drept i l\u00f8pet av den perioden, skriver avisen. I august i fjor satte president Trump inn nasjonalgarden i Washington D.C. En f\u00f8deral domstol landet i desember p\u00e5 at styrkene kan bli v\u00e6rende i D.C., etter at en lavere domstol mente at troppene m\u00e5tte fjernes fra byen, skriver <a aria-label=\"NPR\" class=\"breaking-short hyperion-css-1raymq9\" href=\"https:\/\/www.npr.org\/2025\/12\/17\/nx-s1-5647680\/federal-court-says-troops-can-stay-in-d-c-and-hints-at-prolonged-deployment\" target=\"_blank\" rel=\"noopener nofollow noreferrer\" data-test-tag=\"external-link\">NPR<\/a>. <\/p>\n<p>Vil ikke markere 6. januar<\/p>\n<p class=\"paywall hyperion-css-1j42uic\">Den amerikanske regjeringen har tidligere sagt at de ikke vil avholde en markering p\u00e5 fem\u00e5rsdagen til stormingen av Kongressen i \u00e5r.<\/p>\n<p class=\"paywall hyperion-css-1j42uic\">En av president Donald Trumps f\u00f8rste handlinger som president, var \u00e5 frigj\u00f8re de snaut 1600 personene som ble d\u00f8mt i forbindelse med stormingen.If\u00f8lge en rapport fra Demokater i justiskomiteen er minst 33 av de frigitte blitt arrestert p\u00e5 nytt, for blant annet volds- og sedelighetsforbrytelser.<\/p>\n","protected":false},"excerpt":{"rendered":"P\u00e5 fem\u00e5rsdagen til stormingen av Kongressen, taler Trump til sine partifeller. \u2013 Hvis vi ikke vinner mellomvalget, vil&hellip;\n","protected":false},"author":2,"featured_media":130412,"comment_status":"","ping_status":"","sticky":false,"template":"","format":"standard","meta":{"footnotes":""},"categories":[12],"tags":[20,21,24,25,15,22,23,13,30,28,29,14,16,26,27,42,43,44,45],"class_list":{"0":"post-130411","1":"post","2":"type-post","3":"status-publish","4":"format-standard","5":"has-post-thumbnail","7":"category-verden","8":"tag-breaking-news","9":"tag-breakingnews","10":"tag-featured-news","11":"tag-featurednews","12":"tag-headlines","13":"tag-latest-news","14":"tag-latestnews","15":"tag-news","16":"tag-no","17":"tag-norge","18":"tag-norway","19":"tag-nyheter","20":"tag-overskrifter","21":"tag-top-stories","22":"tag-topstories","23":"tag-verden","24":"tag-world","25":"tag-world-news","26":"tag-worldnews"},"share_on_mastodon":{"url":"https:\/\/pubeurope.com\/@no\/115849247139068391","error":""},"_links":{"self":[{"href":"https:\/\/www.europesays.com\/no\/wp-json\/wp\/v2\/posts\/130411","targetHints":{"allow":["GET"]}}],"collection":[{"href":"https:\/\/www.europesays.com\/no\/wp-json\/wp\/v2\/posts"}],"about":[{"href":"https:\/\/www.europesays.com\/no\/wp-json\/wp\/v2\/types\/post"}],"author":[{"embeddable":true,"href":"https:\/\/www.europesays.com\/no\/wp-json\/wp\/v2\/users\/2"}],"replies":[{"embeddable":true,"href":"https:\/\/www.europesays.com\/no\/wp-json\/wp\/v2\/comments?post=130411"}],"version-history":[{"count":0,"href":"https:\/\/www.europesays.com\/no\/wp-json\/wp\/v2\/posts\/130411\/revisions"}],"wp:featuredmedia":[{"embeddable":true,"href":"https:\/\/www.europesays.com\/no\/wp-json\/wp\/v2\/media\/130412"}],"wp:attachment":[{"href":"https:\/\/www.europesays.com\/no\/wp-json\/wp\/v2\/media?parent=130411"}],"wp:term":[{"taxonomy":"category","embeddable":true,"href":"https:\/\/www.europesays.com\/no\/wp-json\/wp\/v2\/categories?post=130411"},{"taxonomy":"post_tag","embeddable":true,"href":"https:\/\/www.europesays.com\/no\/wp-json\/wp\/v2\/tags?post=130411"}],"curies":[{"name":"wp","href":"https:\/\/api.w.org\/{rel}","templated":true}]}}