{"id":130414,"date":"2026-01-06T17:07:09","date_gmt":"2026-01-06T17:07:09","guid":{"rendered":"https:\/\/www.europesays.com\/no\/130414\/"},"modified":"2026-01-06T17:07:09","modified_gmt":"2026-01-06T17:07:09","slug":"store-apner-for-at-norske-militaere-skal-trene-ukrainske-soldater-inne-i-ukraina-2","status":"publish","type":"post","link":"https:\/\/www.europesays.com\/no\/130414\/","title":{"rendered":"St\u00f8re \u00e5pner for at norske milit\u00e6re skal trene ukrainske soldater inne i Ukraina"},"content":{"rendered":"<p class=\"kicker t15 font-weight-bold m-font-weight-bold color_mobile_no_bg_color quaternary color_mobile_quaternary font-Trim text-case-transform-upper mobile-hasTextPadding\" style=\"\">Nyheter<\/p>\n<p>    Statsminister Jonas Gahr St\u00f8re (Ap) bekrefter at Norge vil bidra konkret til en sikkerhetsgaranti for Ukraina.<\/p>\n<p>\n        CAMP JOMSBORG: Ved Camp Jomsborg i den polske byen Lipa bidrar norske soldater til \u00e5 trene opp et ukrainsk brigadesystem.<br \/>\n        Foto: Krister S\u00f8rb\u00f8, Forsvarets forum\n    <\/p>\n<p>N\u00e5r en fredsavtale er p\u00e5 plass, vil Norge bidra med soldater til en sikringsstyrke i Ukraina, sier statsminister Jonas Gahr St\u00f8re (Ap).<\/p>\n<p>Det er f\u00f8rste gang statsministeren offentlig g\u00e5r ut med dette, opplyser Statsministerens kontor til NTB.<\/p>\n<p>\u2013 Norge kommer til \u00e5 bidra i den innsatsen som skal til for disse sikkerhetsgarantiene, sier St\u00f8re.<\/p>\n<p>Han er tirsdag i Paris for \u00e5 delta p\u00e5 m\u00f8tet i den s\u00e5kalte koalisjonen av villige land. Der st\u00e5r sikkerhetsgarantier til Ukraina \u00f8verst p\u00e5 dagsordenen.<\/p>\n<p>\u2013 De nordisk-baltiske landene tar p\u00e5 seg ansvaret for \u00e5 bygge opp en ukrainsk brigade. Vi vil ikke utelukke at norske milit\u00e6re ogs\u00e5 kan trene ukrainske milit\u00e6re inne i Ukraina, sier St\u00f8re.<\/p>\n<p>Dette vil f\u00f8rst bli aktuelt n\u00e5r en troverdig v\u00e5penhvile er p\u00e5 plass.<\/p>\n<p>Det er fortsatt ukrainske soldater som skal forsvare grensen, understreker han.<\/p>\n<p>\u2013 Vi skal bidra til at de har kapasitet til det, sier St\u00f8re.<\/p>\n<p>Den siste tiden har Norge bidratt til \u00e5 bygge opp et st\u00f8rre treningsanlegg for ukrainske soldater i Polen.<\/p>\n<p>Representanter fra 35 land, blant dem 27 statsoverhoder, er samlet i Paris tirsdag. Ogs\u00e5 Ukrainas president Volodymyr Zelenskyj er til stede.<\/p>\n<p>Det er ogs\u00e5 USA-forhandlerne Steve Witkoff og Donald Trumps svigers\u00f8nn Jared Kushner.<\/p>\n","protected":false},"excerpt":{"rendered":"Nyheter Statsminister Jonas Gahr St\u00f8re (Ap) bekrefter at Norge vil bidra konkret til en sikkerhetsgaranti for Ukraina. CAMP&hellip;\n","protected":false},"author":2,"featured_media":130415,"comment_status":"","ping_status":"","sticky":false,"template":"","format":"standard","meta":{"footnotes":""},"categories":[5],"tags":[20,21,24,25,15,19,22,23,17,18,13,30,28,29,14,16,26,27],"class_list":{"0":"post-130414","1":"post","2":"type-post","3":"status-publish","4":"format-standard","5":"has-post-thumbnail","7":"category-overskrifter","8":"tag-breaking-news","9":"tag-breakingnews","10":"tag-featured-news","11":"tag-featurednews","12":"tag-headlines","13":"tag-hovedoppslag","14":"tag-latest-news","15":"tag-latestnews","16":"tag-main-news","17":"tag-mainnews","18":"tag-news","19":"tag-no","20":"tag-norge","21":"tag-norway","22":"tag-nyheter","23":"tag-overskrifter","24":"tag-top-stories","25":"tag-topstories"},"share_on_mastodon":{"url":"https:\/\/pubeurope.com\/@no\/115849254938535545","error":""},"_links":{"self":[{"href":"https:\/\/www.europesays.com\/no\/wp-json\/wp\/v2\/posts\/130414","targetHints":{"allow":["GET"]}}],"collection":[{"href":"https:\/\/www.europesays.com\/no\/wp-json\/wp\/v2\/posts"}],"about":[{"href":"https:\/\/www.europesays.com\/no\/wp-json\/wp\/v2\/types\/post"}],"author":[{"embeddable":true,"href":"https:\/\/www.europesays.com\/no\/wp-json\/wp\/v2\/users\/2"}],"replies":[{"embeddable":true,"href":"https:\/\/www.europesays.com\/no\/wp-json\/wp\/v2\/comments?post=130414"}],"version-history":[{"count":0,"href":"https:\/\/www.europesays.com\/no\/wp-json\/wp\/v2\/posts\/130414\/revisions"}],"wp:featuredmedia":[{"embeddable":true,"href":"https:\/\/www.europesays.com\/no\/wp-json\/wp\/v2\/media\/130415"}],"wp:attachment":[{"href":"https:\/\/www.europesays.com\/no\/wp-json\/wp\/v2\/media?parent=130414"}],"wp:term":[{"taxonomy":"category","embeddable":true,"href":"https:\/\/www.europesays.com\/no\/wp-json\/wp\/v2\/categories?post=130414"},{"taxonomy":"post_tag","embeddable":true,"href":"https:\/\/www.europesays.com\/no\/wp-json\/wp\/v2\/tags?post=130414"}],"curies":[{"name":"wp","href":"https:\/\/api.w.org\/{rel}","templated":true}]}}