{"id":130416,"date":"2026-01-06T17:08:26","date_gmt":"2026-01-06T17:08:26","guid":{"rendered":"https:\/\/www.europesays.com\/no\/130416\/"},"modified":"2026-01-06T17:08:26","modified_gmt":"2026-01-06T17:08:26","slug":"sery-larsen-drar","status":"publish","type":"post","link":"https:\/\/www.europesays.com\/no\/130416\/","title":{"rendered":"Sery Larsen drar"},"content":{"rendered":"<p>Japhet Sery Larsen blir etter alt \u00e5 d\u00f8mme Branns neste salg. Midtstopperen reiser snart til USA for \u00e5 bli Philadelphia Union-spiller.\u00a0<\/p>\n<p><a href=\"https:\/\/www.bt.no\/sport\/ballspark\/i\/rrA108\/brann-har-mottatt-bud-paa-japhet-sery-larsen-fra-usa\" target=\"_blank\" rel=\"nofollow noopener\">Bergens Tidende<\/a> meldte forrige uke at MLS-klubben har lagt inn bud p\u00e5 25-\u00e5ringen.\u00a0<\/p>\n<p>Samme dag som resten av Brann-troppen drar til Marbella p\u00e5 treningsleir, sitter dansken og venter p\u00e5 en langt lengre reise.\u00a0<\/p>\n<p class=\"bold m-bold\" data-lab-font_weight=\"bold\">N\u00e5 blir det burgere og pommes p\u00e5 dansken, som, etter det TV 2 erfarer, setter seg p\u00e5 flyet vestover torsdag morgen.\u00a0<\/p>\n<p>Brann bekrefter p\u00e5 sine <a href=\"https:\/\/www.brann.no\/nyheter\/dette-er-troppen-som-reiser-til-marbella\" rel=\"nofollow noopener\" target=\"_blank\">nettsider <\/a>at de har kommet til enighet om en overgang for 25-\u00e5ringen.<\/p>\n<p>Sery Larsen ender dermed med 98 obligatoriske kamper i r\u00f8dt og hvitt.<\/p>\n<p>Philadelphia Union vant Eastern Conference i MLS forrige sesong, ett poeng foran Lionel Messis Inter Miami.<\/p>\n","protected":false},"excerpt":{"rendered":"Japhet Sery Larsen blir etter alt \u00e5 d\u00f8mme Branns neste salg. Midtstopperen reiser snart til USA for \u00e5&hellip;\n","protected":false},"author":2,"featured_media":130417,"comment_status":"","ping_status":"","sticky":false,"template":"","format":"standard","meta":{"footnotes":""},"categories":[59],"tags":[30,28,29,83,82],"class_list":{"0":"post-130416","1":"post","2":"type-post","3":"status-publish","4":"format-standard","5":"has-post-thumbnail","7":"category-sport","8":"tag-no","9":"tag-norge","10":"tag-norway","11":"tag-sport","12":"tag-sports"},"share_on_mastodon":{"url":"https:\/\/pubeurope.com\/@no\/115849258768234077","error":""},"_links":{"self":[{"href":"https:\/\/www.europesays.com\/no\/wp-json\/wp\/v2\/posts\/130416","targetHints":{"allow":["GET"]}}],"collection":[{"href":"https:\/\/www.europesays.com\/no\/wp-json\/wp\/v2\/posts"}],"about":[{"href":"https:\/\/www.europesays.com\/no\/wp-json\/wp\/v2\/types\/post"}],"author":[{"embeddable":true,"href":"https:\/\/www.europesays.com\/no\/wp-json\/wp\/v2\/users\/2"}],"replies":[{"embeddable":true,"href":"https:\/\/www.europesays.com\/no\/wp-json\/wp\/v2\/comments?post=130416"}],"version-history":[{"count":0,"href":"https:\/\/www.europesays.com\/no\/wp-json\/wp\/v2\/posts\/130416\/revisions"}],"wp:featuredmedia":[{"embeddable":true,"href":"https:\/\/www.europesays.com\/no\/wp-json\/wp\/v2\/media\/130417"}],"wp:attachment":[{"href":"https:\/\/www.europesays.com\/no\/wp-json\/wp\/v2\/media?parent=130416"}],"wp:term":[{"taxonomy":"category","embeddable":true,"href":"https:\/\/www.europesays.com\/no\/wp-json\/wp\/v2\/categories?post=130416"},{"taxonomy":"post_tag","embeddable":true,"href":"https:\/\/www.europesays.com\/no\/wp-json\/wp\/v2\/tags?post=130416"}],"curies":[{"name":"wp","href":"https:\/\/api.w.org\/{rel}","templated":true}]}}