{"id":130418,"date":"2026-01-06T17:12:23","date_gmt":"2026-01-06T17:12:23","guid":{"rendered":"https:\/\/www.europesays.com\/no\/130418\/"},"modified":"2026-01-06T17:12:23","modified_gmt":"2026-01-06T17:12:23","slug":"christopher-50-knuser-oslo-bors-slik-plukker-han-de-beste-innsideaksjene","status":"publish","type":"post","link":"https:\/\/www.europesays.com\/no\/130418\/","title":{"rendered":"Christopher (50) knuser Oslo B\u00f8rs: Slik plukker han de beste innsideaksjene"},"content":{"rendered":"<p>Christopher H. Strutz sa opp jobben i fjor for \u00e5 satse p\u00e5 sin egen innsideportef\u00f8lje. N\u00e5 har han studert alle fjor\u00e5rets innsidehandler, og funnet ut hvilke som gir h\u00f8yest avkastning.<\/p>\n<p>Publisert 15:07 | Oppdatert 16:57<\/p>\n<p><img decoding=\"async\" class=\"c-image--blurry c-image-fa\" data-id=\"8318862\" src=\"https:\/\/www.europesays.com\/no\/wp-content\/uploads\/2026\/01\/1767719543_147_pipe.jpeg\"  alt=\"Article lead\" style=\"position:relative;display:block;object-position:60.553940568475454% 27.56782945736434%\"\/><\/p>\n<p>BRA START: Christopher Haakon Strutz har i sin innsideportef\u00f8lje litt flere aksjer enn Finansavisens Innsideportef\u00f8lje. I fjor\u00e5rets tre siste kvartaler oppn\u00e5dde han en verdistigning p\u00e5 30,7 prosent.  <strong>FOTO: Iv\u00e1n Kverme<\/strong><\/p>\n","protected":false},"excerpt":{"rendered":"Christopher H. Strutz sa opp jobben i fjor for \u00e5 satse p\u00e5 sin egen innsideportef\u00f8lje. N\u00e5 har han&hellip;\n","protected":false},"author":2,"featured_media":130419,"comment_status":"","ping_status":"","sticky":false,"template":"","format":"standard","meta":{"footnotes":""},"categories":[56],"tags":[60,61,62,30,28,29],"class_list":{"0":"post-130418","1":"post","2":"type-post","3":"status-publish","4":"format-standard","5":"has-post-thumbnail","7":"category-naeringsliv","8":"tag-business","9":"tag-economy","10":"tag-naeringsliv","11":"tag-no","12":"tag-norge","13":"tag-norway"},"share_on_mastodon":{"url":"https:\/\/pubeurope.com\/@no\/115849274960677975","error":""},"_links":{"self":[{"href":"https:\/\/www.europesays.com\/no\/wp-json\/wp\/v2\/posts\/130418","targetHints":{"allow":["GET"]}}],"collection":[{"href":"https:\/\/www.europesays.com\/no\/wp-json\/wp\/v2\/posts"}],"about":[{"href":"https:\/\/www.europesays.com\/no\/wp-json\/wp\/v2\/types\/post"}],"author":[{"embeddable":true,"href":"https:\/\/www.europesays.com\/no\/wp-json\/wp\/v2\/users\/2"}],"replies":[{"embeddable":true,"href":"https:\/\/www.europesays.com\/no\/wp-json\/wp\/v2\/comments?post=130418"}],"version-history":[{"count":0,"href":"https:\/\/www.europesays.com\/no\/wp-json\/wp\/v2\/posts\/130418\/revisions"}],"wp:featuredmedia":[{"embeddable":true,"href":"https:\/\/www.europesays.com\/no\/wp-json\/wp\/v2\/media\/130419"}],"wp:attachment":[{"href":"https:\/\/www.europesays.com\/no\/wp-json\/wp\/v2\/media?parent=130418"}],"wp:term":[{"taxonomy":"category","embeddable":true,"href":"https:\/\/www.europesays.com\/no\/wp-json\/wp\/v2\/categories?post=130418"},{"taxonomy":"post_tag","embeddable":true,"href":"https:\/\/www.europesays.com\/no\/wp-json\/wp\/v2\/tags?post=130418"}],"curies":[{"name":"wp","href":"https:\/\/api.w.org\/{rel}","templated":true}]}}