{"id":130422,"date":"2026-01-06T17:15:21","date_gmt":"2026-01-06T17:15:21","guid":{"rendered":"https:\/\/www.europesays.com\/no\/130422\/"},"modified":"2026-01-06T17:15:21","modified_gmt":"2026-01-06T17:15:21","slug":"mandag-startet-rettssaken-som-kan-fa-store-konsekvenser-for-sykepleiere-over-60-ar","status":"publish","type":"post","link":"https:\/\/www.europesays.com\/no\/130422\/","title":{"rendered":"Mandag startet rettssaken som kan f\u00e5 store konsekvenser for sykepleiere over 60 \u00e5r"},"content":{"rendered":"<p>Bakgrunn<\/p>\n<p>Time kommune nektet en sykepleier over 60 \u00e5r \u00e5 ta ut den ekstra sammenhengende ferieuken hun hadde krav p\u00e5, fordi hun var satt opp p\u00e5 vakt p\u00e5 en helligdag midt i ferieuken. Sykepleieren gikk til sak med st\u00f8tte fra Norsk Sykepleierforbund (NSF) og vant i S\u00f8r-Rogaland tingrett. Hun fikk 10 000 kroner i erstatning for velferdstap, og kommunen ble d\u00f8mt til \u00e5 dekke 90 000 kroner i sakskostnader.<\/p>\n<p>Like f\u00f8r ankefristen gikk ut, anket kommunen dommen \u2013 med hjelp fra KS, som b\u00e5de stiller med advokater og tar regningen for anken.<\/p>\n<p>NSF er sterkt uenig og mener dommen bygger p\u00e5 riktig forst\u00e5else av ferieloven.<\/p>\n<p>Forbundet peker p\u00e5 at saken kan bli en <strong>prinsipiell presedens<\/strong> for alle turnusarbeidende sykepleiere over 60 \u00e5r, spesielt fordi den kan p\u00e5virke muligheten til \u00e5 f\u00e5 fri i forbindelse med r\u00f8de dager.<\/p>\n<p>Viktig sak for NSF<\/p>\n<p>\u2013 Har denne saken noe prinsipielt ved seg?<\/p>\n<p>\u2013 Ja, for den kan skape presedens for alle sykepleiere over 60 \u00e5r som \u00f8nsker fri p\u00e5 r\u00f8de dager. Det er en s\u00e6rlig viktig gruppe for oss. Vi vet at uf\u00f8regraden har en snittalder p\u00e5 58 \u00e5r. Mange klarer ikke \u00e5 st\u00e5 i jobb til pensjonsalder en gang, sa NSFs forbundsleder Lill Sverresdatter Larsen i et tidligere intervju med Sykepleien.<\/p>\n<p>Fylkesleder uenig med KS<\/p>\n<p>\u2013 Kommunesektorens interesseorganisasjon (KS) ser p\u00e5 denne saken som s\u00e5 prinsipielt viktig at de ber oss anke saken, sier kommunedirekt\u00f8r i Time kommune, Trygve Apeland, i en uttalelse p\u00e5 kommunen <a href=\"https:\/\/www.time.kommune.no\/aktuelt\/anker-dommen-om-uttak-av-ekstra-ferieveke.27550.aspx\" rel=\"nofollow noopener\" target=\"_blank\">sine hjemmesider<\/a>.<\/p>\n<p>KS&#8217; arbeidslivsdirekt\u00f8r Tor Arne Gangs\u00f8 siteres p\u00e5 at om dommen blir st\u00e5ende \u00abvil arbeidstakarar under 60 \u00e5r, til d\u00f8mes sm\u00e5barnsforeldre, m\u00e5tte p\u00e5leggast \u00e5 jobba p\u00e5 helg- og h\u00f8gtidsdagar som dei i lang tid i f\u00f8revegen har f\u00e5tt innvilga fri p\u00e5 og planlagt avvikling av\u00bb.<\/p>\n<p>Fylkesleder i NSF Rogaland, Aud H\u00f8lland Riise, deler ikke KS-direkt\u00f8rens vurdering:<\/p>\n<p>\u2013 Jeg registrerer at KS begrunner anken mer med konsekvensen av tingrettsdommen, enn det rettslige grunnlaget dommen er tuftet p\u00e5. Og at KS tilsynelatende mener det er prinsipielt viktig \u00e5 kunne nekte turnusarbeidere over 60 \u00e5r sammenhengende fri i h\u00f8ytider.<\/p>\n<p>Nesten alle fra fylkeskontoret i Rogaland og noen ledere og organisasjonssjef i Time kommune har alle m\u00f8tt opp i retten i dag.<\/p>\n","protected":false},"excerpt":{"rendered":"Bakgrunn Time kommune nektet en sykepleier over 60 \u00e5r \u00e5 ta ut den ekstra sammenhengende ferieuken hun hadde&hellip;\n","protected":false},"author":2,"featured_media":130423,"comment_status":"","ping_status":"","sticky":false,"template":"","format":"standard","meta":{"footnotes":""},"categories":[5],"tags":[20,21,24,25,15,19,22,23,17,18,13,30,28,29,14,16,26,27],"class_list":{"0":"post-130422","1":"post","2":"type-post","3":"status-publish","4":"format-standard","5":"has-post-thumbnail","7":"category-overskrifter","8":"tag-breaking-news","9":"tag-breakingnews","10":"tag-featured-news","11":"tag-featurednews","12":"tag-headlines","13":"tag-hovedoppslag","14":"tag-latest-news","15":"tag-latestnews","16":"tag-main-news","17":"tag-mainnews","18":"tag-news","19":"tag-no","20":"tag-norge","21":"tag-norway","22":"tag-nyheter","23":"tag-overskrifter","24":"tag-top-stories","25":"tag-topstories"},"share_on_mastodon":{"url":"https:\/\/pubeurope.com\/@no\/115849286347922787","error":""},"_links":{"self":[{"href":"https:\/\/www.europesays.com\/no\/wp-json\/wp\/v2\/posts\/130422","targetHints":{"allow":["GET"]}}],"collection":[{"href":"https:\/\/www.europesays.com\/no\/wp-json\/wp\/v2\/posts"}],"about":[{"href":"https:\/\/www.europesays.com\/no\/wp-json\/wp\/v2\/types\/post"}],"author":[{"embeddable":true,"href":"https:\/\/www.europesays.com\/no\/wp-json\/wp\/v2\/users\/2"}],"replies":[{"embeddable":true,"href":"https:\/\/www.europesays.com\/no\/wp-json\/wp\/v2\/comments?post=130422"}],"version-history":[{"count":0,"href":"https:\/\/www.europesays.com\/no\/wp-json\/wp\/v2\/posts\/130422\/revisions"}],"wp:featuredmedia":[{"embeddable":true,"href":"https:\/\/www.europesays.com\/no\/wp-json\/wp\/v2\/media\/130423"}],"wp:attachment":[{"href":"https:\/\/www.europesays.com\/no\/wp-json\/wp\/v2\/media?parent=130422"}],"wp:term":[{"taxonomy":"category","embeddable":true,"href":"https:\/\/www.europesays.com\/no\/wp-json\/wp\/v2\/categories?post=130422"},{"taxonomy":"post_tag","embeddable":true,"href":"https:\/\/www.europesays.com\/no\/wp-json\/wp\/v2\/tags?post=130422"}],"curies":[{"name":"wp","href":"https:\/\/api.w.org\/{rel}","templated":true}]}}