{"id":130434,"date":"2026-01-06T17:30:10","date_gmt":"2026-01-06T17:30:10","guid":{"rendered":"https:\/\/www.europesays.com\/no\/130434\/"},"modified":"2026-01-06T17:30:10","modified_gmt":"2026-01-06T17:30:10","slug":"da-forskerne-observerte-den-enorme-stjernen-oppdaget-de-noe-som-rokker-ved-en-av-vare-grunnleggende-teorier-om-livets-byggesteiner","status":"publish","type":"post","link":"https:\/\/www.europesays.com\/no\/130434\/","title":{"rendered":"Da forskerne observerte den enorme stjernen, oppdaget de noe som rokker ved en av v\u00e5re grunnleggende teorier om livets byggesteiner"},"content":{"rendered":"<p>N\u00e5r astronomene forsker p\u00e5 livets opprinnelse p\u00e5 <a href=\"https:\/\/illvit.no\/universet\/solsystemet\/jorden\" target=\"_blank\" class=\"hover:font-bold\" rel=\"nofollow noopener\">jorden<\/a> \u2013 og hvordan det kan oppst\u00e5 andre steder \u2013 ser de p\u00e5 hvordan gamle <a href=\"https:\/\/illvit.no\/universet\/stjerner\" target=\"_blank\" class=\"hover:font-bold\" rel=\"nofollow noopener\">stjerner<\/a> sprer gass og st\u00f8v ut i verdensrommet.<\/p>\n<p>Dette materialet kan nemlig inneholde viktige <a href=\"https:\/\/illvit.no\/fysikk\/det-periodiske-systemet\/grunnstoffer-les-om-jordens-fantastiske-grunnstoffer\" class=\"hover:font-bold\" rel=\"nofollow noopener\" target=\"_blank\">grunnstoffer<\/a> som kan bli til nye planeter og liv.<\/p>\n<p>En av astronomenes favorittstjerner heter R Doradus. Den ligger bare 180 lys\u00e5r fra jorden og kan ses fra den s\u00f8rlige halvkule, noe som gj\u00f8r den lett \u00e5 studere.<\/p>\n<p>I en ny studie har et forskerteam fra Chalmers tekniska h\u00f6gskola i G\u00f6teborg observert R Doradus \u2013 og de har oppdaget noe som rokker ved en grunnleggende teori om hvordan livets byggesteiner er spredt utover i <a href=\"https:\/\/illvit.no\/universet\" target=\"_blank\" class=\"hover:font-bold\" rel=\"nofollow noopener\">universet<\/a>.<\/p>\n<p>\u00abVi trodde vi hadde en god forst\u00e5else av hvordan prosessen fungerte. Det viser seg at vi tok feil\u00bb, sier Theo Khouri, astronom ved Chalmers  og medforfatter av studien.<\/p>\n","protected":false},"excerpt":{"rendered":"N\u00e5r astronomene forsker p\u00e5 livets opprinnelse p\u00e5 jorden \u2013 og hvordan det kan oppst\u00e5 andre steder \u2013 ser&hellip;\n","protected":false},"author":2,"featured_media":130435,"comment_status":"","ping_status":"","sticky":false,"template":"","format":"standard","meta":{"footnotes":""},"categories":[57],"tags":[30,28,29,65,63,64,66,70,69,67,68],"class_list":{"0":"post-130434","1":"post","2":"type-post","3":"status-publish","4":"format-standard","5":"has-post-thumbnail","7":"category-vitenskap-og-teknologi","8":"tag-no","9":"tag-norge","10":"tag-norway","11":"tag-science","12":"tag-science-and-technology","13":"tag-scienceandtechnology","14":"tag-technology","15":"tag-teknologi","16":"tag-vitenskap","17":"tag-vitenskap-og-teknologi","18":"tag-vitenskapteknologi"},"share_on_mastodon":{"url":"https:\/\/pubeurope.com\/@no\/115849345269340165","error":""},"_links":{"self":[{"href":"https:\/\/www.europesays.com\/no\/wp-json\/wp\/v2\/posts\/130434","targetHints":{"allow":["GET"]}}],"collection":[{"href":"https:\/\/www.europesays.com\/no\/wp-json\/wp\/v2\/posts"}],"about":[{"href":"https:\/\/www.europesays.com\/no\/wp-json\/wp\/v2\/types\/post"}],"author":[{"embeddable":true,"href":"https:\/\/www.europesays.com\/no\/wp-json\/wp\/v2\/users\/2"}],"replies":[{"embeddable":true,"href":"https:\/\/www.europesays.com\/no\/wp-json\/wp\/v2\/comments?post=130434"}],"version-history":[{"count":0,"href":"https:\/\/www.europesays.com\/no\/wp-json\/wp\/v2\/posts\/130434\/revisions"}],"wp:featuredmedia":[{"embeddable":true,"href":"https:\/\/www.europesays.com\/no\/wp-json\/wp\/v2\/media\/130435"}],"wp:attachment":[{"href":"https:\/\/www.europesays.com\/no\/wp-json\/wp\/v2\/media?parent=130434"}],"wp:term":[{"taxonomy":"category","embeddable":true,"href":"https:\/\/www.europesays.com\/no\/wp-json\/wp\/v2\/categories?post=130434"},{"taxonomy":"post_tag","embeddable":true,"href":"https:\/\/www.europesays.com\/no\/wp-json\/wp\/v2\/tags?post=130434"}],"curies":[{"name":"wp","href":"https:\/\/api.w.org\/{rel}","templated":true}]}}