{"id":130436,"date":"2026-01-06T17:33:11","date_gmt":"2026-01-06T17:33:11","guid":{"rendered":"https:\/\/www.europesays.com\/no\/130436\/"},"modified":"2026-01-06T17:33:11","modified_gmt":"2026-01-06T17:33:11","slug":"vart-eu-nei-star-seg-godt","status":"publish","type":"post","link":"https:\/\/www.europesays.com\/no\/130436\/","title":{"rendered":"\u00abV\u00e5rt EU-nei st\u00e5r seg godt\u00bb"},"content":{"rendered":"\n<p class=\"_prefix_nfjwc_1 layout-padded\">Meninger<br \/>Debattinnlegg<\/p>\n<p class=\"_lead_o9xde_2 _lead_xtcu6_50 layout-component text-serif-m layout-normal text-serif-l _lead_1eue0_21 layout-component layout-normal layout-padded layout-padded\">Det er ingen god id\u00e9 for Norge \u00e5 melde seg inn i et synkende skip. <\/p>\n<p><img decoding=\"async\" class=\"_image_1pdwo_15\" itemprop=\"image\" loading=\"lazy\"  src=\"https:\/\/www.europesays.com\/no\/wp-content\/uploads\/2026\/01\/e1875f88-765f-4a00-8aee-aaddde0913db.png\"  width=\"40\"\/><strong>Nils Forren<\/strong><\/p>\n<p class=\"_description_1pdwo_10 text-sans-s\">Leder i Senterungdommen<\/p>\n<p><img alt=\"Den europeiske kraftsamlingen VG-kommentator Hans Petter Sj\u00f8li dr\u00f8mmer om, kommer ikke, skriver Nils Forren.  Foto: Cornelius Poppe \/ NTB\" class=\"_image_qp4xg_65 layout-component layout-wide\" data-fullscreen- data-track-element-type=\"Article image fullscreen\" data-track-name=\"ImageFullscreen\" fetchpriority=\"high\" decoding=\"sync\" loading=\"eager\" height=\"5212\" itemprop=\"image\"  src=\"https:\/\/www.europesays.com\/no\/wp-content\/uploads\/2026\/01\/00a2d27c-8318-40f7-81ba-3dd5ef5444e0.jpeg\"  style=\"object-position:0% 0%\" width=\"7818\"\/>Den europeiske kraftsamlingen VG-kommentator Hans Petter Sj\u00f8li dr\u00f8mmer om, kommer ikke, skriver Nils Forren.  Foto: Cornelius Poppe \/ NTBTirsdag 6. januar kl. 17:41     <\/p>\n<p class=\"_paragraph_o9xde_4 _paragraph_xtcu6_10 layout-component text-serif-m layout-normal text-serif-m layout-padded\">I en kommentar i VG tar Hans Petter Sj\u00f8li til orde for at<a href=\"https:\/\/www.vg.no\/nyheter\/i\/zOGBz9\/naa-maa-vi-snakke-om-eu\" data-track-element-type=\"Link\" data-track-id=\"link:zOGBz9\" class=\"_link_o9xde_39\" rel=\"nofollow noopener\" target=\"_blank\"> Norge m\u00e5 ha en ny EU-debatt<\/a>. <\/p>\n<p class=\"_paragraph_o9xde_4 _paragraph_xtcu6_10 layout-component text-serif-m layout-normal text-serif-m layout-padded\">Som s\u00e5 ofte f\u00f8r er konklusjonen i Akersgata gitt p\u00e5 forh\u00e5nd. Ogs\u00e5 denne gangen b\u00f8r det ende med fullt norsk <a href=\"https:\/\/www.vg.no\/tag\/eu?utm_source=vg-article&amp;utm_medium=auto-tagger&amp;utm_campaign=lnAd4L\" class=\"_link_o9xde_39\" rel=\"nofollow noopener\" target=\"_blank\">EU<\/a>-medlemskap.<\/p>\n<p class=\"_paragraph_o9xde_4 _paragraph_xtcu6_10 layout-component text-serif-m layout-normal text-serif-m layout-padded\">Det er nettopp i en slik situasjon det er verdt \u00e5 minne om \u00e9n ting:<\/p>\n<p class=\"_paragraph_o9xde_4 _paragraph_xtcu6_10 layout-component text-serif-m layout-normal text-serif-m layout-padded\"><strong class=\"_strong_o9xde_25\">V\u00e5rt nei st\u00e5r seg godt.<\/strong><\/p>\n<p class=\"_paragraph_o9xde_4 _paragraph_xtcu6_10 layout-component text-serif-m layout-normal text-serif-m layout-padded\">Sj\u00f8lis argumentasjon er velkjent. Verden er blitt mer multipolar. Stormaktene mer autorit\u00e6re. Polariseringen dypere. <\/p>\n<p class=\"_paragraph_o9xde_4 _paragraph_xtcu6_10 layout-component text-serif-m layout-normal text-serif-m layout-padded\">Derfor m\u00e5 Europa samle seg, og l\u00f8sningen er selvsagt EU.<\/p>\n<p class=\"_paragraph_o9xde_4 _paragraph_xtcu6_10 layout-component text-serif-m layout-normal text-serif-m layout-padded\">Det er nesten r\u00f8rende \u00e5 lese Sj\u00f8lis beskrivelse av EU som \u00abden viktigste bastionen for en liberal og rettsbasert verdensorden\u00bb. <\/p>\n<p class=\"_paragraph_o9xde_4 _paragraph_xtcu6_10 layout-component text-serif-m layout-normal text-serif-m layout-padded\"><strong class=\"_strong_o9xde_25\">Problemet er bare at det ikke stemmer.<\/strong><\/p>\n<p><img alt=\"Ap-toppene St\u00f8re og Stoltenberg b\u00f8r vise lederskap i en s\u00e6rdeles uforutsigbar geopolitisk situasjon, skrev VGs kommentator mandag.  Foto: G\u00f8ran Bohlin \/ VG\" class=\"_image_qp4xg_65 layout-component layout-normal\" data-fullscreen- data-track-element-type=\"Article image fullscreen\" data-track-name=\"ImageFullscreen\" decoding=\"async\" loading=\"lazy\" height=\"5374\" itemprop=\"image\"  src=\"https:\/\/www.europesays.com\/no\/wp-content\/uploads\/2026\/01\/5699d892-5238-4519-918b-d554d6cf3b97.jpeg\"  style=\"object-position:0% 0%\" width=\"8256\"\/>Ap-toppene St\u00f8re og Stoltenberg b\u00f8r vise lederskap i en s\u00e6rdeles uforutsigbar geopolitisk situasjon, skrev VGs kommentator mandag.  Foto: G\u00f8ran Bohlin \/ VG<\/p>\n<p class=\"_paragraph_o9xde_4 _paragraph_xtcu6_10 layout-component text-serif-m layout-normal text-serif-m layout-padded\">En reell bastion for en rettsbasert verdensorden m\u00e5 kunne forsvare seg selv. <\/p>\n<p class=\"_paragraph_o9xde_4 _paragraph_xtcu6_10 layout-component text-serif-m layout-normal text-serif-m layout-padded\">I dag er 550 millioner europeere helt avhengige av 350 millioner amerikanere for \u00e5 st\u00e5 imot 150 millioner russere i krigen i Ukraina. <\/p>\n<p class=\"_paragraph_o9xde_4 _paragraph_xtcu6_10 layout-component text-serif-m layout-normal text-serif-m layout-padded\">EUs forsvarsevne er s\u00e5 svak at den f\u00e5r Manchester United til \u00e5 fremst\u00e5 som et velorganisert lag, for \u00e5 bruke et fotballbilde.<\/p>\n<p><img alt=\"ANGREP VENEZUELA: USA angrep hovedstaden Caracas l\u00f8rdag morgen og tok president Maduro til fange. Trump har ogs\u00e5 truet land som Gr\u00f8nland, Canada, Colombia, Cuba og Mexico.  Foto: VIDEO OBTAINED BY REUTERS \/ Reuters \/ NTB\" class=\"_image_qp4xg_65 layout-component layout-normal\" data-fullscreen- data-track-element-type=\"Article image fullscreen\" data-track-name=\"ImageFullscreen\" decoding=\"async\" loading=\"lazy\" height=\"1430\" itemprop=\"image\"  src=\"https:\/\/www.europesays.com\/no\/wp-content\/uploads\/2026\/01\/125d5f00-0efe-40bc-97f9-e1be6824fba7.jpeg\"  style=\"object-position:0% 0%\" width=\"810\"\/>ANGREP VENEZUELA: USA angrep hovedstaden Caracas l\u00f8rdag morgen og tok president Maduro til fange. Trump har ogs\u00e5 truet land som Gr\u00f8nland, Canada, Colombia, Cuba og Mexico.  Foto: VIDEO OBTAINED BY REUTERS \/ Reuters \/ NTB<\/p>\n<p class=\"_paragraph_o9xde_4 _paragraph_xtcu6_10 layout-component text-serif-m layout-normal text-serif-m layout-padded\">Den europeiske kraftsamlingen Sj\u00f8li dr\u00f8mmer om, kommer ikke. <\/p>\n<p class=\"_paragraph_o9xde_4 _paragraph_xtcu6_10 layout-component text-serif-m layout-normal text-serif-m layout-padded\">Ei heller om Norge melder seg inn. <\/p>\n<p class=\"_paragraph_o9xde_4 _paragraph_xtcu6_10 layout-component text-serif-m layout-normal text-serif-m layout-padded\">Mens Kina har bygget milit\u00e6r og \u00f8konomisk styrke i rekordfart, og Russland har vist vilje til \u00e5 bruke brutal makt, har EU brukt de siste 20 \u00e5rene p\u00e5 \u00e5 tape konkurransekraft og svekke sitt eget forsvar.<\/p>\n<p class=\"_paragraph_o9xde_4 _paragraph_xtcu6_10 layout-component text-serif-m layout-normal text-serif-m layout-padded\">Det mest avsl\u00f8rende er at EU ikke engang har \u00f8nsket \u00e5 gj\u00f8re noe med dette selv. <\/p>\n<p class=\"_paragraph_o9xde_4 _paragraph_xtcu6_10 layout-component text-serif-m layout-normal text-serif-m layout-padded\">F\u00f8rst n\u00e5r Donald Trump presser europeiske land til \u00e5 bruke mer p\u00e5 forsvar, bygge ut energi og effektivisere n\u00e6ringslivet, skjer det noe. <\/p>\n<p class=\"_paragraph_o9xde_4 _paragraph_xtcu6_10 layout-component text-serif-m layout-normal text-serif-m layout-padded\">Hadde europeiske ledere f\u00e5tt styre uforstyrret, ville resultatet v\u00e6rt mindre forsvar, svakere n\u00e6ringsliv og flere reguleringer, sykkelveier og symbolpolitikk. <\/p>\n<p class=\"_paragraph_o9xde_4 _paragraph_xtcu6_10 layout-component text-serif-m layout-normal text-serif-m layout-padded\">EU mangler dessuten det som faktisk gj\u00f8r en forsvarsallianse til nettopp det. <\/p>\n<p class=\"_paragraph_o9xde_4 _paragraph_xtcu6_10 layout-component text-serif-m layout-normal text-serif-m layout-padded\">EU mangler USA, Storbritannia, Canada og Norge, alts\u00e5 de viktigste bidragsyterne og strategisk tilgang til Nordomr\u00e5dene. <\/p>\n<p class=\"_paragraph_o9xde_4 _paragraph_xtcu6_10 layout-component text-serif-m layout-normal text-serif-m layout-padded\">EU mangler kommandostrukturer, planverk og operativ samordning. <\/p>\n<p class=\"_paragraph_o9xde_4 _paragraph_xtcu6_10 layout-component text-serif-m layout-normal text-serif-m layout-padded\">Kort sagt, EU mangler det meste.<\/p>\n<p class=\"_paragraph_o9xde_4 _paragraph_xtcu6_10 layout-component text-serif-m layout-normal text-serif-m layout-padded\">Som den tidligere kommisjonspresidenten Walter Hallstein \u00e6rlig sa det:<\/p>\n<p class=\"_paragraph_o9xde_4 _paragraph_xtcu6_10 layout-component text-serif-m layout-normal text-serif-m layout-padded\">\u00abDon\u2019t waste time talking about defence. In the first place we don\u2019t understand it. In the second place we\u2019ll all disagree.\u00bb<\/p>\n<p class=\"_paragraph_o9xde_4 _paragraph_xtcu6_10 layout-component text-serif-m layout-normal text-serif-m layout-padded\">Norge kan selvf\u00f8lgelig v\u00e6re en p\u00e5driver for \u00e5 s\u00f8rge for at andre NATO-land styrker sine forsvarsevner for \u00e5 st\u00e5 imot de utfordringer som vil komme. <\/p>\n<p class=\"_paragraph_o9xde_4 _paragraph_xtcu6_10 layout-component text-serif-m layout-normal text-serif-m layout-padded\">Men \u00e5 si at Norge blir tryggere av \u00e5 melde seg inn i EU, er feil, og bidrar kun til t\u00e5kelegging av den reelle innenrikspolitiske debatten vi faktisk burde ha.<\/p>\n<p class=\"_paragraph_o9xde_4 _paragraph_xtcu6_10 layout-component text-serif-m layout-normal text-serif-m layout-padded\">Det er ingen god id\u00e9 for Norge \u00e5 melde seg inn i et synkende skip. I stedet b\u00f8r fokuset v\u00e6re p\u00e5 \u00e5 f\u00e5 orden i eget hus. <\/p>\n<p class=\"_paragraph_o9xde_4 _paragraph_xtcu6_10 layout-component text-serif-m layout-normal text-serif-m layout-padded\">Norge m\u00e5 styrke forsvaret kraftig, bygge reell matsikkerhet og egenberedskap, og styrke det transatlantiske samarbeidet, b\u00e5de innenfor og utenfor NATO. <\/p>\n<p class=\"_paragraph_o9xde_4 _paragraph_xtcu6_10 layout-component text-serif-m layout-normal text-serif-m layout-padded\">Dette er tema som Sj\u00f8li dessverre ikke tar opp, men som burde v\u00e6rt i fokus.<\/p>\n<p class=\"_paragraph_o9xde_4 _paragraph_xtcu6_10 layout-component text-serif-m layout-normal text-serif-m layout-padded\"><strong class=\"_strong_o9xde_25\">For i en farligere verden er det best \u00e5 v\u00e6re budd.budd.forberedt<\/strong><\/p>\n<p><img alt=\"Foto: NICOLAS TUCAT \/ AFP \/ NTB\" class=\"_image_qp4xg_65 layout-component layout-normal\" data-fullscreen- data-track-element-type=\"Article image fullscreen\" data-track-name=\"ImageFullscreen\" decoding=\"async\" loading=\"lazy\" height=\"5423\" itemprop=\"image\"  src=\"https:\/\/www.europesays.com\/no\/wp-content\/uploads\/2026\/01\/ea6c8143-8098-461b-ad4b-f1579f578c86.jpeg\"  style=\"object-position:0% 0%\" width=\"8134\"\/>Foto: NICOLAS TUCAT \/ AFP \/ NTB<br \/>\nLes ogs\u00e5<br \/>\n   Dette er en kronikk. Kronikken gir uttrykk for skribentens holdning. Du kan sende inn kronikker og debattinnlegg til <a class=\"_link_jv5ak_10\" href=\"https:\/\/www.vg.no\/nyheter\/i\/lnAd4L\/mailto:debatt@vg.no\" rel=\"nofollow noopener\" target=\"_blank\">debatt@vg.no<\/a>. <\/p>\n","protected":false},"excerpt":{"rendered":"MeningerDebattinnlegg Det er ingen god id\u00e9 for Norge \u00e5 melde seg inn i et synkende skip. Nils Forren&hellip;\n","protected":false},"author":2,"featured_media":130437,"comment_status":"","ping_status":"","sticky":false,"template":"","format":"standard","meta":{"footnotes":""},"categories":[10],"tags":[20,21,55,279,24,25,226,2112,15,22,23,13,30,28,29,14,16,26,27,103],"class_list":{"0":"post-130436","1":"post","2":"type-post","3":"status-publish","4":"format-standard","5":"has-post-thumbnail","7":"category-norge","8":"tag-breaking-news","9":"tag-breakingnews","10":"tag-donald-trump","11":"tag-eu","12":"tag-featured-news","13":"tag-featurednews","14":"tag-forsvar","15":"tag-gronland","16":"tag-headlines","17":"tag-latest-news","18":"tag-latestnews","19":"tag-news","20":"tag-no","21":"tag-norge","22":"tag-norway","23":"tag-nyheter","24":"tag-overskrifter","25":"tag-top-stories","26":"tag-topstories","27":"tag-vgmeninger"},"share_on_mastodon":{"url":"https:\/\/pubeurope.com\/@no\/115849357194391643","error":""},"_links":{"self":[{"href":"https:\/\/www.europesays.com\/no\/wp-json\/wp\/v2\/posts\/130436","targetHints":{"allow":["GET"]}}],"collection":[{"href":"https:\/\/www.europesays.com\/no\/wp-json\/wp\/v2\/posts"}],"about":[{"href":"https:\/\/www.europesays.com\/no\/wp-json\/wp\/v2\/types\/post"}],"author":[{"embeddable":true,"href":"https:\/\/www.europesays.com\/no\/wp-json\/wp\/v2\/users\/2"}],"replies":[{"embeddable":true,"href":"https:\/\/www.europesays.com\/no\/wp-json\/wp\/v2\/comments?post=130436"}],"version-history":[{"count":0,"href":"https:\/\/www.europesays.com\/no\/wp-json\/wp\/v2\/posts\/130436\/revisions"}],"wp:featuredmedia":[{"embeddable":true,"href":"https:\/\/www.europesays.com\/no\/wp-json\/wp\/v2\/media\/130437"}],"wp:attachment":[{"href":"https:\/\/www.europesays.com\/no\/wp-json\/wp\/v2\/media?parent=130436"}],"wp:term":[{"taxonomy":"category","embeddable":true,"href":"https:\/\/www.europesays.com\/no\/wp-json\/wp\/v2\/categories?post=130436"},{"taxonomy":"post_tag","embeddable":true,"href":"https:\/\/www.europesays.com\/no\/wp-json\/wp\/v2\/tags?post=130436"}],"curies":[{"name":"wp","href":"https:\/\/api.w.org\/{rel}","templated":true}]}}