{"id":130442,"date":"2026-01-06T17:38:26","date_gmt":"2026-01-06T17:38:26","guid":{"rendered":"https:\/\/www.europesays.com\/no\/130442\/"},"modified":"2026-01-06T17:38:26","modified_gmt":"2026-01-06T17:38:26","slug":"espen-lind-om-kjaerlighet-familieliv-og-suksess-i-hver-gang-vi-motes","status":"publish","type":"post","link":"https:\/\/www.europesays.com\/no\/130442\/","title":{"rendered":"Espen Lind om kj\u00e6rlighet, familieliv og suksess i \u00abHver gang vi m\u00f8tes\u00bb"},"content":{"rendered":"<p class=\"kicker \" style=\"\">Espen Lind:<\/p>\n<p>  Gr\u00e5tkvalt forteller \u00abHver gang vi m\u00f8tes\u00bb-aktuelle Espen Lind om privatlivet.<\/p>\n<p>\n    DELER \u00c6RLIG: Espen Lind er kjent for \u00e5 verne godt om privatlivet. N\u00e5 letter han p\u00e5 sl\u00f8ret om ekteskapet med Lisa Tatjana Frimanslund. Foto: Andreas Fadum \/ Se og H\u00f8r\n  <\/p>\n<p>I flere ti\u00e5r har popstjerne Espen Lind (54) v\u00e6rt blant landets st\u00f8rste artister. Flere generasjoner fikk ogs\u00e5 \u00f8ynene opp for ham, da han ble menter i det popul\u00e6re TV 2-programmet \u00abThe Voice\u00bb.\u00a0<\/p>\n<p>    <a itemprop=\"url\" href=\"https:\/\/www.seher.no\/kjendis\/familielivet-kler-meg\/78698566\" rel=\"nofollow noopener\" target=\"_blank\"><\/p>\n<p>        <img loading=\"lazy\" decoding=\"async\" src=\"https:\/\/www.europesays.com\/no\/wp-content\/uploads\/2026\/01\/78698620.webp.webp\" width=\"147\" height=\"98\" title=\"Familielivet kler meg\" alt=\"\" class=\"lazyload\" style=\"--aspect-ratio-image: 1.50; \"\/><\/p>\n<p>        Familielivet kler meg<\/p>\n<p>    <\/a><\/p>\n<p>Lite visste han under f\u00f8rste sesong i dommerstolen, at han skulle treffe ei som senere skulle bli hans store kj\u00e6rlighet og kone. Det var derimot ikke kj\u00e6rlighet ved f\u00f8rste blikk.\u00a0<\/p>\n<p>Snarere tvert imot.\u00a0<\/p>\n<p>        <img loading=\"lazy\" decoding=\"async\" src=\"https:\/\/www.europesays.com\/no\/wp-content\/uploads\/2026\/01\/84060802.webp.webp\" width=\"667\" height=\"427\" title=\"\u00abTHE VOICEe\u00bb.: Jarle Bernhoft, Marion Ravn, Ingebj\u00f8rg Bratland og Espen Lind er mentorer i TV 2-programmet. Her sammen med programleder Siri Avlesen-\u00d8stli. Foto: TV 2\" alt=\"\" class=\"\" style=\"--aspect-ratio-image: 1.56; \"\/><\/p>\n<p>\n        \u00abTHE VOICEe\u00bb.: Jarle Bernhoft, Marion Ravn, Ingebj\u00f8rg Bratland og Espen Lind er mentorer i TV 2-programmet. Her sammen med programleder Siri Avlesen-\u00d8stli. Foto: TV 2\n    <\/p>\n<p>\u00abWhen Susannah Cries\u00bb-sangeren sendte nemlig Lisa Tatjana Frimanslund (39) ut av konkurransen. P\u00e5 det tidspunktet hadde de begge hver sin samboer, men da deres veier krysset halvannet \u00e5r senere under en felles spillejobb, ville amors piler det annerledes.\u00a0<\/p>\n<p>        KREVENDE INNSPILLING: David Eriksen \u00e5pner seg om hvordan det var \u00e5 spille inn \u00abAlle elsker David\u00bb samtidig som Tone Damlis s\u00f8ster gikk bort. Reporter: Nora Skavhaug. Video: Sanne Holt\/ R\u00f8d L\u00f8per\/ TV 2<\/p>\n<p>Fant lykken\t<\/p>\n<p>Da var de begge single, og Espen inviterte henne med p\u00e5 date. Resten er historie.\u00a0<\/p>\n<p>&#8211;\u00a0Det er n\u00e5 ti-elleve \u00e5r siden, og etter det har vi v\u00e6rt sammen, forteller han i \u00abHver gang vi m\u00f8tes\u00bb &#8211; hvor han n\u00e5 er akutell.<\/p>\n<p>        <img loading=\"lazy\" decoding=\"async\" src=\"https:\/\/www.europesays.com\/no\/wp-content\/uploads\/2026\/01\/84060865.webp.webp\" width=\"686\" height=\"1084\" title=\"M\u00d8TTES P\u00c5 TV: Lisa Tatjana og Espen m\u00f8ttes p\u00e5 TV. I dag er de gift og foreldre sammen. Foto: Tor Lindseth\/Se og H\u00f8r\" alt=\"\" class=\"\" style=\"--aspect-ratio-image: 0.63; \"\/><\/p>\n<p>\n        M\u00d8TTES P\u00c5 TV: Lisa Tatjana og Espen m\u00f8ttes p\u00e5 TV. I dag er de gift og foreldre sammen. Foto: Tor Lindseth\/Se og H\u00f8r\n    <\/p>\n<p>Duoen har senere gitt hverandre sitt ja, og selv om han sendte Lisa hjem fra \u00abThe Voice\u00bb for flere \u00e5r siden &#8211; noe hun fremdeles kan klage over &#8211; p\u00e5peker Espen at hun tross alt vant den st\u00f8rste prisen.\u00a0\u00a0<\/p>\n<p>        <img loading=\"lazy\" decoding=\"async\" src=\"https:\/\/www.europesays.com\/no\/wp-content\/uploads\/2026\/01\/84060816.webp.webp\" width=\"686\" height=\"796\" title=\"BRYLLUPSGJESTER: Ina Wroldsen, Espen Lind og kj\u00e6resten Lisa Tatjana Frimanslund var selvskrevne gjester da Tom Str\u00e6te Laergren, ogs\u00e5 kjent som Matoma, giftet seg med sin Maren Sofie Gjertsen i fjor. Foto: Andreas Fadum\/Se og H\u00f8r\" alt=\"\" class=\"\" style=\"--aspect-ratio-image: 0.86; \"\/><\/p>\n<p>\n        BRYLLUPSGJESTER: Ina Wroldsen, Espen Lind og kj\u00e6resten Lisa Tatjana Frimanslund var selvskrevne gjester da Tom Str\u00e6te Laergren, ogs\u00e5 kjent som Matoma, giftet seg med sin Maren Sofie Gjertsen i fjor. Foto: Andreas Fadum\/Se og H\u00f8r\n    <\/p>\n<p>Espen beskriver kona som den perfekte dama for seg, og forteller \u00e6rlig at ideen om den store kj\u00e6rligheten var noe han bare trodde fantes i romantiske noveller &#8211; og popl\u00e5ter. Plutselig hadde det skjedd med ham.\u00a0<\/p>\n<p>&#8211; Det \u00e5 ha henne ved siden av meg i livet, er en av de tingene jeg ikke visste at jeg savnet. Men n\u00e5r jeg f\u00f8rst har hatt det, kunne jeg ikke tenke meg \u00e5 v\u00e6re uten det. Det er kj\u00e6rlighet. S\u00e5 enkelt er det.\u00a0<\/p>\n<p>        <img loading=\"lazy\" decoding=\"async\" src=\"https:\/\/www.europesays.com\/no\/wp-content\/uploads\/2026\/01\/84060838.webp.webp\" width=\"686\" height=\"385\" title=\"TV-AKTUELL: Espen Lind var sesongens f\u00f8rste hedersgjest i \u00abHver gang vi m\u00f8tes\u00bb. Her sammen med Martinus Gunnersen, Herborg Kr\u00e5kevik, Musti, Andr\u00e9 Jensen, Martinus Gunnersen, Synne Vo og Marit Larsen. Foto: Vegard Breie\/TV2\" alt=\"\" class=\"\" style=\"--aspect-ratio-image: 1.78; \"\/><\/p>\n<p>\n        TV-AKTUELL: Espen Lind var sesongens f\u00f8rste hedersgjest i \u00abHver gang vi m\u00f8tes\u00bb. Her sammen med Martinus Gunnersen, Herborg Kr\u00e5kevik, Musti, Andr\u00e9 Jensen, Martinus Gunnersen, Synne Vo og Marit Larsen. Foto: Vegard Breie\/TV2\n    <\/p>\n<p>        <img loading=\"lazy\" decoding=\"async\" src=\"https:\/\/www.europesays.com\/no\/wp-content\/uploads\/2026\/01\/84060855.webp.webp\" width=\"579\" height=\"325\" title=\"STOR INTERESSE: Espen Lind elsker hunder, og overrasket de andre deltakerne i programmet med hundekj\u00f8ring. Foto: Vegard Breie\/TV 2\" alt=\"\" class=\"\" style=\"--aspect-ratio-image: 1.78; \"\/><\/p>\n<p>\n        STOR INTERESSE: Espen Lind elsker hunder, og overrasket de andre deltakerne i programmet med hundekj\u00f8ring. Foto: Vegard Breie\/TV 2\n    <\/p>\n<p>Gr\u00e5tkvalt om s\u00f8nnen\t<\/p>\n<p>Etter en tid sammen, fant paret ut at Lisa var gravid. Espen skulle bli pappa. Og for en kontrollfreak, som artisten beskriver seg selv som, var det stort \u00e5 skulle gi fra seg nettopp den.\u00a0<\/p>\n<p>54-\u00e5ringens hjerte er i dag dobbelt s\u00e5 stort, og han blir helt gr\u00e5tkvalt n\u00e5r han snakker om familiefor\u00f8kelsen.\u00a0<\/p>\n<p>        R\u00d8RT: Espen Lind blir emosjonell da Marit Larsen synger sin versjon av \u00abWhen Susanna Cries\u00bb i \u00abHver gang vi m\u00f8tes\u00bb. Video: \u00abHver gang vi m\u00f8tes\u00bb\/ TV 2<\/p>\n<p>&#8211; Jeg tror at det \u00e5 da f\u00f8rst treffe kona mi, og s\u00e5 f\u00e5 en s\u00f8nn, det var med p\u00e5 \u00e5 trekke meg ned p\u00e5 jorda og gi meg det livet jeg egentlig aldri visste jeg egentlig higet etter, forteller han.\u00a0<\/p>\n<p>I dag kan han i sm\u00e5 \u00f8yeblikk kjenne det bobler over inni ham av lykke, hvor han tenker at dette ikke var s\u00e5nn han s\u00e5 for seg livet som femten\u00e5ring, men at han samtidig ikke kan se for seg livet p\u00e5 en annen m\u00e5te.\u00a0<\/p>\n<p>Kona og s\u00f8nnen betyr alt.\u00a0<\/p>\n<p class=\"italic m-italic\" data-lab-italic=\"italic\">Se og H\u00f8r har fors\u00f8kt \u00e5 komme i kontakt med Espen Lind for en kommentar, men har ikke lykkes.\u00a0<\/p>\n<p>        <img loading=\"lazy\" decoding=\"async\" src=\"https:\/\/www.europesays.com\/no\/wp-content\/uploads\/2026\/01\/84060738.webp.webp\" width=\"686\" height=\"570\" title=\"VANT PRIS: Espen Lind ble k\u00e5ret til \u00e5rets artist og vinner av Spellemann i klassen \u00ab\u00c5rets l\u00e5t\u00bb. Her sammen med Lene Nystr\u00f8m fra Aqua som ble tildelt en spesialpris samtidig som hun delte ut pris. Foto: Lise \u00c5serud\/NTB\" alt=\"\" class=\"\" style=\"--aspect-ratio-image: 1.20; \"\/><\/p>\n<p>\n        VANT PRIS: Espen Lind ble k\u00e5ret til \u00e5rets artist og vinner av Spellemann i klassen \u00ab\u00c5rets l\u00e5t\u00bb. Her sammen med Lene Nystr\u00f8m fra Aqua som ble tildelt en spesialpris samtidig som hun delte ut pris. Foto: Lise \u00c5serud\/NTB\n    <\/p>\n<p>R\u00f8pet hemmeligheten\t<\/p>\n<p>At Espen n\u00e5 inviterer seerne inn i privatlivet, skjer ikke s\u00e6rlig ofte. Sangfuglen er kjent for \u00e5 holde kortene tett til brystet. Nyheten om at paret hadde f\u00e5tt en s\u00f8nn, vernet han om fra offentligheten i et halvt \u00e5r.\u00a0<\/p>\n<p>        TRAILER: \u00abHver gang vi m\u00f8tes\u00bb er tilbake med ny sesong. Video: \u00abHver gang vi m\u00f8tes\u00bb\/ TV 2<\/p>\n<p>&#8211; Det er veldig stas, sa han da han gjestet Radio Norges \u00abMorgenklubben\u00bb, og la ikke skjul p\u00e5 at livet var endret for alltid.<\/p>\n<p>&#8211;\u00a0Man blir en litt annen person. N\u00e5r man st\u00e5r midt oppi det er det kanskje litt vanskelig \u00e5 peke p\u00e5 n\u00f8yaktig hva det har gjort med meg. Jeg tror det er lettere \u00e5 se det om noen \u00e5r, fortsatte han.\u00a0<\/p>\n<p>        <img loading=\"lazy\" decoding=\"async\" src=\"https:\/\/www.europesays.com\/no\/wp-content\/uploads\/2026\/01\/84060875.webp.webp\" width=\"686\" height=\"1043\" title=\"TEATER-DATE: Lisa Tatjana og Espen Lind p\u00e5 \u00abThe Book of Mormon\u00bb p\u00e5 Folketeateret i Oslo. Foto: Andreas Fadum\/Se og H\u00f8r\" alt=\"\" class=\"\" style=\"--aspect-ratio-image: 0.66; \"\/><\/p>\n<p>\n        TEATER-DATE: Lisa Tatjana og Espen Lind p\u00e5 \u00abThe Book of Mormon\u00bb p\u00e5 Folketeateret i Oslo. Foto: Andreas Fadum\/Se og H\u00f8r\n    <\/p>\n<p>&#8211; Kler meg\t<\/p>\n<p>54-\u00e5ringen<a href=\"https:\/\/www.seher.no\/kjendis\/familielivet-kler-meg\/78698566\" rel=\"nofollow noopener\" target=\"_blank\"> f\u00e5r mye glede<\/a> av sm\u00e5barnslivet.\u00a0<\/p>\n<p>&#8211; Jeg har alltid levd et relativt straight liv. Jeg har aldri v\u00e6rt han som gikk sist hjem fra fest, eller holdt p\u00e5 lengst, eller var g\u00e6rnest. Jeg f\u00f8ler at det kler meg, har han fortalt i\u00a0 \u00abThe Voice\u00bb sin egen\u00a0<a href=\"https:\/\/podtail.com\/no\/podcast\/the-voice-mentorspesial\/the-voice-mentorspesial-espen-lind\/\" rel=\"nofollow noopener\" target=\"_blank\">podkast<\/a>.\u00a0<\/p>\n<p>Samtidig fortalte han om balansen han hadde funnet mellom musikk og familieliv hjemme i Son.\u00a0<\/p>\n<p>        <img loading=\"lazy\" decoding=\"async\" src=\"https:\/\/www.europesays.com\/no\/wp-content\/uploads\/2026\/01\/84060907.webp.webp\" width=\"686\" height=\"460\" title=\"FAMILIELIV: Espen Lind, kona og s\u00f8nnen har sl\u00e5tt seg til ro i Son. Foto: Tor Lindseth\/Se og H\u00f8r\" alt=\"\" class=\"\" style=\"--aspect-ratio-image: 1.49; \"\/><\/p>\n<p>\n        FAMILIELIV: Espen Lind, kona og s\u00f8nnen har sl\u00e5tt seg til ro i Son. Foto: Tor Lindseth\/Se og H\u00f8r\n    <\/p>\n<p>&#8211; Det gir meg enorm glede \u00e5 kunne holde p\u00e5 med det jeg gj\u00f8r, \u00e5 av og til v\u00e6re i TV-studio og gj\u00f8re \u00abThe Voice\u00bb. Av og til g\u00e5 ut og holde konsert, og folk kommer og h\u00f8rer p\u00e5, av og til dra i studio med en sv\u00e6r artist og jobbe med dem, for s\u00e5 \u00e5 pakke sammen, og g\u00e5 hjem etterp\u00e5 og v\u00e6re hjemme sammen med kona mi og s\u00f8nnen min og leve et skikkelig straight A4-liv, sa han, og fortsatte:<\/p>\n<p>&#8211; For meg som i s\u00e5 mange \u00e5r levde litt her og litt der, et mer ustrukturert liv enn det jeg kanskje egentlig hadde lyst til, s\u00e5 er det veldig fint.<\/p>\n","protected":false},"excerpt":{"rendered":"Espen Lind: Gr\u00e5tkvalt forteller \u00abHver gang vi m\u00f8tes\u00bb-aktuelle Espen Lind om privatlivet. DELER \u00c6RLIG: Espen Lind er kjent&hellip;\n","protected":false},"author":2,"featured_media":130443,"comment_status":"","ping_status":"","sticky":false,"template":"","format":"standard","meta":{"footnotes":""},"categories":[58],"tags":[4104,71,1875,3445,479,30,28,29,1873,72],"class_list":{"0":"post-130442","1":"post","2":"type-post","3":"status-publish","4":"format-standard","5":"has-post-thumbnail","7":"category-underholdning","8":"tag-eksklusivt","9":"tag-entertainment","10":"tag-espen-lind","11":"tag-hver-gang-vi-motes","12":"tag-kjendis","13":"tag-no","14":"tag-norge","15":"tag-norway","16":"tag-the-voice","17":"tag-underholdning"},"share_on_mastodon":{"url":"https:\/\/pubeurope.com\/@no\/115849376800448708","error":""},"_links":{"self":[{"href":"https:\/\/www.europesays.com\/no\/wp-json\/wp\/v2\/posts\/130442","targetHints":{"allow":["GET"]}}],"collection":[{"href":"https:\/\/www.europesays.com\/no\/wp-json\/wp\/v2\/posts"}],"about":[{"href":"https:\/\/www.europesays.com\/no\/wp-json\/wp\/v2\/types\/post"}],"author":[{"embeddable":true,"href":"https:\/\/www.europesays.com\/no\/wp-json\/wp\/v2\/users\/2"}],"replies":[{"embeddable":true,"href":"https:\/\/www.europesays.com\/no\/wp-json\/wp\/v2\/comments?post=130442"}],"version-history":[{"count":0,"href":"https:\/\/www.europesays.com\/no\/wp-json\/wp\/v2\/posts\/130442\/revisions"}],"wp:featuredmedia":[{"embeddable":true,"href":"https:\/\/www.europesays.com\/no\/wp-json\/wp\/v2\/media\/130443"}],"wp:attachment":[{"href":"https:\/\/www.europesays.com\/no\/wp-json\/wp\/v2\/media?parent=130442"}],"wp:term":[{"taxonomy":"category","embeddable":true,"href":"https:\/\/www.europesays.com\/no\/wp-json\/wp\/v2\/categories?post=130442"},{"taxonomy":"post_tag","embeddable":true,"href":"https:\/\/www.europesays.com\/no\/wp-json\/wp\/v2\/tags?post=130442"}],"curies":[{"name":"wp","href":"https:\/\/api.w.org\/{rel}","templated":true}]}}