{"id":130448,"date":"2026-01-06T17:49:09","date_gmt":"2026-01-06T17:49:09","guid":{"rendered":"https:\/\/www.europesays.com\/no\/130448\/"},"modified":"2026-01-06T17:49:09","modified_gmt":"2026-01-06T17:49:09","slug":"integrering-kan-mislykkes-adressa-no","status":"publish","type":"post","link":"https:\/\/www.europesays.com\/no\/130448\/","title":{"rendered":"Integrering kan mislykkes &#8211; adressa.no"},"content":{"rendered":"<p><img decoding=\"async\" src=\"data:image\/gif;base64,R0lGODlhEAAJAIAAAP\/\/\/wAAACH5BAEAAAAALAAAAAAQAAkAAAIKhI+py+0Po5yUFQA7\" alt=\"\"\/>     <\/p>\n<p>Publisert:<br \/>\n  6. januar 2026 kl. 17:06<br \/>\n  Oppdatert:<br \/>\n  6. januar 2026 kl. 17:06\n <\/p>\n<p>Dette er et debattinnlegg. Det gir uttrykk for debattantens egen holdning.<\/p>\n<p><strong>Jeg er innvandringsliberal.<\/strong> Ikke fordi jeg er naiv, men fordi jeg tror p\u00e5 menneskeverd, frihet og et samfunn som er sterkt nok til \u00e5 inkludere. Nettopp derfor reagerer jeg n\u00e5r Tonje Brenna og andre sier at vi liberale m\u00e5 \u00abskjerpe oss\u00bb. For ja, vi m\u00e5 skjerpe oss. Men ikke slik hun antyder.<\/p>\n<p>\u00c5 skjerpe seg er ikke \u00e5 gj\u00f8re innvandring til et problem i seg selv. \u00c5 skjerpe seg er \u00e5 ta ansvar for konsekvensene av politikken man f\u00f8rer. Det er \u00e5 erkjenne at innvandring uten fungerende integrering ikke er solidaritet, det er uansvarlighet.<\/p>\n<p>La oss begynne med det \u00e5penbare: Integrering kan mislykkes. Vi trenger ikke spekulere, vi kan se p\u00e5 konkrete eksempler. Sverige er det mest n\u00e6rliggende. Et land med gode intensjoner, h\u00f8y moralsk selvtillit og lenge en n\u00e6rmest grensel\u00f8s tro p\u00e5 at ting \u00abordner seg\u00bb. Det gjorde de ikke. Resultatet kjenner vi godt dessverre. Segregerte bydeler, parallellsamfunn, gjengkriminalitet og en politisk pendel som har svingt hardt i motsatt retning. Ikke fordi svensker er blitt onde, men fordi tilliten til prosjektet brast.<\/p>\n<p>Frankrike er et annet eksempel. Forsteder preget av utenforskap, arbeidsledighet og en stat som har v\u00e6rt til stede med politi, men frav\u00e6rende med muligheter. Ogs\u00e5 der ser vi hva som skjer n\u00e5r inkludering reduseres til retorikk.<\/p>\n<p>Dette handler ikke om \u00e5 peke finger mot \u00abinnvandrere\u00bb. Det handler om \u00e5 peke p\u00e5 samfunn som ikke tok integrering p\u00e5 alvor.<\/p>\n<p><a href=\"https:\/\/www.adressa.no\/debatt\/i\/lnA0WL\/plutselig-ble-innvandring-et-brennhett-tema-hvorfor\" rel=\"nofollow noopener\" target=\"_blank\"> <img decoding=\"async\" src=\"data:image\/gif;base64,R0lGODlhEAAJAIAAAP\/\/\/wAAACH5BAEAAAAALAAAAAAQAAkAAAIKhI+py+0Po5yUFQA7\" alt=\"\"\/>   Plutselig ble innvand\u00adring et brennhett tema. Hvorfor?  <\/a> <\/p>\n<p><strong>Og f\u00f8r noen <\/strong>sier \u00abmen Norge er ikke Sverige\u00bb: Nei, det er vi ikke. Men vi er heller ikke immune. Ogs\u00e5 her hjemme ser vi \u00f8kende ungdomskriminalitet i enkelte omr\u00e5der, lave sysselsettingstall i enkelte innvandrergrupper og barn som vokser opp i vedvarende utenforskap. Dette er ikke tilfeldigheter. Det er varsellamper<\/p>\n<p>\u00c5 p\u00e5peke dette er ikke h\u00f8yrepopulisme. Det er realisme. \u00c5 det er desto viktigere at vi liberale erkjenner dette.<\/p>\n<p>Derfor blir det for enkelt n\u00e5r Brenna og andre reduserer kritikken til et sp\u00f8rsm\u00e5l om moral. Problemet er ikke at liberale \u00abhar v\u00e6rt for snille\u00bb. Problemet er at vi som samfunn ikke har v\u00e6rt tydelige nok, konsekvente nok og forpliktende nok.<\/p>\n<p>For integrering skjer ikke av seg selv. Den krever en liberal politikk som faktisk fungerer!<\/p>\n<p><strong>Vi trenger at <\/strong>spr\u00e5kkrav faktisk blir fulgt opp, ikke bare vedtas. Vi trenger \u00e5 styrke integreringen, ikke kutte den, som Frp \u00f8nsker. Vi m\u00e5 v\u00e6re flinkere til \u00e5 inkludere flere inn i arbeidslivet. Samtidig m\u00e5 skolen v\u00e6re arena der man skaper vennskap, trygghet og opplever mestring og fellesskap.<\/p>\n<p>Vi burde styrke de sosiale arenaene og sikre inkludering. Britisk forskning fra London (<a href=\"https:\/\/ifs.org.uk\/articles\/how-cuts-youth-clubs-affected-teen-crime-and-education\" rel=\"noopener nofollow\" target=\"_blank\">Institute for Fiscal Studies<\/a>) viste at n\u00e5r rundt 30 prosent av ungdomsklubbene ble stengt i l\u00f8pet av 2010-tallet, \u00f8kte kriminaliteten blant unge merkbart. Samtidig viste de at ungdom som mistet n\u00e6r tilgang hadde 14 prosent st\u00f8rre sannsynlig for \u00e5 beg\u00e5 kriminalitet i \u00e5rene etter nedleggelsen sammenlignet med de som fortsatt hadde tilbudet. Dette viser tydelig at kutt i tilbud til unge har klar sammenheng med \u00f8kende ungdomskriminalitet. Samtidig er det viktig at vi har tydelige forventninger om deltakelse, likestilling og respekt for grunnleggende verdier.<\/p>\n<p><strong>Jeg vil v\u00e6re krystallklar:<\/strong> Dette er ikke en argumentasjon for strengere grensekontroll som et selvstendig m\u00e5l. \u00c5 stenge grensene er ikke l\u00f8sningen, det er en flukt fra det komplekse ansvaret som f\u00f8lger med \u00e5 v\u00e6re et \u00e5pent, liberaldemokratisk samfunn. Det er v\u00e5rt ansvar som fellesskap \u00e5 sikre at innvandrere blir inkludert, integrert og en aktiv del av det norske samfunnet, p\u00e5 v\u00e5re premisser, med v\u00e5r respekt for menneskerettigheter, og med v\u00e5r forankring i demokrati og likestilling.<\/p>\n<p>Innvandring bringer<strong> <\/strong>med seg rikdom kulturelt, menneskelig og \u00f8konomisk, men denne rikdommen blir ikke automatisk realisert. Den krever investeringer i spr\u00e5k, arbeid, utdanning, helse, samfunnsdeltakelse og trygghet. \u00c5 snakke om utfordringer er ikke \u00e5 gi etter for frykt, det er \u00e5 vise respekt for virkeligheten og for de menneskene som \u00f8nsker \u00e5 sl\u00e5 rot her.<\/p>\n<p><strong>Hva mener du? Send inn din tekst til\u00a0<a href=\"https:\/\/www.adressa.no\/debatt\/i\/gk7Mw1\/mailto:debatt@adresseavisen.no\" rel=\"noopener nofollow\" target=\"_blank\">debatt@adresseavisen.no<\/a>\u00a0eller delta i debatten i kommentarfeltet nederst \u2013 og husk fullt navn!<\/strong><\/p>\n","protected":false},"excerpt":{"rendered":"Publisert: 6. januar 2026 kl. 17:06 Oppdatert: 6. januar 2026 kl. 17:06 Dette er et debattinnlegg. Det gir&hellip;\n","protected":false},"author":2,"featured_media":130449,"comment_status":"","ping_status":"","sticky":false,"template":"","format":"standard","meta":{"footnotes":""},"categories":[10],"tags":[20,21,37,24,25,3801,7135,15,2653,4232,4233,148,22,23,777,13,30,28,29,14,16,41,1674,26,27,15159,3813,998],"class_list":{"0":"post-130448","1":"post","2":"type-post","3":"status-publish","4":"format-standard","5":"has-post-thumbnail","7":"category-norge","8":"tag-breaking-news","9":"tag-breakingnews","10":"tag-debatt","11":"tag-featured-news","12":"tag-featurednews","13":"tag-fellesskap","14":"tag-grensekontroll","15":"tag-headlines","16":"tag-inkludering","17":"tag-innvandring","18":"tag-integrering","19":"tag-kriminalitet","20":"tag-latest-news","21":"tag-latestnews","22":"tag-mdg","23":"tag-news","24":"tag-no","25":"tag-norge","26":"tag-norway","27":"tag-nyheter","28":"tag-overskrifter","29":"tag-politikk","30":"tag-tonje-brenna","31":"tag-top-stories","32":"tag-topstories","33":"tag-ungdomsklubb","34":"tag-ungdomskriminalitet","35":"tag-utenforskap"},"share_on_mastodon":{"url":"https:\/\/pubeurope.com\/@no\/115849420138078268","error":""},"_links":{"self":[{"href":"https:\/\/www.europesays.com\/no\/wp-json\/wp\/v2\/posts\/130448","targetHints":{"allow":["GET"]}}],"collection":[{"href":"https:\/\/www.europesays.com\/no\/wp-json\/wp\/v2\/posts"}],"about":[{"href":"https:\/\/www.europesays.com\/no\/wp-json\/wp\/v2\/types\/post"}],"author":[{"embeddable":true,"href":"https:\/\/www.europesays.com\/no\/wp-json\/wp\/v2\/users\/2"}],"replies":[{"embeddable":true,"href":"https:\/\/www.europesays.com\/no\/wp-json\/wp\/v2\/comments?post=130448"}],"version-history":[{"count":0,"href":"https:\/\/www.europesays.com\/no\/wp-json\/wp\/v2\/posts\/130448\/revisions"}],"wp:featuredmedia":[{"embeddable":true,"href":"https:\/\/www.europesays.com\/no\/wp-json\/wp\/v2\/media\/130449"}],"wp:attachment":[{"href":"https:\/\/www.europesays.com\/no\/wp-json\/wp\/v2\/media?parent=130448"}],"wp:term":[{"taxonomy":"category","embeddable":true,"href":"https:\/\/www.europesays.com\/no\/wp-json\/wp\/v2\/categories?post=130448"},{"taxonomy":"post_tag","embeddable":true,"href":"https:\/\/www.europesays.com\/no\/wp-json\/wp\/v2\/tags?post=130448"}],"curies":[{"name":"wp","href":"https:\/\/api.w.org\/{rel}","templated":true}]}}