{"id":130465,"date":"2026-01-06T18:11:12","date_gmt":"2026-01-06T18:11:12","guid":{"rendered":"https:\/\/www.europesays.com\/no\/130465\/"},"modified":"2026-01-06T18:11:12","modified_gmt":"2026-01-06T18:11:12","slug":"hedvig-sophie-glestad-avslorer-kjaerlighetsreisen-fra-avslag-til-samboerskap","status":"publish","type":"post","link":"https:\/\/www.europesays.com\/no\/130465\/","title":{"rendered":"Hedvig Sophie Glestad avsl\u00f8rer kj\u00e6rlighetsreisen: Fra avslag til samboerskap"},"content":{"rendered":"<p class=\"kicker \" style=\"\">Hedvig Sophie Glestad:\u00a0<\/p>\n<p>  Influenseren m\u00e5tte pr\u00f8ve seg p\u00e5 samboeren utallige ganger f\u00f8r hun endelig fikk ja.<\/p>\n<p>\n    R\u00d8PER: Hedvig Sophie Glestad m\u00e5tte legge inn en skikkelig innsats for \u00e5 f\u00e5 napp hos samboeren. Foto: Andreas Fadum\/ Se og H\u00f8r\n  <\/p>\n<p>    Kort fortalt<\/p>\n<ul lang=\"nb-NO\">\n<li>Hedvig Sophie Glestad forteller om kj\u00e6resten.\u00a0<\/li>\n<li>Paret bor n\u00e5 sammen i en leilighet p\u00e5 Frogner i Oslo.<\/li>\n<li>Glestad m\u00e5tte pr\u00f8ve seg p\u00e5 samboeren flere ganger f\u00f8r han sa ja.<\/li>\n<\/ul>\n<p class=\"italic ai-disclaimer\" data-lab-italic=\"italic\">Sammendraget er laget av ChatGPT og godkjent av Dagbladet.<\/p>\n<p>      Vis mer<br \/>\n      Vis mindre<\/p>\n<p><a href=\"https:\/\/www.dagbladet.no\/kjendis\/foler-meg-veldig-heldig\/83268916\" rel=\"nofollow noopener\" target=\"_blank\">Influenser Hedvig Sophie Glestad (33)<\/a> kunne i fjor r\u00f8pe at hun hadde funnet kj\u00e6rligheten p\u00e5 nytt. Siden den gang har det g\u00e5tt slag i slag for paret, som n\u00e5 bor sammen i en leilighet p\u00e5 Frogner i Oslo.\u00a0<\/p>\n<p>Hvem hennes utk\u00e5rede er, har hun ikke \u00f8nsket \u00e5 avsl\u00f8re, men f\u00f8lgerne f\u00e5r til stadighet se sm\u00e5 glimt av ham.<\/p>\n<p>Denne jula har de to feriert sammen p\u00e5 den idylliske \u00f8ya Mauritius, blant palmetr\u00e6r og krystallbl\u00e5tt hav, og lykken ser ut til \u00e5 smile for paret.\u00a0<\/p>\n<p>I en fersk podkastepisode av \u00ab<a href=\"https:\/\/open.podimo.com\/podcast\/9fcb1fff-1fae-43bf-b710-c5d56f58eefd\" target=\"_blank\" rel=\"nofollow noopener\">G-punktet<\/a>\u00bb, kan 33-\u00e5ringen imidlertid avsl\u00f8re at veien til kj\u00e6rligheten var lang.\u00a0<\/p>\n<p>Glestad forteller at hun m\u00e5tte pr\u00f8ve seg p\u00e5 samboeren en rekke ganger f\u00f8r hun til slutt fikk napp. I episoden kan hun r\u00f8pe at hun pr\u00f8vde seg p\u00e5 ham i et helt \u00e5r, under flere anledninger, men fikk \u00abr\u00f8dt kort\u00bb hver gang.\u00a0<\/p>\n<p>        <img loading=\"lazy\" decoding=\"async\" src=\"https:\/\/www.europesays.com\/no\/wp-content\/uploads\/2026\/01\/84059529.webp.webp\" width=\"686\" height=\"858\" title=\"SAMBOERE: Hedvig sammen med kj\u00e6resten, som hun n\u00e5 deler leilighet med. Foto: Skjermbilde: @hedvig.sophie \/ Instagram\" alt=\"\" class=\"\" style=\"--aspect-ratio-image: 0.80; \"\/><\/p>\n<p>\n        SAMBOERE: Hedvig sammen med kj\u00e6resten, som hun n\u00e5 deler leilighet med. Foto: Skjermbilde: @hedvig.sophie \/ Instagram\n    <\/p>\n<p class=\"font-weight-bold m-font-weight-bold\" data-lab-font_weight=\"font-weight-bold\">Men da Glestad skulle pakke kofferten og flytte til Bali for en lengre periode i 2024, skulle hun gi det et siste fors\u00f8k:\u00a0<\/p>\n<p>&#8211; Jeg skulle flytte til Bali og tenkte: \u00abJeg pr\u00f8ver igjen\u00bb. S\u00e5 jeg inviterte ham p\u00e5 avskjedsfesten min. Og den kvelden skjedde det ingenting, eller ikke mye. S\u00e5 ble det til at vi tok en kj\u00f8retur p\u00e5 mandagen. \u00abBear in mind\u00bb, det var ei uke til jeg skulle flytte bort i flere \u00e5r.\u00a0<\/p>\n<p>Kj\u00f8returen ble vellykket, og Glestad beskriver det hele som \u00abklikk fra f\u00f8rste sekund\u00bb.\u00a0<\/p>\n<p>        \u00abHELT PERFEKT\u00bb: Influenser Alexandra Joner tar oss med bak i kulissene og kommer med en avsl\u00f8ring fra settet. Video: R\u00f8d L\u00f8per<\/p>\n<p>Samboere\t<\/p>\n<p> Planen var at hun skulle bli v\u00e6rende p\u00e5 den indonesiske \u00f8ya, men kj\u00e6rligheten f\u00f8rte henne tilbake til Norge, og i fjor sommer avsl\u00f8rte hun p\u00e5 Snapchat at hun hadde kj\u00f8pt seg inn i kj\u00e6restens leilighet:\u00a0<\/p>\n<p> \u00abN\u00e5 eier vi leiligheten &#8216;hans&#8217; sammen. Det er ganske kos \u00e5 tenke p\u00e5. Er s\u00e5 glad. Og stolt. Og forn\u00f8yd og lykkelig. F\u00f8ler meg veldig heldig\u00bb, skrev hun den gang.\u00a0<\/p>\n<p>    <a itemprop=\"url\" href=\"https:\/\/www.dagbladet.no\/kjendis\/foler-meg-veldig-heldig\/83268916\" rel=\"nofollow noopener\" target=\"_blank\"><\/p>\n<p>        <img loading=\"lazy\" decoding=\"async\" src=\"https:\/\/www.europesays.com\/no\/wp-content\/uploads\/2026\/01\/83268872.webp.webp\" width=\"980\" height=\"441\" title=\"- F\u00f8ler meg veldig heldig\" alt=\"\" class=\"lazyload\" style=\"--aspect-ratio-image: 2.22; \"\/><\/p>\n<p>        &#8211; F\u00f8ler meg veldig heldig<\/p>\n<p>    <\/a><\/p>\n<p>Hvorfor kj\u00e6resten avviste henne gang p\u00e5 gang har hun ikke klart \u00e5 f\u00e5 et ordentlig svar p\u00e5, men det er en humoristisk Glestad som mistenker at hun vet grunnen:\u00a0<\/p>\n<p>&#8211; Han syntes jo bare at jeg var dritirriterende, sier hun i podkastepisoden.\u00a0<\/p>\n<p class=\"italic m-italic\" data-lab-italic=\"italic\">Dagbladet har v\u00e6rt i kontakt med Hedvig Sophie Glestad, som ikke \u00f8nsker \u00e5 kommentere saken utover det som blir sagt i podkasten.\u00a0<\/p>\n","protected":false},"excerpt":{"rendered":"Hedvig Sophie Glestad:\u00a0 Influenseren m\u00e5tte pr\u00f8ve seg p\u00e5 samboeren utallige ganger f\u00f8r hun endelig fikk ja. R\u00d8PER: Hedvig&hellip;\n","protected":false},"author":2,"featured_media":130466,"comment_status":"","ping_status":"","sticky":false,"template":"","format":"standard","meta":{"footnotes":""},"categories":[10],"tags":[20,21,24,25,15,4642,479,22,23,13,30,28,29,14,16,26,27],"class_list":{"0":"post-130465","1":"post","2":"type-post","3":"status-publish","4":"format-standard","5":"has-post-thumbnail","7":"category-norge","8":"tag-breaking-news","9":"tag-breakingnews","10":"tag-featured-news","11":"tag-featurednews","12":"tag-headlines","13":"tag-hedvig-sophie-glestad","14":"tag-kjendis","15":"tag-latest-news","16":"tag-latestnews","17":"tag-news","18":"tag-no","19":"tag-norge","20":"tag-norway","21":"tag-nyheter","22":"tag-overskrifter","23":"tag-top-stories","24":"tag-topstories"},"share_on_mastodon":{"url":"https:\/\/pubeurope.com\/@no\/115849506668317400","error":""},"_links":{"self":[{"href":"https:\/\/www.europesays.com\/no\/wp-json\/wp\/v2\/posts\/130465","targetHints":{"allow":["GET"]}}],"collection":[{"href":"https:\/\/www.europesays.com\/no\/wp-json\/wp\/v2\/posts"}],"about":[{"href":"https:\/\/www.europesays.com\/no\/wp-json\/wp\/v2\/types\/post"}],"author":[{"embeddable":true,"href":"https:\/\/www.europesays.com\/no\/wp-json\/wp\/v2\/users\/2"}],"replies":[{"embeddable":true,"href":"https:\/\/www.europesays.com\/no\/wp-json\/wp\/v2\/comments?post=130465"}],"version-history":[{"count":0,"href":"https:\/\/www.europesays.com\/no\/wp-json\/wp\/v2\/posts\/130465\/revisions"}],"wp:featuredmedia":[{"embeddable":true,"href":"https:\/\/www.europesays.com\/no\/wp-json\/wp\/v2\/media\/130466"}],"wp:attachment":[{"href":"https:\/\/www.europesays.com\/no\/wp-json\/wp\/v2\/media?parent=130465"}],"wp:term":[{"taxonomy":"category","embeddable":true,"href":"https:\/\/www.europesays.com\/no\/wp-json\/wp\/v2\/categories?post=130465"},{"taxonomy":"post_tag","embeddable":true,"href":"https:\/\/www.europesays.com\/no\/wp-json\/wp\/v2\/tags?post=130465"}],"curies":[{"name":"wp","href":"https:\/\/api.w.org\/{rel}","templated":true}]}}