{"id":130467,"date":"2026-01-06T18:12:11","date_gmt":"2026-01-06T18:12:11","guid":{"rendered":"https:\/\/www.europesays.com\/no\/130467\/"},"modified":"2026-01-06T18:12:11","modified_gmt":"2026-01-06T18:12:11","slug":"fagermo-tar-pause-fra-stromsgodset","status":"publish","type":"post","link":"https:\/\/www.europesays.com\/no\/130467\/","title":{"rendered":"Fagermo tar pause fra Str\u00f8msgodset"},"content":{"rendered":"<p>Det forteller hans advokat Alf K\u00e5re Knudsen til <a href=\"https:\/\/www.dt.no\/snur-moter-ikke-pa-jobb-i-drammen\/s\/5-57-2767859\" rel=\"nofollow noopener\" target=\"_blank\">Drammens Tidende.<\/a><\/p>\n<p>\u2013 Partene har avtalt m\u00f8ter i anledning saken de n\u00e6rmeste dagene, sier Knudsen.<\/p>\n<p>\u2013 Partene er enige om at Fagermo inntil videre ikke m\u00f8ter fysisk p\u00e5 jobb i Drammen, sier han.<\/p>\n<p>Fagermo har de siste ukene v\u00e6rt sykmeldt fra sin jobb som hovedtrener i Str\u00f8msgodset. <\/p>\n<p>Samtidig har det stormet rundt ham.<\/p>\n<p>I desember ble det opprettet varslingssak i klubben mot Fagermo. Etter hva\u00a0<a href=\"https:\/\/www.tv2.no\/sport\/sjokkpastander-skal-ha-kalt-spillere-feite\/18400376\/\" rel=\"nofollow noopener\" target=\"_blank\">TV 2<\/a>\u00a0er kjent med skyldes det blant annet et p\u00e5st\u00e5tt ubehagelig kroppsfokus. Han skal if\u00f8lge varslere blant annet ha kalt spillere \u00abfeite\u00bb.<\/p>\n<p>Fagermo skulle egentlig v\u00e6re tilbake p\u00e5 jobb onsdag, men n\u00e5 har det alts\u00e5 endret seg.<\/p>\n<p>Mandag ble Magne Hoseth og Jimmy Brinksby begge ansatt som nye assistenttrenere i Str\u00f8msgodset.\u00a0<\/p>\n<p> I p\u00e5vente av utfallet av den p\u00e5g\u00e5ende varslingssaken mot hovedtrener Fagermo, vil Hoseth ha hovedansvaret for spillergruppen og treninger, skrev klubben. <\/p>\n<p> Fagermos advokat Alf K\u00e5re Knudsen har ikke besvart TV 2s henvendelse tirsdag.<\/p>\n<p>Str\u00f8msgodset skal spille i Obos-ligaen kommende sesong etter nedrykket fra Eliteserien i fjor.<\/p>\n","protected":false},"excerpt":{"rendered":"Det forteller hans advokat Alf K\u00e5re Knudsen til Drammens Tidende. \u2013 Partene har avtalt m\u00f8ter i anledning saken&hellip;\n","protected":false},"author":2,"featured_media":130468,"comment_status":"","ping_status":"","sticky":false,"template":"","format":"standard","meta":{"footnotes":""},"categories":[5],"tags":[20,21,24,25,15,19,22,23,17,18,13,30,28,29,14,16,26,27],"class_list":{"0":"post-130467","1":"post","2":"type-post","3":"status-publish","4":"format-standard","5":"has-post-thumbnail","7":"category-overskrifter","8":"tag-breaking-news","9":"tag-breakingnews","10":"tag-featured-news","11":"tag-featurednews","12":"tag-headlines","13":"tag-hovedoppslag","14":"tag-latest-news","15":"tag-latestnews","16":"tag-main-news","17":"tag-mainnews","18":"tag-news","19":"tag-no","20":"tag-norge","21":"tag-norway","22":"tag-nyheter","23":"tag-overskrifter","24":"tag-top-stories","25":"tag-topstories"},"share_on_mastodon":{"url":"https:\/\/pubeurope.com\/@no\/115849510537605706","error":""},"_links":{"self":[{"href":"https:\/\/www.europesays.com\/no\/wp-json\/wp\/v2\/posts\/130467","targetHints":{"allow":["GET"]}}],"collection":[{"href":"https:\/\/www.europesays.com\/no\/wp-json\/wp\/v2\/posts"}],"about":[{"href":"https:\/\/www.europesays.com\/no\/wp-json\/wp\/v2\/types\/post"}],"author":[{"embeddable":true,"href":"https:\/\/www.europesays.com\/no\/wp-json\/wp\/v2\/users\/2"}],"replies":[{"embeddable":true,"href":"https:\/\/www.europesays.com\/no\/wp-json\/wp\/v2\/comments?post=130467"}],"version-history":[{"count":0,"href":"https:\/\/www.europesays.com\/no\/wp-json\/wp\/v2\/posts\/130467\/revisions"}],"wp:featuredmedia":[{"embeddable":true,"href":"https:\/\/www.europesays.com\/no\/wp-json\/wp\/v2\/media\/130468"}],"wp:attachment":[{"href":"https:\/\/www.europesays.com\/no\/wp-json\/wp\/v2\/media?parent=130467"}],"wp:term":[{"taxonomy":"category","embeddable":true,"href":"https:\/\/www.europesays.com\/no\/wp-json\/wp\/v2\/categories?post=130467"},{"taxonomy":"post_tag","embeddable":true,"href":"https:\/\/www.europesays.com\/no\/wp-json\/wp\/v2\/tags?post=130467"}],"curies":[{"name":"wp","href":"https:\/\/api.w.org\/{rel}","templated":true}]}}