{"id":130469,"date":"2026-01-06T18:13:08","date_gmt":"2026-01-06T18:13:08","guid":{"rendered":"https:\/\/www.europesays.com\/no\/130469\/"},"modified":"2026-01-06T18:13:08","modified_gmt":"2026-01-06T18:13:08","slug":"ardal-naeringsliv-det-er-med-tungt-hjarte-me-vil-dela-at-me-takkar-for-oss","status":"publish","type":"post","link":"https:\/\/www.europesays.com\/no\/130469\/","title":{"rendered":"\u00c5rdal, N\u00e6ringsliv | \u2013 Det er med tungt hjarte me vil dela at me takkar for oss"},"content":{"rendered":"\n<p>Det skriv Tomas Kilen Rinde p\u00e5 Tya Bar si Facebook-side tysdag kveld.<\/p>\n<p>\u2013 De har vore fantastiske fr\u00e5 f\u00f8rste opningsdag til siste fest i 2025, og me hadde aldri hatt ei s\u00e5 god oppleving utan dykk.<\/p>\n<p>Kilen Rinde tok over drifta av Tya Bar i \u00d8vre \u00c5rdal i september 2025. Men etter berre fire m\u00e5nader er det alts\u00e5 slutt.<\/p>\n<p>\u2013 Takk for all st\u00f8tte og heiarop, og f\u00e5r m\u00e5ten de har teke imot alle oss som har kriga bak baren til seine nattetimar kvar helg sidan september. Me kjem med dette til \u00e5 trekka oss ut av drifta p\u00e5 Tya Bar med selskapet Tkr Pubdrift og samtlege tilsette, p\u00e5 bakgrunn av personlege \u00e5rsaker, skriv han vidare.<\/p>\n<p>  <a href=\"https:\/\/www.sognavis.no\/5-115-1342589\" class=\"related-teaser has-image default-feature-teaser article--c-eRUmMG article--c-eRUmMG-jKCPdD-design-default\" rel=\"nofollow noopener\" target=\"_blank\"><\/p>\n<p>    <img decoding=\"async\" loading=\"lazy\"  src=\"https:\/\/www.europesays.com\/no\/wp-content\/uploads\/2026\/01\/Tomas+Kilen+Rinde+p%C3%A5+sjukehus.jpg\" alt=\"\" class=\"brick-c-cFOWSL\" style=\"\"\/><\/p>\n<p>\n            Les ogs\u00e5<\/p>\n<p>              Tomas (30) var i ferd med \u00e5 bli uf\u00f8r: \u2013 Dette er siste sjanse\n        <\/p>\n<p>  <\/a><\/p>\n<p>Rinde takkar til slutt for all st\u00f8tte dei har f\u00e5tt.<\/p>\n<p>\u2013 Tusen takk for all st\u00f8tte, b\u00e5de fr\u00e5 gjester, og ikkje minst vener og familie som har vore heilt unike gjennom heile dette kapittelet som dessverre stoppar her.<\/p>\n","protected":false},"excerpt":{"rendered":"Det skriv Tomas Kilen Rinde p\u00e5 Tya Bar si Facebook-side tysdag kveld. \u2013 De har vore fantastiske fr\u00e5&hellip;\n","protected":false},"author":2,"featured_media":130470,"comment_status":"","ping_status":"","sticky":false,"template":"","format":"standard","meta":{"footnotes":""},"categories":[59],"tags":[465,5342,36,62,30,28,29,83,82,1510],"class_list":{"0":"post-130469","1":"post","2":"type-post","3":"status-publish","4":"format-standard","5":"has-post-thumbnail","7":"category-sport","8":"tag-arbeidsliv","9":"tag-ardal","10":"tag-art","11":"tag-naeringsliv","12":"tag-no","13":"tag-norge","14":"tag-norway","15":"tag-sport","16":"tag-sports","17":"tag-story"},"share_on_mastodon":{"url":"https:\/\/pubeurope.com\/@no\/115849514381001721","error":""},"_links":{"self":[{"href":"https:\/\/www.europesays.com\/no\/wp-json\/wp\/v2\/posts\/130469","targetHints":{"allow":["GET"]}}],"collection":[{"href":"https:\/\/www.europesays.com\/no\/wp-json\/wp\/v2\/posts"}],"about":[{"href":"https:\/\/www.europesays.com\/no\/wp-json\/wp\/v2\/types\/post"}],"author":[{"embeddable":true,"href":"https:\/\/www.europesays.com\/no\/wp-json\/wp\/v2\/users\/2"}],"replies":[{"embeddable":true,"href":"https:\/\/www.europesays.com\/no\/wp-json\/wp\/v2\/comments?post=130469"}],"version-history":[{"count":0,"href":"https:\/\/www.europesays.com\/no\/wp-json\/wp\/v2\/posts\/130469\/revisions"}],"wp:featuredmedia":[{"embeddable":true,"href":"https:\/\/www.europesays.com\/no\/wp-json\/wp\/v2\/media\/130470"}],"wp:attachment":[{"href":"https:\/\/www.europesays.com\/no\/wp-json\/wp\/v2\/media?parent=130469"}],"wp:term":[{"taxonomy":"category","embeddable":true,"href":"https:\/\/www.europesays.com\/no\/wp-json\/wp\/v2\/categories?post=130469"},{"taxonomy":"post_tag","embeddable":true,"href":"https:\/\/www.europesays.com\/no\/wp-json\/wp\/v2\/tags?post=130469"}],"curies":[{"name":"wp","href":"https:\/\/api.w.org\/{rel}","templated":true}]}}