{"id":130473,"date":"2026-01-06T18:19:07","date_gmt":"2026-01-06T18:19:07","guid":{"rendered":"https:\/\/www.europesays.com\/no\/130473\/"},"modified":"2026-01-06T18:19:07","modified_gmt":"2026-01-06T18:19:07","slug":"ikke-skjedd-pa-24-ar-2","status":"publish","type":"post","link":"https:\/\/www.europesays.com\/no\/130473\/","title":{"rendered":"Ikke skjedd p\u00e5 24 \u00e5r"},"content":{"rendered":"<p>Tschofenig vant i Bischofshofen 4,1 poeng foran Prevc, som avsluttet den tysk-\u00f8sterrikske hoppuka med to seirer og to 2.-plasser.<\/p>\n<p>Kristoffer Eriksen Sundal var p\u00e5 11.-plass etter de tre f\u00f8rste rennene og var det norske h\u00e5pet om \u00e5 holde liv i den rekka. Slik gikk det ikke, i en bakke han sliter veldig med.<\/p>\n<p>\u2013 Jeg har v\u00e6rt her om sommeren ens \u00e6rend to ganger for \u00e5 trene, og s\u00e5 kommer jeg hit i verdenscupen og ser ut som en fyr som har f\u00e5tt et par ski til jul. Det er noe rart med denne bakken som jeg ikke har klart \u00e5 fikse, sa Sundal til Viaplay etter 37.-plass i f\u00f8rste omgang.<\/p>\n<p>Halvor Egner Granerud ble beste nordmann i Bischofshofen med 13.-plass, mens Johann Andr\u00e9 Forfang to plasser bak sto for den beste sammenlagtplasseringen.<\/p>\n<p>Isak Andreas Langmo ble nummer 20 og Benjamin \u00d8stvold nummer 23 tirsdag, mens Robin Pedersen i likhet med Sundal ble tilskuer til finaleomgangen.<\/p>\n<p>I tur og orden tapte Pedersen, Sundal og Forfang sine dueller i f\u00f8rste omgang, f\u00f8r Langmo og Granerud og vant sine. \u00d8stvold tapte sin duell, men gikk i likhet med Pedersen videre som \u00ablucky loser\u00bb, taperne med de fem beste poengsummene.<\/p>\n<p>Siden Anders Bardal 35.-plass i 2002 har Norge hatt en topp-ti-plassering sammenlagt hvert eneste \u00e5r, men den rekka r\u00f8k i \u00e5r.<\/p>\n<p>Det ble en god dag for Prevc-familien. Noen timer tidligere vant Domens 20-\u00e5rige lilles\u00f8ster Nika kvinnene verdenscuprenn i Villach. Det var hennes sjuende seier for sesongen og den fjerde p\u00e5 de fem siste rennene.<\/p>\n<p>(\u00a9NTB)<\/p>\n","protected":false},"excerpt":{"rendered":"Tschofenig vant i Bischofshofen 4,1 poeng foran Prevc, som avsluttet den tysk-\u00f8sterrikske hoppuka med to seirer og to&hellip;\n","protected":false},"author":2,"featured_media":130474,"comment_status":"","ping_status":"","sticky":false,"template":"","format":"standard","meta":{"footnotes":""},"categories":[5],"tags":[20,21,24,25,15,19,22,23,17,18,13,30,28,29,14,16,26,27],"class_list":{"0":"post-130473","1":"post","2":"type-post","3":"status-publish","4":"format-standard","5":"has-post-thumbnail","7":"category-overskrifter","8":"tag-breaking-news","9":"tag-breakingnews","10":"tag-featured-news","11":"tag-featurednews","12":"tag-headlines","13":"tag-hovedoppslag","14":"tag-latest-news","15":"tag-latestnews","16":"tag-main-news","17":"tag-mainnews","18":"tag-news","19":"tag-no","20":"tag-norge","21":"tag-norway","22":"tag-nyheter","23":"tag-overskrifter","24":"tag-top-stories","25":"tag-topstories"},"share_on_mastodon":{"url":"https:\/\/pubeurope.com\/@no\/115849538100798846","error":""},"_links":{"self":[{"href":"https:\/\/www.europesays.com\/no\/wp-json\/wp\/v2\/posts\/130473","targetHints":{"allow":["GET"]}}],"collection":[{"href":"https:\/\/www.europesays.com\/no\/wp-json\/wp\/v2\/posts"}],"about":[{"href":"https:\/\/www.europesays.com\/no\/wp-json\/wp\/v2\/types\/post"}],"author":[{"embeddable":true,"href":"https:\/\/www.europesays.com\/no\/wp-json\/wp\/v2\/users\/2"}],"replies":[{"embeddable":true,"href":"https:\/\/www.europesays.com\/no\/wp-json\/wp\/v2\/comments?post=130473"}],"version-history":[{"count":0,"href":"https:\/\/www.europesays.com\/no\/wp-json\/wp\/v2\/posts\/130473\/revisions"}],"wp:featuredmedia":[{"embeddable":true,"href":"https:\/\/www.europesays.com\/no\/wp-json\/wp\/v2\/media\/130474"}],"wp:attachment":[{"href":"https:\/\/www.europesays.com\/no\/wp-json\/wp\/v2\/media?parent=130473"}],"wp:term":[{"taxonomy":"category","embeddable":true,"href":"https:\/\/www.europesays.com\/no\/wp-json\/wp\/v2\/categories?post=130473"},{"taxonomy":"post_tag","embeddable":true,"href":"https:\/\/www.europesays.com\/no\/wp-json\/wp\/v2\/tags?post=130473"}],"curies":[{"name":"wp","href":"https:\/\/api.w.org\/{rel}","templated":true}]}}