{"id":130475,"date":"2026-01-06T18:20:13","date_gmt":"2026-01-06T18:20:13","guid":{"rendered":"https:\/\/www.europesays.com\/no\/130475\/"},"modified":"2026-01-06T18:20:13","modified_gmt":"2026-01-06T18:20:13","slug":"apner-opp-om-kjaerlighet-og-ski","status":"publish","type":"post","link":"https:\/\/www.europesays.com\/no\/130475\/","title":{"rendered":"\u00c5pner opp om kj\u00e6rlighet og ski"},"content":{"rendered":"<p class=\"kicker \" style=\"\">Petter Northug\u00a0<\/p>\n<p>  Skikongen fyller 40 \u00e5r, og vekker oppsikt med klare meldinger om sex og ski.\u00a0<\/p>\n<p>\n    KLAR MELDING: Petter Northug fyller 40 \u00e5r 6. januar. I et nytt intervju kommer han med klare meldinger om det \u00e5 kombinere kj\u00e6reste med toppidrett. Foto: Tor Lindseth\/Se og H\u00f8r\n  <\/p>\n<p>Ingen andre skil\u00f8pere har fascinert nordmenn som Petter Northug. Med kjappe replikker og enda kjappere innspurter ble han en publikumsyndling.\u00a0<\/p>\n<p>Etter hvert ble suksessen blandet med skandaler, men Northug kom tilbake hver gang.\u00a0<\/p>\n<p>        OVERRASKER: Petter Northug byr p\u00e5 sommerstemning i sin nye l\u00e5t og hinter samtidig til hva vi kan vente oss fremover. Video: R\u00f8d L\u00f8per \/ Per Magne Dalen<\/p>\n<p>I dag, 6. januar fyller han 40 \u00e5r, og i samme slengen \u00e5pner han opp om mye og mangt som gjest i podkasten <a href=\"https:\/\/podcasts.apple.com\/no\/podcast\/petter-northug-intriger-i-systemet\/id1843034649?i=1000743754541\" rel=\"nofollow noopener\" target=\"_blank\">\u00abGukild &amp; Johaug\u00bb<\/a>.\u00a0<\/p>\n<p>Petter forteller om egen karriere, gir treningsr\u00e5d &#8211; og utpeker sine favoritter f\u00f8r \u00e5rets OL. Men det er p\u00e5 sp\u00f8rsm\u00e5lene fra lytterne at svarene hans vekker oppsikt.<\/p>\n<p>        John Northug har funnet lykken p\u00e5 ny. Video: Se og H\u00f8r. Reporter: Anders Ellingsen. <\/p>\n<p>Programleder Emil Gukild (33) sp\u00f8r b\u00e5de Therese Johaug (37) og Petter om det er positivt eller negativt med kj\u00e6rlighetsforhold i sesong n\u00e5r man er i verdenseliten.\u00a0<\/p>\n<p>Petter mener det er negativt, mens Therese &#8211; med en latter &#8211; sier at det er positivt.<\/p>\n<p>        <img loading=\"lazy\" decoding=\"async\" src=\"https:\/\/www.europesays.com\/no\/wp-content\/uploads\/2026\/01\/84061845.webp.webp\" width=\"667\" height=\"561\" title=\"GOD STEMNING: Petter Northug og Therese Johaug snakker om ski og samliv, i podkasten \u00abGukild &amp; Johaug\u00bb og stemningen var p\u00e5 topp. Dette bildet er fra en annen anledning. Foto: Olav Stubberud\" alt=\"\" class=\"\" style=\"--aspect-ratio-image: 1.19; \"\/><\/p>\n<p>\n        GOD STEMNING: Petter Northug og Therese Johaug snakker om ski og samliv, i podkasten \u00abGukild &amp; Johaug\u00bb og stemningen var p\u00e5 topp. Dette bildet er fra en annen anledning. Foto: Olav Stubberud\n    <\/p>\n<p>&#8211; N\u00e5 snakker vi om dedikerte ut\u00f8vere her, som skal prestere. Det tar fokus bort. Og det \u00e5 v\u00e6re forelsket, da f\u00e5r du tanker om helt andre ting enn det du skal holde p\u00e5 med, sier Petter.<\/p>\n<p>\u00a0Therese lurer p\u00e5 om han snakker av erfaring, <\/p>\n<p>&#8211; Jeg var jo i forhold da jeg var dedikert, ikke sant? Jeg drev ikke med noe tull. Nei, v\u00e6r j\u00e6vla forsiktig hvor du kaster \u00absnabelen\u00bb hvis du er i sesong, sier Petter til latter fra b\u00e5de Emil og Therese.<\/p>\n<p>        <img loading=\"lazy\" decoding=\"async\" src=\"https:\/\/www.europesays.com\/no\/wp-content\/uploads\/2026\/01\/84061899.webp.webp\" width=\"667\" height=\"454\" title=\"40 \u00c5R: Petter Northug har lagt julefeiringen bak seg, og g\u00e5r inn i det nye \u00e5ret som fersk 40-\u00e5ring. Dette bildet er fra en tidligere anledning. Foto: Anders Martinsen\/Se og H\u00f8r\" alt=\"\" class=\"\" style=\"--aspect-ratio-image: 1.47; \"\/><\/p>\n<p>\n        40 \u00c5R: Petter Northug har lagt julefeiringen bak seg, og g\u00e5r inn i det nye \u00e5ret som fersk 40-\u00e5ring. Dette bildet er fra en tidligere anledning. Foto: Anders Martinsen\/Se og H\u00f8r\n    <\/p>\n<p>Skikongen forklarer at han tror alt s\u00e5nt er forstyrrende, og at man m\u00e5 ha fokus p\u00e5 det man skal gj\u00f8re: St\u00e5 opp, trene, spise og sove.\u00a0<\/p>\n<p> Emil borrer videre i hvorfor Petter mener at\u00a0man skal v\u00e6re forsiktig med hvor man kaster \u00absnabelen\u00bb i sesongen &#8230;<\/p>\n<p>    <a itemprop=\"url\" href=\"https:\/\/www.seher.no\/kjendis\/nytt-bilde-setter-fyr-pa-gravid-rykter\/81400806\" rel=\"nofollow noopener\" target=\"_blank\"><\/p>\n<p>        <img loading=\"lazy\" decoding=\"async\" src=\"https:\/\/www.europesays.com\/no\/wp-content\/uploads\/2026\/01\/81400918.webp.webp\" width=\"147\" height=\"98\" title=\"Nytt bilde setter fyr p\u00e5 gravid-rykter\" alt=\"\" class=\"lazyload\" style=\"--aspect-ratio-image: 1.50; \"\/><\/p>\n<p>        Nytt bilde setter fyr p\u00e5 gravid-rykter<\/p>\n<p>    <\/a><\/p>\n<p>&#8211; Sykdom. Det sier seg selv , svarer Petter kontant.<\/p>\n<p>Therese p\u00e5peker at det er godt \u00e5 v\u00e6re i et forhold der man kan ringe hjem for litt tr\u00f8st hvis det g\u00e5r d\u00e5rlig og at det kan f\u00e5 tankene p\u00e5 plass.\u00a0<\/p>\n<p>        <img loading=\"lazy\" decoding=\"async\" src=\"https:\/\/www.europesays.com\/no\/wp-content\/uploads\/2026\/01\/84061884.webp.webp\" width=\"667\" height=\"514\" title=\"ROR I TAKT: Emil Gukild er med p\u00e5 mye, blant annet \u00ab71 grader nord\u00bb sammen med kona Linnea Myhre. Foto: Haakon Lundkvist\/Discovery\" alt=\"\" class=\"\" style=\"--aspect-ratio-image: 1.30; \"\/><\/p>\n<p>\n        ROR I TAKT: Emil Gukild er med p\u00e5 mye, blant annet \u00ab71 grader nord\u00bb sammen med kona Linnea Myhre. Foto: Haakon Lundkvist\/Discovery\n    <\/p>\n<p>Petter er enig i at et slikt, etablert forhold kan v\u00e6re hjelp.<\/p>\n<p>&#8211; Det er noe\u00a0 annet med et kj\u00e6resteforhold. Da snakker du om \u00e5 pynte med roser og ringe hjem hver dag. Det er jo ikke bra. Da er det bedre \u00e5 se p\u00e5 teknikk med P\u00e5l Gunnar Mikkelsplass p\u00e5 kvelden, melder Petter Northug.<\/p>\n<p>Se og H\u00f8r har s\u00f8kt kontakt med Petter for \u00e5 f\u00e5 en kommentar til denne artikkelen, forel\u00f8pig uten hell.<\/p>\n","protected":false},"excerpt":{"rendered":"Petter Northug\u00a0 Skikongen fyller 40 \u00e5r, og vekker oppsikt med klare meldinger om sex og ski.\u00a0 KLAR MELDING:&hellip;\n","protected":false},"author":2,"featured_media":130476,"comment_status":"","ping_status":"","sticky":false,"template":"","format":"standard","meta":{"footnotes":""},"categories":[59],"tags":[1787,1292,479,30,28,29,397,8699,83,82,6328],"class_list":{"0":"post-130475","1":"post","2":"type-post","3":"status-publish","4":"format-standard","5":"has-post-thumbnail","7":"category-sport","8":"tag-emil-gukild","9":"tag-kjaereste","10":"tag-kjendis","11":"tag-no","12":"tag-norge","13":"tag-norway","14":"tag-petter-northug","15":"tag-sex-og-samliv","16":"tag-sport","17":"tag-sports","18":"tag-therese-johaug"},"share_on_mastodon":{"url":"https:\/\/pubeurope.com\/@no\/115849541897579075","error":""},"_links":{"self":[{"href":"https:\/\/www.europesays.com\/no\/wp-json\/wp\/v2\/posts\/130475","targetHints":{"allow":["GET"]}}],"collection":[{"href":"https:\/\/www.europesays.com\/no\/wp-json\/wp\/v2\/posts"}],"about":[{"href":"https:\/\/www.europesays.com\/no\/wp-json\/wp\/v2\/types\/post"}],"author":[{"embeddable":true,"href":"https:\/\/www.europesays.com\/no\/wp-json\/wp\/v2\/users\/2"}],"replies":[{"embeddable":true,"href":"https:\/\/www.europesays.com\/no\/wp-json\/wp\/v2\/comments?post=130475"}],"version-history":[{"count":0,"href":"https:\/\/www.europesays.com\/no\/wp-json\/wp\/v2\/posts\/130475\/revisions"}],"wp:featuredmedia":[{"embeddable":true,"href":"https:\/\/www.europesays.com\/no\/wp-json\/wp\/v2\/media\/130476"}],"wp:attachment":[{"href":"https:\/\/www.europesays.com\/no\/wp-json\/wp\/v2\/media?parent=130475"}],"wp:term":[{"taxonomy":"category","embeddable":true,"href":"https:\/\/www.europesays.com\/no\/wp-json\/wp\/v2\/categories?post=130475"},{"taxonomy":"post_tag","embeddable":true,"href":"https:\/\/www.europesays.com\/no\/wp-json\/wp\/v2\/tags?post=130475"}],"curies":[{"name":"wp","href":"https:\/\/api.w.org\/{rel}","templated":true}]}}