{"id":130483,"date":"2026-01-06T18:27:15","date_gmt":"2026-01-06T18:27:15","guid":{"rendered":"https:\/\/www.europesays.com\/no\/130483\/"},"modified":"2026-01-06T18:27:15","modified_gmt":"2026-01-06T18:27:15","slug":"norges-sjakkforbund-ut-mot-fides-russland-vedtak-anker-til-idrettens-voldgiftsrett","status":"publish","type":"post","link":"https:\/\/www.europesays.com\/no\/130483\/","title":{"rendered":"Norges Sjakkforbund ut mot Fides Russland-vedtak \u2013 anker til Idrettens voldgiftsrett"},"content":{"rendered":"\n<p class=\"_lead_o9xde_2 _lead_xtcu6_50 layout-component text-serif-m layout-normal text-serif-l layout-component layout-wide layout-padded _wide_17hqh_1 layout-padded\">Norges Sjakkforbund har sammen med flere andre nasjoner anket et ferskt Russland-vedtak fra Det internasjonale sjakkforbundet (Fide) til Idrettens voldgiftsrett.<\/p>\n<p><img alt=\"Russlands Jan Nepomnjasjtsjij under VM i sjakk i 2023.  Foto: Stanislav Filippov \/ AP \/ NTB\" class=\"_image_qp4xg_65 layout-component layout-wide\" data-fullscreen- data-track-element-type=\"Article image fullscreen\" data-track-name=\"ImageFullscreen\" fetchpriority=\"high\" decoding=\"sync\" loading=\"eager\" height=\"4000\" itemprop=\"image\"  src=\"https:\/\/www.europesays.com\/no\/wp-content\/uploads\/2026\/01\/323d249c-713b-4e75-9cad-f63e371591d3.jpeg\"  style=\"object-position:0% 0%\" width=\"6000\"\/>Russlands Jan Nepomnjasjtsjij under VM i sjakk i 2023.  Foto: Stanislav Filippov \/ AP \/ NTB<\/p>\n<ul aria-hidden=\"true\" class=\"_images_ntbth_112\">\n<li><a class=\"_link_ntbth_117\" href=\"https:\/\/www.vg.no\/forfatter\/ntb\" style=\"z-index:1\" title=\"NTB\" rel=\"nofollow noopener\" target=\"_blank\"><img alt=\"Bilde av NTB\" class=\"_image_ntbth_93\" fetchpriority=\"low\" loading=\"lazy\" decoding=\"async\" itemprop=\"image\"  src=\"https:\/\/www.europesays.com\/no\/wp-content\/uploads\/2026\/01\/1767724035_91_c33980b0-5d07-4027-84a1-813f90a7c8d6.png\"  width=\"480\"\/><\/a><\/li>\n<\/ul>\n<p> Oppdatert tirsdag 6. januar kl. 15:23     <\/p>\n<p class=\"_paragraph_o9xde_4 _paragraph_xtcu6_10 layout-component text-serif-m layout-normal text-serif-m layout-padded\">I en felles pressemelding fra forbundene i Ukraina, England, Estland, Tyskland og Norge opplyses det at anken ble levert mandag.<\/p>\n<p class=\"_paragraph_o9xde_4 _paragraph_xtcu6_10 layout-component text-serif-m layout-normal text-serif-m layout-padded\">Anken handler om to resolusjoner som ble vedtatt p\u00e5 Fide-generalforsamlingen i desember. De omhandlet begge deltakelsen til russiske og belarusiske ut\u00f8vere og lag i internasjonale konkurranser i tiden som kommer.<\/p>\n<p class=\"_paragraph_o9xde_4 _paragraph_xtcu6_10 layout-component text-serif-m layout-normal text-serif-m layout-padded\">* I den ene resolusjonen, som var foresl\u00e5tt av Det russiske sjakkforbundet, ble det tatt til orde for at russiske og belarusiske ut\u00f8vere og lag i alle aldre igjen b\u00f8r f\u00e5 konkurrere under egne nasjonssymboler i tiden som kommer.<\/p>\n<p class=\"_paragraph_o9xde_4 _paragraph_xtcu6_10 layout-component text-serif-m layout-normal text-serif-m layout-padded\">* I den andre resolusjonen, utarbeidet av Fide-styret, het det at russiske ungdomsut\u00f8vere igjen b\u00f8r f\u00e5 delta internasjonalt uten restriksjoner. Dette er i tr\u00e5d med et nylig vedtak fra Den internasjonale olympiske komit\u00e9 (IOC).<\/p>\n<p>Etterspill<\/p>\n<p class=\"_paragraph_o9xde_4 _paragraph_xtcu6_10 layout-component text-serif-m layout-normal text-serif-m layout-padded\">Selv om begge resolusjoner ble vedtatt med flertall, ble resolusjonstekstene funnet \u00e5 v\u00e6re motstridende. Derfor ble det besluttet at Fide-styret skulle konsultere IOC om den delen som omhandler voksne spilleres rett til egne nasjonssymboler i konkurranser.<\/p>\n<p class=\"_paragraph_o9xde_4 _paragraph_xtcu6_10 layout-component text-serif-m layout-normal text-serif-m layout-padded\">En endelig avgj\u00f8relse skulle tas etter disse konsultasjonene.<\/p>\n<p class=\"_paragraph_o9xde_4 _paragraph_xtcu6_10 layout-component text-serif-m layout-normal text-serif-m layout-padded\">N\u00e5 kan imidlertid kongressen f\u00e5 et ytterligere etterspill. <\/p>\n<p class=\"_paragraph_o9xde_4 _paragraph_xtcu6_10 layout-component text-serif-m layout-normal text-serif-m layout-padded\">De fem forbundene som anker til CAS, blant dem det norske, mener det i behandlingen av de to resolusjonene ble beg\u00e5tt \u00abalvorlige prosedyrefeil, inkludert brudd p\u00e5 Fide-charteret og grunnleggende prinsipper for \u00e5penhet og lovlig beslutningstaking i internasjonal idrettsstyring\u00bb, st\u00e5r det i tirsdagens pressemelding.<\/p>\n<p>Ukjent dato<\/p>\n<p class=\"_paragraph_o9xde_4 _paragraph_xtcu6_10 layout-component text-serif-m layout-normal text-serif-m layout-padded\">Forbundene som har levert anken oppfordrer ogs\u00e5 andre nasjoner til \u00e5 stille seg bak.<\/p>\n<p class=\"_paragraph_o9xde_4 _paragraph_xtcu6_10 layout-component text-serif-m layout-normal text-serif-m layout-padded\">\u00abAndre Fide-medlemsforbund som ikke deltar som medankende parter oppfordres til \u00e5 uttrykke sin st\u00f8tte gjennom skriftlige uttalelser, som kan sendes inn og refereres til i l\u00f8pet av Cas-behandlingen\u00bb, skriver de.<\/p>\n<p class=\"_paragraph_o9xde_4 _paragraph_xtcu6_10 layout-component text-serif-m layout-normal text-serif-m layout-padded\">Det er ikke kjent n\u00e5r voldgiftsretten i Lausanne kommer til \u00e5 behandle saken.<\/p>\n","protected":false},"excerpt":{"rendered":"Norges Sjakkforbund har sammen med flere andre nasjoner anket et ferskt Russland-vedtak fra Det internasjonale sjakkforbundet (Fide) til&hellip;\n","protected":false},"author":2,"featured_media":130484,"comment_status":"","ping_status":"","sticky":false,"template":"","format":"standard","meta":{"footnotes":""},"categories":[59],"tags":[30,28,29,83,82],"class_list":{"0":"post-130483","1":"post","2":"type-post","3":"status-publish","4":"format-standard","5":"has-post-thumbnail","7":"category-sport","8":"tag-no","9":"tag-norge","10":"tag-norway","11":"tag-sport","12":"tag-sports"},"share_on_mastodon":{"url":"https:\/\/pubeurope.com\/@no\/115849569422431409","error":""},"_links":{"self":[{"href":"https:\/\/www.europesays.com\/no\/wp-json\/wp\/v2\/posts\/130483","targetHints":{"allow":["GET"]}}],"collection":[{"href":"https:\/\/www.europesays.com\/no\/wp-json\/wp\/v2\/posts"}],"about":[{"href":"https:\/\/www.europesays.com\/no\/wp-json\/wp\/v2\/types\/post"}],"author":[{"embeddable":true,"href":"https:\/\/www.europesays.com\/no\/wp-json\/wp\/v2\/users\/2"}],"replies":[{"embeddable":true,"href":"https:\/\/www.europesays.com\/no\/wp-json\/wp\/v2\/comments?post=130483"}],"version-history":[{"count":0,"href":"https:\/\/www.europesays.com\/no\/wp-json\/wp\/v2\/posts\/130483\/revisions"}],"wp:featuredmedia":[{"embeddable":true,"href":"https:\/\/www.europesays.com\/no\/wp-json\/wp\/v2\/media\/130484"}],"wp:attachment":[{"href":"https:\/\/www.europesays.com\/no\/wp-json\/wp\/v2\/media?parent=130483"}],"wp:term":[{"taxonomy":"category","embeddable":true,"href":"https:\/\/www.europesays.com\/no\/wp-json\/wp\/v2\/categories?post=130483"},{"taxonomy":"post_tag","embeddable":true,"href":"https:\/\/www.europesays.com\/no\/wp-json\/wp\/v2\/tags?post=130483"}],"curies":[{"name":"wp","href":"https:\/\/api.w.org\/{rel}","templated":true}]}}