{"id":130493,"date":"2026-01-06T18:35:08","date_gmt":"2026-01-06T18:35:08","guid":{"rendered":"https:\/\/www.europesays.com\/no\/130493\/"},"modified":"2026-01-06T18:35:08","modified_gmt":"2026-01-06T18:35:08","slug":"farmen-kjendis-torpet-sjokkgrep-i-farmen-kjendis","status":"publish","type":"post","link":"https:\/\/www.europesays.com\/no\/130493\/","title":{"rendered":"Farmen Kjendis, Torpet | Sjokkgrep i \u00abFarmen kjendis\u00bb"},"content":{"rendered":"\n<p><b>Obs, spoiler! Denne saken inneholder detaljer fra tirsdagens episode av \u00abFarmen kjendis\u00bb.<\/b><\/p>\n<p>Tirsdag kveld er det premiere p\u00e5 den tiende sesongen av \u00abFarmen kjendis\u00bb.<\/p>\n<p>Allerede i f\u00f8rste episode kan programleder Dorthe Skappel (63) avsl\u00f8re store endringer for den kommende sesongen.<\/p>\n<p>\u2013 \u00abFarmen kjendis\u00bb kommer til \u00e5 bli annerledes. Uforutsigbart. Alt kan skje. Det kommer til \u00e5 bli noen t\u00f8ffe valg som m\u00e5 tas, og ikke alle er like popul\u00e6re, sier programlederen innledningsvis.<\/p>\n<p>    Vil du se neste video?<\/p>\n<p>    <a href=\"https:\/\/www.nettavisen.no\/nyheter\/ukrainsk-jagerfly-odelegger-for-vladimir-putin-i-pokrovsk\/v\/5-95-2807927\" class=\"recommend-poster\" data-adp-clicklabel=\"video-recommend\" data-adp-clickvalue=\"poster\" rel=\"nofollow noopener\" target=\"_blank\"><br \/>\n      <img decoding=\"async\" width=\"200\" height=\"200\" loading=\"lazy\" src=\"https:\/\/www.europesays.com\/no\/wp-content\/uploads\/2026\/01\/JAGERFLY+BREDDE.jpg\" alt=\"\" class=\"brick-c-cFOWSL\" style=\"--brick-image-ratio: 200 \/ 200;\"\/><\/p>\n<p>Nye bilder: Rammer Putin hardt0:41<\/p>\n<p>    <\/a><\/p>\n<p>        Den nye casten til \u00abFarmen kjendis\u00bb er sluppet. Og til Nettavisen, kan noen av deltakerne avsl\u00f8re hva de smuglet med seg inn p\u00e5 g\u00e5rden.<br \/>\n        Ingen mentor<\/p>\n<p>Ogs\u00e5 \u00e5rets tvekamper blir annerledes. <\/p>\n<p>\u2013 Hvis en tvekamp er valgt, s\u00e5 kan den aldri velges igjen. Og i \u00e5r kan andrekjempe velge hva som helst av gren uansett kj\u00f8nn, hvis dere blir enige, sier Skappel videre.<\/p>\n<p><b>Les ogs\u00e5:<a href=\"https:\/\/www.nettavisen.no\/kjendis\/hemmelig-farmen-kjendis-deltakelse-noye-koordinert\/s\/5-95-2744229\" rel=\"Follow nofollow noopener\" target=\"_blank\"> Skjulte \u00abFarmen kjendis\u00bb-deltakelsen for s\u00f8nnen: \u2013 N\u00f8ye koordinert<\/a><\/b><\/p>\n<p>I tidligere sesonger har b\u00e5de TV-seerne og deltakerne blitt godt kjent med mentoren, men i denne sesongen blir det ingen mentor \u00e5 se.<\/p>\n<p>\u2013 Mentor er ikke i \u00e5r. I stedet er det tre eksperter som kommer og d\u00f8mmer.<\/p>\n<p>Det er tydelig at flere av deltakere blir sjokkerte over de nye reglene.<\/p>\n<p>\u2013 Jeg fikk sug i magen, sier deltaker Victoria Frostmann Skau (26) i episoden.<\/p>\n<p>            Dette er de nye endringene i \u00abFarmen kjendis\u00bb<\/p>\n<ul>\n<li>Hvis en tvekamp-gren er valgt, s\u00e5 kan den aldri velges igjen.<\/li>\n<li>\n<p>Andrekjempe kan fritt velge gren uansett kj\u00f8nn, hvis de blir enige. <\/p>\n<\/li>\n<li>\n<p>Mentor er ikke med, og erstattes av tre eksperter.<\/p>\n<\/li>\n<li>\n<p>\u00abTorpet\u00bb f\u00e5r ha en hemmelig informant p\u00e5 \u00abFarmen kjendis\u00bb-g\u00e5rden<\/p>\n<\/li>\n<\/ul>\n<p>  Informanten avsl\u00f8res<\/p>\n<p>Tidligere har det blitt kjent at det vil v\u00e6re <a href=\"https:\/\/www.nettavisen.no\/kjendis\/disse-flytter-inn-pa-torpet-kjendis\/s\/5-95-2756192\" rel=\"Follow nofollow noopener\" target=\"_blank\">en informant blant deltakerne. <\/a>Informanten viser seg \u00e5 komme fra \u00abTorpet\u00bb-gjengen, og allerede i f\u00f8rste episode avsl\u00f8res det at det er komiker Karsten Blomvik (32).<\/p>\n<p>Resten av deltakerne er imidlertid ikke klar over at Blomvik tilh\u00f8rer \u00abTorpet\u00bb.<\/p>\n<p>Informanten har en hemmelig forbindelse med resten av \u00abTorpet\u00bb-forpakterne. I et brev f\u00e5r han en klar beskjed:<\/p>\n<p>\u00abDu er Torpets \u00f8rer og \u00f8yne.\u00bb<\/p>\n<p>Underveis m\u00e5 han sende rapporter med detaljerte observasjoner om b\u00e5de deltakerne og storbonden.<\/p>\n<p><b>Les ogs\u00e5: <a href=\"https:\/\/www.nettavisen.no\/kjendis\/disse-flytter-inn-pa-torpet-kjendis\/s\/5-95-2756192\" rel=\"Follow nofollow noopener\" target=\"_blank\">\u00abTorpet kjendis\u00bb: \u2013 Helt naturlig \u00e5 lage et helvete<\/a><\/b><\/p>\n<p>P\u00e5 \u00abTorpet\u00bb venter Youtuber Sander Austad Dale (27), skuespiller S\u00f8lje Bergman (50) og VGTV-programleder Martin Sleipnes (39).<\/p>\n","protected":false},"excerpt":{"rendered":"Obs, spoiler! Denne saken inneholder detaljer fra tirsdagens episode av \u00abFarmen kjendis\u00bb. Tirsdag kveld er det premiere p\u00e5&hellip;\n","protected":false},"author":2,"featured_media":130494,"comment_status":"","ping_status":"","sticky":false,"template":"","format":"standard","meta":{"footnotes":""},"categories":[58],"tags":[71,30,28,29,72],"class_list":{"0":"post-130493","1":"post","2":"type-post","3":"status-publish","4":"format-standard","5":"has-post-thumbnail","7":"category-underholdning","8":"tag-entertainment","9":"tag-no","10":"tag-norge","11":"tag-norway","12":"tag-underholdning"},"share_on_mastodon":{"url":"https:\/\/pubeurope.com\/@no\/115849600849640153","error":""},"_links":{"self":[{"href":"https:\/\/www.europesays.com\/no\/wp-json\/wp\/v2\/posts\/130493","targetHints":{"allow":["GET"]}}],"collection":[{"href":"https:\/\/www.europesays.com\/no\/wp-json\/wp\/v2\/posts"}],"about":[{"href":"https:\/\/www.europesays.com\/no\/wp-json\/wp\/v2\/types\/post"}],"author":[{"embeddable":true,"href":"https:\/\/www.europesays.com\/no\/wp-json\/wp\/v2\/users\/2"}],"replies":[{"embeddable":true,"href":"https:\/\/www.europesays.com\/no\/wp-json\/wp\/v2\/comments?post=130493"}],"version-history":[{"count":0,"href":"https:\/\/www.europesays.com\/no\/wp-json\/wp\/v2\/posts\/130493\/revisions"}],"wp:featuredmedia":[{"embeddable":true,"href":"https:\/\/www.europesays.com\/no\/wp-json\/wp\/v2\/media\/130494"}],"wp:attachment":[{"href":"https:\/\/www.europesays.com\/no\/wp-json\/wp\/v2\/media?parent=130493"}],"wp:term":[{"taxonomy":"category","embeddable":true,"href":"https:\/\/www.europesays.com\/no\/wp-json\/wp\/v2\/categories?post=130493"},{"taxonomy":"post_tag","embeddable":true,"href":"https:\/\/www.europesays.com\/no\/wp-json\/wp\/v2\/tags?post=130493"}],"curies":[{"name":"wp","href":"https:\/\/api.w.org\/{rel}","templated":true}]}}