{"id":130497,"date":"2026-01-06T18:39:09","date_gmt":"2026-01-06T18:39:09","guid":{"rendered":"https:\/\/www.europesays.com\/no\/130497\/"},"modified":"2026-01-06T18:39:09","modified_gmt":"2026-01-06T18:39:09","slug":"kristin-gjelsvik-skal-fjerne-livmoren","status":"publish","type":"post","link":"https:\/\/www.europesays.com\/no\/130497\/","title":{"rendered":"Kristin Gjelsvik skal fjerne livmoren"},"content":{"rendered":"\n<p class=\"_paragraph_o9xde_4 _paragraph_xtcu6_10 layout-component text-serif-m layout-normal text-serif-m layout-padded\">Influencer <a href=\"https:\/\/www.vg.no\/tag\/kristin-gjelsvik?utm_source=vg-article&amp;utm_medium=auto-tagger&amp;utm_campaign=vrQL2p\" class=\"_link_o9xde_39\" rel=\"nofollow noopener\" target=\"_blank\">Kristin Gjelsvik<\/a> (39) skal snart operere bort livmoren etter \u00e5 ha slitt med smerter og feil diagnoser i \u00e5revis.<\/p>\n<p class=\"_paragraph_o9xde_4 _paragraph_xtcu6_10 layout-component text-serif-m layout-normal text-serif-m layout-padded\"><strong class=\"_strong_o9xde_25\">\u2013 Livmoren ryker ut om f\u00e5 strakser, og med det forsvinner ogs\u00e5 muligheten til \u00e5 f\u00e5 flere barn, skriver hun i et innlegg p\u00e5 Instagram. <\/strong><\/p>\n<p class=\"_paragraph_o9xde_4 _paragraph_xtcu6_10 layout-component text-serif-m layout-normal text-serif-m layout-padded\">I det \u00e5penhjertige innlegget forteller hun at hun i flere \u00e5r har trodd hun hadde en muskelknute p\u00e5 st\u00f8rrelse med en tennisball p\u00e5 eggstokken. <\/p>\n<p class=\"_paragraph_o9xde_4 _paragraph_xtcu6_10 layout-component text-serif-m layout-normal text-serif-m layout-padded\"><strong class=\"_strong_o9xde_25\">Hun skriver:<\/strong><\/p>\n<p class=\"_paragraph_o9xde_4 _paragraph_xtcu6_10 layout-component text-serif-m layout-normal text-serif-m layout-padded\">\u00abI flere \u00e5r har jeg levd i den troen at jeg hadde en muskelknute p\u00e5 st\u00f8rrelse med en tennisball p\u00e5 eggstokken. Det var informasjon jeg fikk av en gynekolog for mange \u00e5r siden.<br \/>S\u00e5 kom 2024, privat gynekolog \u2013 og ny beskjed: adenomyoseadenomyose Adenomyose er en tilstand der vev som normalt vokser inne i livmoren, begynner \u00e5 vokse inn i livmorens muskelvegg, noe som kan f\u00f8re til smerter og kraftige menstruasjonsbl\u00f8dninger.<br \/>\n\u00bb<\/p>\n<p class=\"_paragraph_o9xde_4 _paragraph_xtcu6_10 layout-component text-serif-m layout-normal text-serif-m layout-padded\">\u2013 S\u00e5 mye info. S\u00e5 mye feil. S\u00e5 mye rart, skriver Gjelsvik.<\/p>\n<p class=\"_paragraph_o9xde_4 _paragraph_xtcu6_10 layout-component text-serif-m layout-normal text-serif-m layout-padded\"><strong class=\"_strong_o9xde_25\">I innlegget har hun ogs\u00e5 delt et bilde fra en sykehusseng:<\/strong><\/p>\n<p class=\"_paragraph_o9xde_4 _paragraph_xtcu6_10 layout-component text-serif-m layout-normal text-serif-m layout-padded\">Gjelsvik forteller at hun i juni 2025 tok en prat med fastlegen og ba helt tydelig om henvisning til fjerning av livmor. <\/p>\n<p class=\"_paragraph_o9xde_4 _paragraph_xtcu6_10 layout-component text-serif-m layout-normal text-serif-m layout-padded\"><strong class=\"_strong_o9xde_25\">\u2013 Etter mye smerter og plager ble jeg endelig h\u00f8rt. Og n\u00e5 er vi her. Riktignok 7 (!!!) m\u00e5neder senere, men det er vel s\u00e5nn det skal v\u00e6re.<\/strong><\/p>\n<p class=\"_paragraph_o9xde_4 _paragraph_xtcu6_10 layout-component text-serif-m layout-normal text-serif-m layout-padded\">Flere sender henne varme tanker i kommentarfeltet p\u00e5 Insta.<\/p>\n<p class=\"_paragraph_o9xde_4 _paragraph_xtcu6_10 layout-component text-serif-m layout-normal text-serif-m layout-padded\"><strong class=\"_strong_o9xde_25\">\u2013 Det er s\u00e5 fint \u00e5 lese s\u00e5 mange varme ord, skriver hun i en melding til VG.<\/strong><\/p>\n<p class=\"_paragraph_o9xde_4 _paragraph_xtcu6_10 layout-component text-serif-m layout-normal text-serif-m layout-padded\">Hun forteller at hun er \u00ablitt groggy\u00bb, mens samboeren er hjemme og tar ansvar for s\u00f8nnen.<\/p>\n<p class=\"_paragraph_o9xde_4 _paragraph_xtcu6_10 layout-component text-serif-m layout-normal text-serif-m layout-padded\">\u2013 Jeg er i de aller beste hender her p\u00e5 B\u00e6rum sykehus. Sykepleierne og legene p\u00e5 avdelingen er helt vidunderlige \u2013 s\u00e5 varme og trygge! Jeg mangler ingenting, og kjenner p\u00e5 en enorm takknemlighet for jobben de gj\u00f8r, skriver hun til VG.<\/p>\n<p class=\"_paragraph_o9xde_4 _paragraph_xtcu6_10 layout-component text-serif-m layout-normal text-serif-m layout-padded\">Har du en oppfordring til andre kvinner?<\/p>\n<p class=\"_paragraph_o9xde_4 _paragraph_xtcu6_10 layout-component text-serif-m layout-normal text-serif-m layout-padded\">\u2013 Ikke finn deg i \u00e5 leve et liv med smerter bare fordi du er kvinne. Vi er s\u00e5 vant til \u00e5 normalisere ubehag, smerter og det \u00e5 \u00abholde ut\u00bb.<\/p>\n<p class=\"_paragraph_o9xde_4 _paragraph_xtcu6_10 layout-component text-serif-m layout-normal text-serif-m layout-padded\">Hun p\u00e5peker at det ikke skal v\u00e6re s\u00e5nn.<\/p>\n<p class=\"_paragraph_o9xde_4 _paragraph_xtcu6_10 layout-component text-serif-m layout-normal text-serif-m layout-padded\">\u2013 Du kjenner kroppen din best, s\u00e5 hvis du opplever at noe ikke er som det skal v\u00e6re i kroppen din, s\u00e5 ta det p\u00e5 alvor. Be om utredning. Be om henvisning. Still sp\u00f8rsm\u00e5l.<\/p>\n<p>Forlovet i sommer<\/p>\n<p class=\"_paragraph_o9xde_4 _paragraph_xtcu6_10 layout-component text-serif-m layout-normal text-serif-m layout-padded\">I sommer delte Gjelsvik at hun er forlovet med kj\u00e6resten. De to m\u00f8ttes p\u00e5 datingappen Tinder og ble sammen i 2022. Paret ble samboere i 2025.<\/p>\n<p class=\"_paragraph_o9xde_4 _paragraph_xtcu6_10 layout-component text-serif-m layout-normal text-serif-m layout-padded\">B\u00e5de Gjelsvik og forloveden har barn hver for seg.<\/p>\n<p class=\"_paragraph_o9xde_4 _paragraph_xtcu6_10 layout-component text-serif-m layout-normal text-serif-m layout-padded\">Sammen med tidligere samboer Dennis Poppe fikk Gjelsvik s\u00f8nnen Falk i 2019.<\/p>\n<p class=\"_paragraph_o9xde_4 _paragraph_xtcu6_10 layout-component text-serif-m layout-normal layout-padded\"><strong class=\"_strong_o9xde_25\">Les ogs\u00e5:<\/strong> <a href=\"https:\/\/www.vg.no\/i\/VzV1kp\" data-track-element-type=\"Link\" data-track-id=\"link:VzV1kp\" class=\"_link_o9xde_39\" rel=\"nofollow noopener\" target=\"_blank\">Kristin Gjelsvik (38) er forlovet: \u2013 Skjedde dette virkelig?<\/a><\/p>\n<p class=\"_paragraph_o9xde_4 _paragraph_xtcu6_10 layout-component text-serif-m layout-normal text-serif-m layout-padded\">Influenceren forteller at hun lenge har normalisert sterke smerter som bare \u00abs\u00e5nn det er \u00e5 v\u00e6re kvinne\u00bb.<\/p>\n<p class=\"_paragraph_o9xde_4 _paragraph_xtcu6_10 layout-component text-serif-m layout-normal text-serif-m layout-padded\">\u2013 N\u00e5 kjenner jeg mest p\u00e5 lettelse, og ikke minst et h\u00e5p om mindre smerter, skriver hun videre i innlegget.<\/p>\n<p class=\"_paragraph_o9xde_4 _paragraph_xtcu6_10 layout-component text-serif-m layout-normal text-serif-m layout-padded\"><strong class=\"_strong_o9xde_25\">Selv om Gjelsvik ikke \u00f8nsker flere barn, setter det i gang tanker n\u00e5r muligheten fjernes helt, skriver hun.<\/strong><\/p>\n<p class=\"_paragraph_o9xde_4 _paragraph_xtcu6_10 layout-component text-serif-m layout-normal text-serif-m layout-padded\">\u2013 Det er ingen stor sorg, alts\u00e5. Ikke noe dramatisk \u2013 men en liten, litt rar prosess &#8230; vi er veldig glade for de fire fantastiske barna vi har til sammen.<\/p>\n<p class=\"_paragraph_o9xde_4 _paragraph_xtcu6_10 layout-component text-serif-m layout-normal text-serif-m layout-padded\">N\u00e5 kjenner hun mest p\u00e5 lettelse, og h\u00e5p om mindre smerter.<\/p>\n<p class=\"_paragraph_o9xde_4 _paragraph_xtcu6_10 layout-component text-serif-m layout-normal text-serif-m layout-padded\">\u2013 Et liv der jeg slipper \u00e5 normalisere ubehag bare fordi jeg er kvinne, avslutter hun.<\/p>\n<p class=\"_paragraph_o9xde_4 _paragraph_xtcu6_10 layout-component text-serif-m layout-normal text-serif-m layout-padded\">Gjelsvik ble f\u00f8rst kjent da hun deltok p\u00e5 Paradise Hotel i 2012. <\/p>\n<p class=\"_paragraph_o9xde_4 _paragraph_xtcu6_10 layout-component text-serif-m layout-normal text-serif-m layout-padded\">Siden har hun blitt en av Norges st\u00f8rste bloggere og influencere, og har deltatt p\u00e5 programmer som \u00abBloggerne\u00bb, \u00abCamp Kulinaris\u00bb, \u00abTorpet Kjendis\u00bb, \u00abSkal vi danse\u00bb og \u00abFangene p\u00e5 fortet\u00bb.<\/p>\n<p class=\"_paragraph_o9xde_4 _paragraph_xtcu6_10 layout-component text-serif-m layout-normal text-serif-m layout-padded\">Hun er ogs\u00e5 en samfunnsengasjert debattant.<\/p>\n<p class=\"_paragraph_o9xde_4 _paragraph_xtcu6_10 layout-component text-serif-m layout-normal text-serif-m layout-padded\">Nylig gikk hun ut mot sminke for barn i en kronikk i VG:<\/p>\n<p class=\"_paragraph_o9xde_4 _paragraph_xtcu6_10 layout-component text-serif-m layout-normal layout-padded\"><strong class=\"_strong_o9xde_25\">Les ogs\u00e5:<\/strong> <a href=\"https:\/\/www.vg.no\/i\/8q1q1W\" data-track-element-type=\"Link\" data-track-id=\"link:8q1q1W\" class=\"_link_o9xde_39\" rel=\"nofollow noopener\" target=\"_blank\">Galskap \u00e5 selge sminke til barn!<\/a><\/p>\n<p>    <img decoding=\"async\" alt=\"Tips oss illustrasjon\" src=\"https:\/\/www.europesays.com\/no\/wp-content\/uploads\/2025\/10\/pssst-small.webp.webp\"\/>    <\/p>\n<p class=\"title-serif-s\">Har du tips?<\/p>\n<p class=\"text-sans-m\">Send oss informasjon, bilder eller video.<\/p>\n<p>  <a href=\"https:\/\/www.vg.no\/tips-oss\" rel=\"nofollow noopener\" target=\"_blank\"> Tips oss <\/a>      <\/p>\n","protected":false},"excerpt":{"rendered":"Influencer Kristin Gjelsvik (39) skal snart operere bort livmoren etter \u00e5 ha slitt med smerter og feil diagnoser&hellip;\n","protected":false},"author":2,"featured_media":130498,"comment_status":"","ping_status":"","sticky":false,"template":"","format":"standard","meta":{"footnotes":""},"categories":[10],"tags":[31,20,21,24,25,15,6230,2796,22,23,13,30,28,29,14,16,26,27],"class_list":{"0":"post-130497","1":"post","2":"type-post","3":"status-publish","4":"format-standard","5":"has-post-thumbnail","7":"category-norge","8":"tag-breaking","9":"tag-breaking-news","10":"tag-breakingnews","11":"tag-featured-news","12":"tag-featurednews","13":"tag-headlines","14":"tag-kristin-gjelsvik","15":"tag-kvinnehelse","16":"tag-latest-news","17":"tag-latestnews","18":"tag-news","19":"tag-no","20":"tag-norge","21":"tag-norway","22":"tag-nyheter","23":"tag-overskrifter","24":"tag-top-stories","25":"tag-topstories"},"share_on_mastodon":{"url":"https:\/\/pubeurope.com\/@no\/115849616697324523","error":""},"_links":{"self":[{"href":"https:\/\/www.europesays.com\/no\/wp-json\/wp\/v2\/posts\/130497","targetHints":{"allow":["GET"]}}],"collection":[{"href":"https:\/\/www.europesays.com\/no\/wp-json\/wp\/v2\/posts"}],"about":[{"href":"https:\/\/www.europesays.com\/no\/wp-json\/wp\/v2\/types\/post"}],"author":[{"embeddable":true,"href":"https:\/\/www.europesays.com\/no\/wp-json\/wp\/v2\/users\/2"}],"replies":[{"embeddable":true,"href":"https:\/\/www.europesays.com\/no\/wp-json\/wp\/v2\/comments?post=130497"}],"version-history":[{"count":0,"href":"https:\/\/www.europesays.com\/no\/wp-json\/wp\/v2\/posts\/130497\/revisions"}],"wp:featuredmedia":[{"embeddable":true,"href":"https:\/\/www.europesays.com\/no\/wp-json\/wp\/v2\/media\/130498"}],"wp:attachment":[{"href":"https:\/\/www.europesays.com\/no\/wp-json\/wp\/v2\/media?parent=130497"}],"wp:term":[{"taxonomy":"category","embeddable":true,"href":"https:\/\/www.europesays.com\/no\/wp-json\/wp\/v2\/categories?post=130497"},{"taxonomy":"post_tag","embeddable":true,"href":"https:\/\/www.europesays.com\/no\/wp-json\/wp\/v2\/tags?post=130497"}],"curies":[{"name":"wp","href":"https:\/\/api.w.org\/{rel}","templated":true}]}}