{"id":130499,"date":"2026-01-06T18:40:12","date_gmt":"2026-01-06T18:40:12","guid":{"rendered":"https:\/\/www.europesays.com\/no\/130499\/"},"modified":"2026-01-06T18:40:12","modified_gmt":"2026-01-06T18:40:12","slug":"hardanger-og-voss-tingrett-soksmal","status":"publish","type":"post","link":"https:\/\/www.europesays.com\/no\/130499\/","title":{"rendered":"Hardanger og Voss tingrett, S\u00f8ksm\u00e5l"},"content":{"rendered":"\n<p><b>S\u00d8KSM\u00c5L [<a href=\"https:\/\/www.hardanger-folkeblad.no\/bertelsen-og-garpestad-i-retten-saksokt-for-34-millionar-etter-haukeli-prosjekt\/s\/5-22-746472\" rel=\"Follow nofollow noopener\" target=\"_blank\">Hardanger Folkeblad<\/a>]: <\/b>I tre somrar gjekk det f\u00f8re seg utbetringsarbeid i tunnelane p\u00e5 E 134 Haukelifjell. B\u00e5de Haukelitunnelen og V\u00e5gslidtunnelen er oppgraderte.<\/p>\n<p>No f\u00f8reg\u00e5r det ein millionoppvask mellom entrepren\u00f8rane i Hardanger og Voss tingrett etter anleggsarbeidet. Det <a href=\"https:\/\/www.nrk.no\/vestland\/stort-soksmal-etter-oppgradering-av-fleire-tunnelar-pa-e134-i-vestland-1.17699810\" rel=\"Follow nofollow noopener\" target=\"_blank\">skriv NRK.<\/a><\/p>\n<p>Arbeidet tok eitt \u00e5r meir enn planlagd, og hovudentrepren\u00f8r Bertelsen og Garpestad (B&amp;G) har allereie forlikt med Statens vegvesen i ein tvist om prosjektet. Dette skjedde utan \u00e5 g\u00e5 til retten.<\/p>\n<p>No st\u00e5r tvisten mellom underentrepren\u00f8r AG Tunnel og B&amp;G. Sistnemnde saks\u00f8kjer B&amp;G for 34 millionar kroner. B&amp;G har g\u00e5tt til mots\u00f8ksm\u00e5l.<\/p>\n<p>Tvisten mellom dei to handlar om p\u00e5st\u00e5tt l\u00e5g bemanning, undervurdering av arbeidsomfang og feilmontering av vifteboltar.<\/p>\n<p>Rettssaka, som starta tysdag, skal halde fram i fire veker. <\/p>\n<p>Arbeidet p\u00e5 E 134 var f\u00f8rst ferdig i 2023, eitt \u00e5r etter planen. Sluttrekninga kom opp i \u00e9in milliard kroner.<\/p>\n<p>Striden mellom AG Tunnel og B&amp;G handlar \u00f2g om mindre oppdrag i Rogaland, men i all hovudsak om Haukeli-prosjektet.<\/p>\n<p>Det er B&amp;G som saman med Metrostav som vann og har starta arbeidet med ny tunnel mellom Liamyrane og Seljestad p\u00e5 E 134.<\/p>\n","protected":false},"excerpt":{"rendered":"S\u00d8KSM\u00c5L [Hardanger Folkeblad]: I tre somrar gjekk det f\u00f8re seg utbetringsarbeid i tunnelane p\u00e5 E 134 Haukelifjell. B\u00e5de&hellip;\n","protected":false},"author":2,"featured_media":130231,"comment_status":"","ping_status":"","sticky":false,"template":"","format":"standard","meta":{"footnotes":""},"categories":[5],"tags":[36,20,21,11602,24,25,15138,15,19,22,23,17,18,13,30,28,29,14,16,1713,1510,26,27],"class_list":{"0":"post-130499","1":"post","2":"type-post","3":"status-publish","4":"format-standard","5":"has-post-thumbnail","7":"category-overskrifter","8":"tag-art","9":"tag-breaking-news","10":"tag-breakingnews","11":"tag-e-134","12":"tag-featured-news","13":"tag-featurednews","14":"tag-hardanger-og-voss-tingrett","15":"tag-headlines","16":"tag-hovedoppslag","17":"tag-latest-news","18":"tag-latestnews","19":"tag-main-news","20":"tag-mainnews","21":"tag-news","22":"tag-no","23":"tag-norge","24":"tag-norway","25":"tag-nyheter","26":"tag-overskrifter","27":"tag-soksmal","28":"tag-story","29":"tag-top-stories","30":"tag-topstories"},"share_on_mastodon":{"url":"https:\/\/pubeurope.com\/@no\/115849620650245180","error":""},"_links":{"self":[{"href":"https:\/\/www.europesays.com\/no\/wp-json\/wp\/v2\/posts\/130499","targetHints":{"allow":["GET"]}}],"collection":[{"href":"https:\/\/www.europesays.com\/no\/wp-json\/wp\/v2\/posts"}],"about":[{"href":"https:\/\/www.europesays.com\/no\/wp-json\/wp\/v2\/types\/post"}],"author":[{"embeddable":true,"href":"https:\/\/www.europesays.com\/no\/wp-json\/wp\/v2\/users\/2"}],"replies":[{"embeddable":true,"href":"https:\/\/www.europesays.com\/no\/wp-json\/wp\/v2\/comments?post=130499"}],"version-history":[{"count":0,"href":"https:\/\/www.europesays.com\/no\/wp-json\/wp\/v2\/posts\/130499\/revisions"}],"wp:featuredmedia":[{"embeddable":true,"href":"https:\/\/www.europesays.com\/no\/wp-json\/wp\/v2\/media\/130231"}],"wp:attachment":[{"href":"https:\/\/www.europesays.com\/no\/wp-json\/wp\/v2\/media?parent=130499"}],"wp:term":[{"taxonomy":"category","embeddable":true,"href":"https:\/\/www.europesays.com\/no\/wp-json\/wp\/v2\/categories?post=130499"},{"taxonomy":"post_tag","embeddable":true,"href":"https:\/\/www.europesays.com\/no\/wp-json\/wp\/v2\/tags?post=130499"}],"curies":[{"name":"wp","href":"https:\/\/api.w.org\/{rel}","templated":true}]}}