{"id":130506,"date":"2026-01-06T18:46:12","date_gmt":"2026-01-06T18:46:12","guid":{"rendered":"https:\/\/www.europesays.com\/no\/130506\/"},"modified":"2026-01-06T18:46:12","modified_gmt":"2026-01-06T18:46:12","slug":"morsmelkerstatning-fra-nestle-tilbakekalt-etter-funn-av-toksin","status":"publish","type":"post","link":"https:\/\/www.europesays.com\/no\/130506\/","title":{"rendered":"Morsmelkerstatning fra Nestl\u00e9 tilbakekalt etter funn av toksin"},"content":{"rendered":"\n<p class=\"_lead_o9xde_2 _lead_xtcu6_50 layout-component text-serif-m layout-normal text-serif-l layout-component layout-wide layout-padded _wide_17hqh_1 layout-padded\">Seks typer morsmelkerstatning er tilbakekalt etter funn av giftstoff. Nybakt mor Victoria Senkpiel fra B\u00e6rum er bekymret for sin ni uker gamle s\u00f8nn. <\/p>\n<p><img alt=\"UROLIG:  Victoria Senkpiel  vil ta s\u00f8nnen med til legen etter nyheten om at flere typer morsmelkerstninger tilbakekalles.  Foto: Privat \" class=\"_image_qp4xg_65 layout-component layout-wide\" data-fullscreen- data-track-element-type=\"Article image fullscreen\" data-track-name=\"ImageFullscreen\" fetchpriority=\"high\" decoding=\"sync\" loading=\"eager\" height=\"3088\" itemprop=\"image\"  src=\"https:\/\/www.europesays.com\/no\/wp-content\/uploads\/2026\/01\/06a8023f-5e86-4231-b66f-a801b02ff32d.jpeg\"  style=\"object-position:0% 0%\" width=\"2316\"\/>UROLIG:  Victoria Senkpiel  vil ta s\u00f8nnen med til legen etter nyheten om at flere typer morsmelkerstninger tilbakekalles.  Foto: Privat <\/p>\n<ul aria-hidden=\"true\" class=\"_images_ntbth_112\">\n<li><a class=\"_link_ntbth_117\" href=\"https:\/\/www.vg.no\/forfatter\/lars-chr-wegner\" style=\"z-index:2\" title=\"Lars Chr. Wegner\" rel=\"nofollow noopener\" target=\"_blank\"><img alt=\"Bilde av Lars Chr. Wegner\" class=\"_image_ntbth_93\" fetchpriority=\"low\" loading=\"lazy\" decoding=\"async\" itemprop=\"image\"  src=\"https:\/\/www.europesays.com\/no\/wp-content\/uploads\/2026\/01\/d4fcb44e-ddf9-4a1a-a8b8-d9dc6392cac8.jpeg\"  width=\"480\"\/><\/a><\/li>\n<li><a class=\"_link_ntbth_117\" href=\"https:\/\/www.vg.no\/forfatter\/ingrid-bjoerndal-farestvedt\" style=\"z-index:1\" title=\"Ingrid Bj\u00f8rndal Farestvedt\" rel=\"nofollow noopener\" target=\"_blank\"><img alt=\"Bilde av Ingrid Bj\u00f8rndal Farestvedt\" class=\"_image_ntbth_93\" fetchpriority=\"low\" loading=\"lazy\" decoding=\"async\" itemprop=\"image\"  src=\"https:\/\/www.europesays.com\/no\/wp-content\/uploads\/2026\/01\/1767725171_968_0ca626e9-b4bd-4417-836d-161b53cb789f.jpeg\"  width=\"480\"\/><\/a><\/li>\n<\/ul>\n<p> Oppdatert tirsdag 6. januar kl. 19:01     <\/p>\n<p class=\"_paragraph_o9xde_4 _paragraph_xtcu6_10 layout-component text-serif-m layout-normal text-serif-m layout-padded\">Senkpiel reagerte umiddelbart da hun leste i VG tirsdag om morsmelkerstatningen fra <a href=\"https:\/\/www.vg.no\/tag\/nestle?utm_source=vg-article&amp;utm_medium=auto-tagger&amp;utm_campaign=q6L56E\" class=\"_link_o9xde_39\" rel=\"nofollow noopener\" target=\"_blank\">Nestl\u00e9<\/a> som n\u00e5 er tilbakekalt. S\u00f8nnen Leopold p\u00e5 ni uker har f\u00e5tt tre bokser med et av produktene som n\u00e5 er tilbakekalt, og med samme batchnummer som det ber\u00f8rte partiet.<\/p>\n<p class=\"_paragraph_o9xde_4 _paragraph_xtcu6_10 layout-component text-serif-m layout-normal text-serif-m layout-padded\">\u2013 S\u00f8nnen min har slitt med l\u00f8s mage i to uker. Jeg begynte \u00e5 mistenke at det kunne v\u00e6re melkeallergi, for jeg syntes det har vart s\u00e5 lenge, forteller Senkpiel til VG. <\/p>\n<p class=\"_paragraph_o9xde_4 _paragraph_xtcu6_10 layout-component text-serif-m layout-normal text-serif-m layout-padded\">\u2013 Det er ingen akutt helsefare, skriver Mattilsynet. <\/p>\n<p>Seks produkter<\/p>\n<p class=\"_paragraph_o9xde_4 _paragraph_xtcu6_10 layout-component text-serif-m layout-normal text-serif-m layout-padded\">Produktene er solgt i dagligvarebutikker og p\u00e5 apotek i Norge. Tilbaketrekkingen gjelder enkelte partier av disse produktene:<\/p>\n<ul class=\"_list_o9xde_3 _list_xtcu6_9 _unordered_o9xde_106 layout-component text-serif-m layout-normal text-serif-m layout-padded\">\n<li class=\"_item_o9xde_30\">NAN PRO 1<\/li>\n<li class=\"_item_o9xde_30\">NAN SENCILAC<\/li>\n<li class=\"_item_o9xde_30\">NAN 1 RTD<\/li>\n<li class=\"_item_o9xde_30\">ALFAMINO<\/li>\n<li class=\"_item_o9xde_30\">ALFAMINO JUNIOR<\/li>\n<li class=\"_item_o9xde_30\">NAN Expertpro HA<\/li>\n<\/ul>\n<p class=\"_paragraph_o9xde_4 _paragraph_xtcu6_10 layout-component text-serif-m layout-normal text-serif-m layout-padded\"> \u2013 Forbrukere som har kj\u00f8pt noen av de ber\u00f8rte produktene bes om \u00e5 ikke konsumere dem, skriver <a href=\"https:\/\/mattilsynet.no\/tilbakekallinger\/morsmelkerstatning-og-produkter-for-spesielle-medisinske-formal-fra-nestle-trekkes-fra-markedet-etter-funn-av-toksin-i-en-oljeravare\" class=\"_link_o9xde_39\" rel=\"nofollow noopener\" target=\"_blank\">Mattilsynet<\/a>.<\/p>\n<p>Kan gi kvalme og oppkast <\/p>\n<p class=\"_paragraph_o9xde_4 _paragraph_xtcu6_10 layout-component text-serif-m layout-normal text-serif-m layout-padded\">Victoria Senkpiel fra Bekkestua i B\u00e6rum tenkte med en gang p\u00e5 mageproblemene til sin lille s\u00f8nn da hun s\u00e5 nyheten om tilbakekallingen, og m\u00e5tte sjekke batchnummeret p\u00e5 produktet. <\/p>\n<p><img alt=\"TILBAKEKALT: Dette er de aktuelle morsmelkerstatningene.   Foto: Mattilsynet \/ Nestl\u00e9 Norge\" class=\"_image_qp4xg_65 layout-component layout-normal\" data-fullscreen- data-track-element-type=\"Article image fullscreen\" data-track-name=\"ImageFullscreen\" decoding=\"async\" loading=\"lazy\" height=\"1350\" itemprop=\"image\"  src=\"https:\/\/www.europesays.com\/no\/wp-content\/uploads\/2026\/01\/5517641d-0a39-45ea-879c-d9ab61c75ab9.png\"  style=\"object-position:0% 0%\" width=\"1350\"\/>TILBAKEKALT: Dette er de aktuelle morsmelkerstatningene.   Foto: Mattilsynet \/ Nestl\u00e9 Norge<\/p>\n<p class=\"_paragraph_o9xde_4 _paragraph_xtcu6_10 layout-component text-serif-m layout-normal text-serif-m layout-padded\">To av boksene var kj\u00f8pt i Sverige der familien feiret jul, og viste seg \u00e5 v\u00e6re fra det ber\u00f8rte partiet. <\/p>\n<p class=\"_paragraph_o9xde_4 _paragraph_xtcu6_10 layout-component text-serif-m layout-normal text-serif-m layout-padded\">\u2013 S\u00e5 kom jeg p\u00e5 at f\u00f8r jul hadde han f\u00e5tt morsmelkerstatning som var kj\u00f8pt i Norge. Jeg m\u00e5tte ut i metallgjenvinningen for \u00e5 finne boksen, og den hadde ogs\u00e5 samme batchnummer som de tilbakekalte.<\/p>\n<p class=\"_paragraph_o9xde_4 _paragraph_xtcu6_10 layout-component text-serif-m layout-normal text-serif-m layout-padded\">\u00c5rsaken til tilbakekallingen er funn av toksinettoksinetEt toksin er et giftstoff som kan v\u00e6re skadelig for mennesker eller dyr, og som ofte produseres av mikroorganismer som bakterier eller sopp. Cereulide, produsert av bakterien Bacillus Cereus i en r\u00e5vare som inng\u00e5r i en oljemiks. Det er ingen akutt helsefare, <a href=\"https:\/\/mattilsynet.no\/\/tilbakekallinger\/morsmelkerstatning-og-produkter-for-spesielle-medisinske-formal-fra-nestle-trekkes-fra-markedet-etter-funn-av-toksin-i-en-oljeravare?utm_source=sdrn%3Avg%3Aarticle%3ABxRpye\" class=\"_link_o9xde_39\" rel=\"nofollow noopener\" target=\"_blank\">skriver Mattilsynet p\u00e5 sine sider.<\/a><\/p>\n<p class=\"_paragraph_o9xde_4 _paragraph_xtcu6_10 layout-component text-serif-m layout-normal text-serif-m layout-padded\"> Cereulid kan gi symptomer i form av kvalme og oppkast. Spedbarn antas \u00e5 v\u00e6re mer f\u00f8lsomme for cereulid enn andre befolkningsgrupper, opplyser Mattilsynet.<\/p>\n<p>Disse partiene tilbakekalles <\/p>\n<p class=\"_paragraph_o9xde_4 _paragraph_xtcu6_10 _paragraph_16v91_10 layout-component text-serif-m layout-normal text-sans-m layout-padded\"><strong class=\"_strong_o9xde_25\">NAN PRO 1<\/strong><\/p>\n<p class=\"_paragraph_o9xde_4 _paragraph_xtcu6_10 _paragraph_16v91_10 layout-component text-serif-m layout-normal text-sans-m layout-padded\">Pulver, 800 gram:<\/p>\n<ul class=\"_list_o9xde_3 _list_xtcu6_9 _list_16v91_9 _unordered_o9xde_106 layout-component text-serif-m layout-normal text-sans-m layout-padded\">\n<li class=\"_item_o9xde_30\">51530346AA, best f\u00f8r 06\/2027<\/li>\n<li class=\"_item_o9xde_30\">52600346AB, best f\u00f8r 09\/2027\u00a0<\/li>\n<li class=\"_item_o9xde_30\">52700346AC, best f\u00f8r 09\/2027\u00a0<\/li>\n<li class=\"_item_o9xde_30\">51250346AC, best f\u00f8r 05\/2027<\/li>\n<li class=\"_item_o9xde_30\">51180346AC, best f\u00f8r 04\/2027<\/li>\n<\/ul>\n<p class=\"_paragraph_o9xde_4 _paragraph_xtcu6_10 _paragraph_16v91_10 layout-component text-serif-m layout-normal text-sans-m layout-padded\"><strong class=\"_strong_o9xde_25\">NAN EXPERTPRO SENSILAC 1<\/strong><\/p>\n<p class=\"_paragraph_o9xde_4 _paragraph_xtcu6_10 _paragraph_16v91_10 layout-component text-serif-m layout-normal text-sans-m layout-padded\">Drikke, 200 ml:<\/p>\n<ul class=\"_list_o9xde_3 _list_xtcu6_9 _list_16v91_9 _unordered_o9xde_106 layout-component text-serif-m layout-normal text-sans-m layout-padded\">\n<li class=\"_item_o9xde_30\">53030295M, best f\u00f8r 10\/2026<\/li>\n<\/ul>\n<p class=\"_paragraph_o9xde_4 _paragraph_xtcu6_10 _paragraph_16v91_10 layout-component text-serif-m layout-normal text-sans-m layout-padded\">Pulver, 800 gram:<\/p>\n<ul class=\"_list_o9xde_3 _list_xtcu6_9 _list_16v91_9 _unordered_o9xde_106 layout-component text-serif-m layout-normal text-sans-m layout-padded\">\n<li class=\"_item_o9xde_30\">51320346AB, best f\u00f8r 05\/2027<\/li>\n<\/ul>\n<p class=\"_paragraph_o9xde_4 _paragraph_xtcu6_10 _paragraph_16v91_10 layout-component text-serif-m layout-normal text-sans-m layout-padded\"><strong class=\"_strong_o9xde_25\">NAN 1 RTD<\/strong><\/p>\n<p class=\"_paragraph_o9xde_4 _paragraph_xtcu6_10 _paragraph_16v91_10 layout-component text-serif-m layout-normal text-sans-m layout-padded\">Drikke, 500 ml<\/p>\n<ul class=\"_list_o9xde_3 _list_xtcu6_9 _list_16v91_9 _unordered_o9xde_106 layout-component text-serif-m layout-normal text-sans-m layout-padded\">\n<li class=\"_item_o9xde_30\">53220295E, best f\u00f8r 11\/2026<\/li>\n<\/ul>\n<p class=\"_paragraph_o9xde_4 _paragraph_xtcu6_10 _paragraph_16v91_10 layout-component text-serif-m layout-normal text-sans-m layout-padded\">Drikke, 200 ml:<\/p>\n<ul class=\"_list_o9xde_3 _list_xtcu6_9 _list_16v91_9 _unordered_o9xde_106 layout-component text-serif-m layout-normal text-sans-m layout-padded\">\n<li class=\"_item_o9xde_30\">52940295M, best f\u00f8r 10\/2026<\/li>\n<\/ul>\n<p class=\"_paragraph_o9xde_4 _paragraph_xtcu6_10 _paragraph_16v91_10 layout-component text-serif-m layout-normal text-sans-m layout-padded\">Drikke, 6 x 200 ml:<\/p>\n<ul class=\"_list_o9xde_3 _list_xtcu6_9 _list_16v91_9 _unordered_o9xde_106 layout-component text-serif-m layout-normal text-sans-m layout-padded\">\n<li class=\"_item_o9xde_30\">53010295M, best f\u00f8r 10\/2026<\/li>\n<\/ul>\n<p class=\"_paragraph_o9xde_4 _paragraph_xtcu6_10 _paragraph_16v91_10 layout-component text-serif-m layout-normal text-sans-m layout-padded\"><strong class=\"_strong_o9xde_25\">Alfamino<\/strong><\/p>\n<p class=\"_paragraph_o9xde_4 _paragraph_xtcu6_10 _paragraph_16v91_10 layout-component text-serif-m layout-normal text-sans-m layout-padded\">Pulver, 400 gram:<\/p>\n<ul class=\"_list_o9xde_3 _list_xtcu6_9 _list_16v91_9 _unordered_o9xde_106 layout-component text-serif-m layout-normal text-sans-m layout-padded\">\n<li class=\"_item_o9xde_30\">51670017Y1, best f\u00f8r 06\/2027<\/li>\n<li class=\"_item_o9xde_30\">51120017Y2, best f\u00f8r 04\/2027<\/li>\n<\/ul>\n<p class=\"_paragraph_o9xde_4 _paragraph_xtcu6_10 _paragraph_16v91_10 layout-component text-serif-m layout-normal text-sans-m layout-padded\"><strong class=\"_strong_o9xde_25\">Alfamino Junior<\/strong><\/p>\n<p class=\"_paragraph_o9xde_4 _paragraph_xtcu6_10 _paragraph_16v91_10 layout-component text-serif-m layout-normal text-sans-m layout-padded\">Pulver, 400 gram:<\/p>\n<ul class=\"_list_o9xde_3 _list_xtcu6_9 _list_16v91_9 _unordered_o9xde_106 layout-component text-serif-m layout-normal text-sans-m layout-padded\">\n<li class=\"_item_o9xde_30\">52750017Y3, best f\u00f8r 10\/2027<\/li>\n<li class=\"_item_o9xde_30\">51620017Y1, best f\u00f8r 06\/2027<\/li>\n<\/ul>\n<p class=\"_paragraph_o9xde_4 _paragraph_xtcu6_10 _paragraph_16v91_10 layout-component text-serif-m layout-normal text-sans-m layout-padded\"><strong class=\"_strong_o9xde_25\">NAN EXPERTPRO HA 1<\/strong><\/p>\n<p class=\"_paragraph_o9xde_4 _paragraph_xtcu6_10 _paragraph_16v91_10 layout-component text-serif-m layout-normal text-sans-m layout-padded\">Pulver, 800 gram:<\/p>\n<ul class=\"_list_o9xde_3 _list_xtcu6_9 _list_16v91_9 _unordered_o9xde_106 layout-component text-serif-m layout-normal text-sans-m layout-padded\">\n<li class=\"_item_o9xde_30\">52810742F1, best f\u00f8r 10\/2027<\/li>\n<li class=\"_item_o9xde_30\">51690742F4, best f\u00f8r 06\/2027<\/li>\n<\/ul>\n<p>Vis mer<\/p>\n<p class=\"_paragraph_o9xde_4 _paragraph_xtcu6_10 layout-component text-serif-m layout-normal text-serif-m layout-padded\">Om den aktuelle oljeingrediensen i morsmelkerstatningen skriver Nestl\u00e9 f\u00f8lgende:<\/p>\n<p class=\"_paragraph_o9xde_4 _paragraph_xtcu6_10 layout-component text-serif-m layout-normal text-serif-m layout-padded\">\u00abOlje fra Mortierella alpina er en kilde til den flerumettede fettsyren arakidonsyre (ARA) som er sv\u00e6rt viktig for babyens utvikling og derfor tilsettes det som ingrediens i produktene v\u00e5re.\u00bb<\/p>\n<p>Tar s\u00f8nnen med til helsesjekk<\/p>\n<p class=\"_paragraph_o9xde_4 _paragraph_xtcu6_10 layout-component text-serif-m layout-normal text-serif-m layout-padded\">N\u00e5 skal sm\u00e5barnsmoren fra Bekkestua ta med seg s\u00f8nnen b\u00e5de til lege og helsestasjon. Hun understreker at hun ikke vet om det er morsmelkerstatningen som har gitt s\u00f8nnen l\u00f8s mage, men mener det ikke er unaturlig \u00e5 mistenke det. <\/p>\n<p class=\"_paragraph_o9xde_4 _paragraph_xtcu6_10 layout-component text-serif-m layout-normal text-serif-m layout-padded\">\u2013 Jeg \u00f8nsker ikke \u00e5 krisemaksimere, og jeg ser at Mattilsynet sier at det ikke er noen akutt helsefare, men jeg blir jo bekymret fordi han er s\u00e5 liten. Jeg tenker s\u00e6rlig p\u00e5 om det kan v\u00e6re noen langtidsvirkninger. I forhold til at han bare er ni uker, s\u00e5 har han f\u00e5tt dette produktet lenge, sier moren. <\/p>\n<p><img alt=\"FORURENSET: Victoria Senkpiel fikk morsmelkerstatning fra disse tre boksene.   Foto: Privat\" class=\"_image_qp4xg_65 layout-component layout-normal\" data-fullscreen- data-track-element-type=\"Article image fullscreen\" data-track-name=\"ImageFullscreen\" decoding=\"async\" loading=\"lazy\" height=\"580\" itemprop=\"image\"  src=\"https:\/\/www.europesays.com\/no\/wp-content\/uploads\/2026\/01\/7d2e3a40-4e13-4d21-9eb8-b5b4f6f20804.png\"  style=\"object-position:0% 0%\" width=\"1024\"\/>FORURENSET: Victoria Senkpiel fikk morsmelkerstatning fra disse tre boksene.   Foto: Privat<\/p>\n<p class=\"_paragraph_o9xde_4 _paragraph_xtcu6_10 layout-component text-serif-m layout-normal text-serif-m layout-padded\">Victoria Senkpiel jobber selv med markedsf\u00f8ring, og etterlyser mer informasjon fra produsenten. <\/p>\n<p class=\"_paragraph_o9xde_4 _paragraph_xtcu6_10 layout-component text-serif-m layout-normal text-serif-m layout-padded\">\u2013 Jeg synes de kunne informert bedre om virkningene av dette. Det er sikkert mange som blir bekymret, sier Senkpiel. <\/p>\n<p class=\"_paragraph_o9xde_4 _paragraph_xtcu6_10 layout-component text-serif-m layout-normal text-serif-m layout-padded\">Nestl\u00e9 <a href=\"https:\/\/www.nestle.no\/media\/pressreleases\/allpressreleases\/nestl%C3%A9-tilbakekaller-frivillig-produkter-kvalitetsavvik\" class=\"_link_o9xde_39\" rel=\"nofollow noopener\" target=\"_blank\">skriver p\u00e5 sine sider<\/a> at \u00abNAN 2 er ikke ber\u00f8rt av tilbakekallingen, heller ingen andre Nestl\u00e9-produkter ber\u00f8res av denne tilbakekallingen. Dette er et frivillig tiltak som gjennomf\u00f8res i samsvar med v\u00e5re strenge kvalitets- og sikkerhetsprotokoller. Vi forventer \u00e5 ha erstatningsprodukter klare til levering ila uken. Dersom du har barn eldre enn 6 m\u00e5neder anbefaler vi NAN 2.\u00bb<\/p>\n","protected":false},"excerpt":{"rendered":"Seks typer morsmelkerstatning er tilbakekalt etter funn av giftstoff. Nybakt mor Victoria Senkpiel fra B\u00e6rum er bekymret for&hellip;\n","protected":false},"author":2,"featured_media":130507,"comment_status":"","ping_status":"","sticky":false,"template":"","format":"standard","meta":{"footnotes":""},"categories":[10],"tags":[1884,20,21,24,25,15,22,23,1668,13071,13,30,28,29,14,16,26,27,1995],"class_list":{"0":"post-130506","1":"post","2":"type-post","3":"status-publish","4":"format-standard","5":"has-post-thumbnail","7":"category-norge","8":"tag-bakterier","9":"tag-breaking-news","10":"tag-breakingnews","11":"tag-featured-news","12":"tag-featurednews","13":"tag-headlines","14":"tag-latest-news","15":"tag-latestnews","16":"tag-mattilsynet","17":"tag-nestle","18":"tag-news","19":"tag-no","20":"tag-norge","21":"tag-norway","22":"tag-nyheter","23":"tag-overskrifter","24":"tag-top-stories","25":"tag-topstories","26":"tag-vghelseoglivet"},"share_on_mastodon":{"url":"https:\/\/pubeurope.com\/@no\/115849644337235278","error":""},"_links":{"self":[{"href":"https:\/\/www.europesays.com\/no\/wp-json\/wp\/v2\/posts\/130506","targetHints":{"allow":["GET"]}}],"collection":[{"href":"https:\/\/www.europesays.com\/no\/wp-json\/wp\/v2\/posts"}],"about":[{"href":"https:\/\/www.europesays.com\/no\/wp-json\/wp\/v2\/types\/post"}],"author":[{"embeddable":true,"href":"https:\/\/www.europesays.com\/no\/wp-json\/wp\/v2\/users\/2"}],"replies":[{"embeddable":true,"href":"https:\/\/www.europesays.com\/no\/wp-json\/wp\/v2\/comments?post=130506"}],"version-history":[{"count":0,"href":"https:\/\/www.europesays.com\/no\/wp-json\/wp\/v2\/posts\/130506\/revisions"}],"wp:featuredmedia":[{"embeddable":true,"href":"https:\/\/www.europesays.com\/no\/wp-json\/wp\/v2\/media\/130507"}],"wp:attachment":[{"href":"https:\/\/www.europesays.com\/no\/wp-json\/wp\/v2\/media?parent=130506"}],"wp:term":[{"taxonomy":"category","embeddable":true,"href":"https:\/\/www.europesays.com\/no\/wp-json\/wp\/v2\/categories?post=130506"},{"taxonomy":"post_tag","embeddable":true,"href":"https:\/\/www.europesays.com\/no\/wp-json\/wp\/v2\/tags?post=130506"}],"curies":[{"name":"wp","href":"https:\/\/api.w.org\/{rel}","templated":true}]}}