{"id":130512,"date":"2026-01-06T18:49:09","date_gmt":"2026-01-06T18:49:09","guid":{"rendered":"https:\/\/www.europesays.com\/no\/130512\/"},"modified":"2026-01-06T18:49:09","modified_gmt":"2026-01-06T18:49:09","slug":"legg-bak-seg-eit-godt-ar-dobla-publikum-per-visning-nyss-no","status":"publish","type":"post","link":"https:\/\/www.europesays.com\/no\/130512\/","title":{"rendered":"Legg bak seg eit godt \u00e5r \u2013 dobla publikum per visning &#8211; nyss.no"},"content":{"rendered":"<ol>\n<li><a href=\"https:\/\/news.google.com\/rss\/articles\/CBMibkFVX3lxTE5ZN3ZHVGZoVWZyNmhGZFFjOVdnS3Y2YjktQ1gwd3R4RkhubFZDSU9sM1hNQ1BvY3RZN1dRR3F1SXlOTTJia1NUeFhxREUwNHpWX0F0Q3pjbXVLZVFFT1RneUF4REJJdnI5T01mYVZn?oc=5\" target=\"_blank\" rel=\"nofollow noopener\">Legg bak seg eit godt \u00e5r \u2013 dobla publikum per visning<\/a>&nbsp;&nbsp;nyss.no<\/li>\n<li><a href=\"https:\/\/news.google.com\/rss\/articles\/CBMipwFBVV95cUxNRkpqZThLQ0FzdU5WMTRuOW9zb3oxQU5TakFjS3N3ZnAtZi1xVFJab2ltWUFEMlNuV2JqYzN4ZTA0Q3FyU2FYemlfdkVndHo0XzdqOVQwcXQ0VU54bWZBX0RRSkthUXEtcndRX0pwRXZNVVBydlQ1TF9xMTB3XzFnREI5UWpfdXVUT01Jb3VFbGtwY25VS1lfYWdlbFI4VEEwdi1iSDlNSQ?oc=5\" target=\"_blank\" rel=\"nofollow noopener\">\u00c9n film p\u00e5 Melhus kino fikk null bes\u00f8kende: \u2013 Usikker p\u00e5 hvorfor den ikke slo til<\/a>&nbsp;&nbsp;tronderbladet.no<\/li>\n<li><a href=\"https:\/\/news.google.com\/rss\/articles\/CBMijgFBVV95cUxNRkREaXRFT3d3TWQ2TndHVDBoY19Caks2QU5yai1SQk44dG5QWVVoOFp5LV93TnB1T0NHaENPN2N0c200RWZUeTVRTkRaNHZFVFZnNjNGU21pbEhDT3lPY25WZFAtOE5qSzctTjR3VFo1RFdHR3czZmxWTTE4cFVhRDRyWGZ3bTloR0M5d2d3?oc=5\" target=\"_blank\" rel=\"nofollow noopener\">Nyhende, Kultur | Kinosjef med gode tal: \u2013 I \u00e5r er m\u00e5let 10.000<\/a>&nbsp;&nbsp;Kvinnheringen<\/li>\n<li><a href=\"https:\/\/news.google.com\/rss\/articles\/CBMifEFVX3lxTE5FQTdwNHlpb01QLVRkZi1EYXp6d1VvTzZrUWlFSnYzZXRDanJyVGJsMmNFZ0FiMWJoVVpWNDVJcVpMTGY1TlZGNnpDbFNVemdGbDV4emNmSmJBM3ZmLWZiZXY1WUZHX1B4MzdtOE9UMTdqazdMS1laRGNNdHc?oc=5\" target=\"_blank\" rel=\"nofollow noopener\">Slik gjekk det med kinoen<\/a>&nbsp;&nbsp;vikebladet.no<\/li>\n<li><a href=\"https:\/\/news.google.com\/rss\/articles\/CBMiqgFBVV95cUxOQ1VQU3hBMGtDWTk1bS1JQjNWcTZHVktMOURLa29JQkc5TG10Um84S29iaVNxYUM1LU9ySXYzSTNVWEQxV2V3SjFhV0t0czI0Zm1Ia3M4djNSaWdfblVuLUxMTkNiUEZ1NnZpYWFmaWVONFNyYllKZHdsSENxVWRGV2g5RnI3NkkwejlEb2RuVk9FQ0VmakNTZ1FjODBRc20wSnEwYUxYRFdZZw?oc=5\" target=\"_blank\" rel=\"nofollow noopener\">Kino, Kvinesdal | Kino-opptur i distriktet: \u2013 Ekstra gledelig at norske filmer topper<\/a>&nbsp;&nbsp;Avisen Agder<\/li>\n<\/ol>\n","protected":false},"excerpt":{"rendered":"Legg bak seg eit godt \u00e5r \u2013 dobla publikum per visning&nbsp;&nbsp;nyss.no \u00c9n film p\u00e5 Melhus kino fikk null&hellip;\n","protected":false},"author":2,"featured_media":130513,"comment_status":"","ping_status":"","sticky":false,"template":"","format":"standard","meta":{"footnotes":""},"categories":[58],"tags":[71,30,28,29,72],"class_list":{"0":"post-130512","1":"post","2":"type-post","3":"status-publish","4":"format-standard","5":"has-post-thumbnail","7":"category-underholdning","8":"tag-entertainment","9":"tag-no","10":"tag-norge","11":"tag-norway","12":"tag-underholdning"},"share_on_mastodon":{"url":"https:\/\/pubeurope.com\/@no\/115849655933845103","error":""},"_links":{"self":[{"href":"https:\/\/www.europesays.com\/no\/wp-json\/wp\/v2\/posts\/130512","targetHints":{"allow":["GET"]}}],"collection":[{"href":"https:\/\/www.europesays.com\/no\/wp-json\/wp\/v2\/posts"}],"about":[{"href":"https:\/\/www.europesays.com\/no\/wp-json\/wp\/v2\/types\/post"}],"author":[{"embeddable":true,"href":"https:\/\/www.europesays.com\/no\/wp-json\/wp\/v2\/users\/2"}],"replies":[{"embeddable":true,"href":"https:\/\/www.europesays.com\/no\/wp-json\/wp\/v2\/comments?post=130512"}],"version-history":[{"count":0,"href":"https:\/\/www.europesays.com\/no\/wp-json\/wp\/v2\/posts\/130512\/revisions"}],"wp:featuredmedia":[{"embeddable":true,"href":"https:\/\/www.europesays.com\/no\/wp-json\/wp\/v2\/media\/130513"}],"wp:attachment":[{"href":"https:\/\/www.europesays.com\/no\/wp-json\/wp\/v2\/media?parent=130512"}],"wp:term":[{"taxonomy":"category","embeddable":true,"href":"https:\/\/www.europesays.com\/no\/wp-json\/wp\/v2\/categories?post=130512"},{"taxonomy":"post_tag","embeddable":true,"href":"https:\/\/www.europesays.com\/no\/wp-json\/wp\/v2\/tags?post=130512"}],"curies":[{"name":"wp","href":"https:\/\/api.w.org\/{rel}","templated":true}]}}