{"id":130524,"date":"2026-01-06T19:01:24","date_gmt":"2026-01-06T19:01:24","guid":{"rendered":"https:\/\/www.europesays.com\/no\/130524\/"},"modified":"2026-01-06T19:01:24","modified_gmt":"2026-01-06T19:01:24","slug":"color-lines-kiel-ferger-i-gang-igjen-etter-nettverksfeil-2","status":"publish","type":"post","link":"https:\/\/www.europesays.com\/no\/130524\/","title":{"rendered":"Color Lines Kiel-ferger i gang igjen etter nettverksfeil"},"content":{"rendered":"<p class=\"txt-ind\">\u2013 P\u00e5 grunn av nettverksproblemer f\u00e5r vi ikke kj\u00f8rt en rekke automatiserte prosesser som for eksempel innsjekk av passasjerer, opplyser Brynhildsbakken til NTB.<\/p>\n<p class=\"txt-ind\">Det var <a href=\"https:\/\/www.nrk.no\/nyheter\/1.17714747\" target=\"_blank\" rel=\"noopener nofollow\">NRK<\/a> som meldte om nettverksfeilen f\u00f8rst.<\/p>\n<p class=\"txt-ind\">Rundt klokken 17.30 mandag gikk b\u00e5de Color Magic og Color Fantasy fra kai, tre og en halv time forsinket. Begge fergene har f\u00e5tt sjekket inn passasjerene via manuelle prosedyrer.<\/p>\n<p class=\"txt-ind\">\u2013 Vi beklager overfor v\u00e5re passasjerer de forsinkelsene som har oppst\u00e5tt, sier Brynhildsbakken til NTB klokken 17.40.<\/p>\n<p class=\"txt-ind\">Ogs\u00e5 de to Superspeed-fergene fra Larvik og Kristiansand m\u00e5 g\u00e5 gjennom manuelle prosedyrer for \u00e5 f\u00e5 lagt fra kai.<\/p>\n<p class=\"txt-ind\">\u2013 Det jobbes tilsvarende med disse to, men siden det er mye godstransport p\u00e5 disse, tar de manuelle prosedyrene lengre tid. Disse avgangene vil dermed ogs\u00e5 bli noe forsinket, sier han.<\/p>\n<p class=\"txt-ind\">Noe n\u00e6rmere l\u00f8sning p\u00e5 hvorfor nettverksfeilene oppsto har Color Line forel\u00f8pig ikke kommet.<\/p>\n<p class=\"txt-ind\">\u2013 Vi har hatt fokus p\u00e5 \u00e5 f\u00e5 av g\u00e5rde fergene i f\u00f8rste omgang, s\u00e5 f\u00e5r vi finne ut \u00e5rsaken til problemene i neste omgang, avslutter Brynhildsbakken.<\/p>\n<p class=\"txt-ind\">Digi har spurt selskapet om de kan si mer om hva som var \u00e5rsaken til feilen, og hva de gj\u00f8r for \u00e5 hindre at det skjer igjen.<\/p>\n<p>\u2212 Vi har ingen kommentar til det p\u00e5 n\u00e5v\u00e6rende tidspunkt, utover at vi arbeider for \u00e5 avklare bakenforliggende \u00e5rsaker, skriver konserndirekt\u00f8r for kommunikasjon og samfunnskontakt i Color Line i en SMS til Digi tirsdag morgen.<\/p>\n<p><a class=\"group clear-both w-full !no-underline my-8 sm:my-12 bg-stone-50 dark:bg-brandStone-700 dark:text-brandNeutral-100 flex items-stretch flex-nowrap\" href=\"https:\/\/www.digi.no\/artikler\/vg-journalsystem-nede-ved-flere-sykehus\/563021\" rel=\"nofollow noopener\" target=\"_blank\"><img decoding=\"async\" class=\" object-cover h-full w-full transition-transform duration-700 ease-in-out group-hover:scale-[1.05] will-change-transform\" src=\"https:\/\/www.europesays.com\/no\/wp-content\/uploads\/2026\/01\/NTB_6MQA0RTErg4.jpg\"  alt=\"Oslo universitetssykehus var blant sykehusene som ble rammet.\" loading=\"lazy\"\/><\/p>\n<p>Les ogs\u00e5:<\/p>\n<p class=\"group-hover:underline text-brandNeutral-900 dark:text-brandNeutral-100 mt-2 text-base sm:text-xl leading-5 sm:leading-6 font-bold\">Journalsystem var nede ved flere sykehus<\/p>\n<p><\/a><\/p>\n","protected":false},"excerpt":{"rendered":"\u2013 P\u00e5 grunn av nettverksproblemer f\u00e5r vi ikke kj\u00f8rt en rekke automatiserte prosesser som for eksempel innsjekk av&hellip;\n","protected":false},"author":2,"featured_media":130525,"comment_status":"","ping_status":"","sticky":false,"template":"","format":"standard","meta":{"footnotes":""},"categories":[5],"tags":[20,21,3164,24,25,15,19,22,23,17,18,15162,13,30,28,29,14,16,26,27],"class_list":{"0":"post-130524","1":"post","2":"type-post","3":"status-publish","4":"format-standard","5":"has-post-thumbnail","7":"category-overskrifter","8":"tag-breaking-news","9":"tag-breakingnews","10":"tag-color-line","11":"tag-featured-news","12":"tag-featurednews","13":"tag-headlines","14":"tag-hovedoppslag","15":"tag-latest-news","16":"tag-latestnews","17":"tag-main-news","18":"tag-mainnews","19":"tag-nettverksproblemer","20":"tag-news","21":"tag-no","22":"tag-norge","23":"tag-norway","24":"tag-nyheter","25":"tag-overskrifter","26":"tag-top-stories","27":"tag-topstories"},"share_on_mastodon":{"url":"https:\/\/pubeurope.com\/@no\/115849703205480481","error":""},"_links":{"self":[{"href":"https:\/\/www.europesays.com\/no\/wp-json\/wp\/v2\/posts\/130524","targetHints":{"allow":["GET"]}}],"collection":[{"href":"https:\/\/www.europesays.com\/no\/wp-json\/wp\/v2\/posts"}],"about":[{"href":"https:\/\/www.europesays.com\/no\/wp-json\/wp\/v2\/types\/post"}],"author":[{"embeddable":true,"href":"https:\/\/www.europesays.com\/no\/wp-json\/wp\/v2\/users\/2"}],"replies":[{"embeddable":true,"href":"https:\/\/www.europesays.com\/no\/wp-json\/wp\/v2\/comments?post=130524"}],"version-history":[{"count":0,"href":"https:\/\/www.europesays.com\/no\/wp-json\/wp\/v2\/posts\/130524\/revisions"}],"wp:featuredmedia":[{"embeddable":true,"href":"https:\/\/www.europesays.com\/no\/wp-json\/wp\/v2\/media\/130525"}],"wp:attachment":[{"href":"https:\/\/www.europesays.com\/no\/wp-json\/wp\/v2\/media?parent=130524"}],"wp:term":[{"taxonomy":"category","embeddable":true,"href":"https:\/\/www.europesays.com\/no\/wp-json\/wp\/v2\/categories?post=130524"},{"taxonomy":"post_tag","embeddable":true,"href":"https:\/\/www.europesays.com\/no\/wp-json\/wp\/v2\/tags?post=130524"}],"curies":[{"name":"wp","href":"https:\/\/api.w.org\/{rel}","templated":true}]}}