{"id":130528,"date":"2026-01-06T19:07:07","date_gmt":"2026-01-06T19:07:07","guid":{"rendered":"https:\/\/www.europesays.com\/no\/130528\/"},"modified":"2026-01-06T19:07:07","modified_gmt":"2026-01-06T19:07:07","slug":"nyheter-fana-flere-kvinner-skal-ha-blitt-angrepet-av-mann-i-fana","status":"publish","type":"post","link":"https:\/\/www.europesays.com\/no\/130528\/","title":{"rendered":"Nyheter, Fana | Flere kvinner skal ha blitt angrepet av mann i Fana"},"content":{"rendered":"\n<p>Tirsdag ettermiddag ble politiet varslet om en voldshendelse i \u00d8vsttunvegen i Fana.<\/p>\n<p>Rundt klokken 1600 skal en mann ha g\u00e5tt til angrep p\u00e5 fire tilfeldige kvinner i omr\u00e5det.<\/p>\n<p><b>\u2013 Mannen skal ha sparket, sl\u00e5tt og tatt kvelertak p\u00e5 dem, samt fors\u00f8kt \u00e5 dra en av kvinnene ut av en bil, opplyser operasjonsleder Morten Rebnord i Vest politidistrikt.<\/b><\/p>\n<p>Rebnord sier til BA at det hele skjedde i l\u00f8pet av noen minutter.<\/p>\n<p>\u2013 Vi fikk mange telefoner fra omr\u00e5det, fra b\u00e5de vitner og forn\u00e6rmede.<\/p>\n<p>Kvinne fraktet til sykehuset<\/p>\n<p>De forn\u00e6rmede kvinnene er i 30-, 40- og 60-\u00e5rene.<\/p>\n<p>Tre av dem ble sjekket av ambulanse p\u00e5 stedet, f\u00f8r de fikk g\u00e5. Kvinnen i 60-\u00e5rene ble fraktet til Haukeland sykehus.<\/p>\n<p>\u2013 Hun skal ikke v\u00e6re alvorlig skadet, informerer Rebnord.<\/p>\n<p><b>Kvinnen som skal ha blitt fors\u00f8kt dratt ut av bilen sin, skal ha kommet kj\u00f8rende da mannen gikk til angrep.<\/b><\/p>\n<p>De forn\u00e6rmede kvinnene avh\u00f8res av politiet tirsdag kveld.<\/p>\n<p>Siktede enn\u00e5 ikke avh\u00f8rt<\/p>\n<p>Politiet rykket ut til stedet, og p\u00e5grep en mann i 40-\u00e5rene. Han er n\u00e5 siktet for kroppsskade, kroppskrenkelser og trusler.<\/p>\n<p>Mannen ble overlatt til helsevesenet. Han er kjent for politiet fra tidligere, opplyser Rebnord.<\/p>\n<p>Siktede har forel\u00f8pig ikke blitt avh\u00f8rt.<\/p>\n<p>BA oppdaterer saken.<\/p>\n","protected":false},"excerpt":{"rendered":"Tirsdag ettermiddag ble politiet varslet om en voldshendelse i \u00d8vsttunvegen i Fana. Rundt klokken 1600 skal en mann&hellip;\n","protected":false},"author":2,"featured_media":1615,"comment_status":"","ping_status":"","sticky":false,"template":"","format":"standard","meta":{"footnotes":""},"categories":[10],"tags":[36,20,21,5702,24,25,15,22,23,13,30,28,29,14,16,468,1510,26,27],"class_list":{"0":"post-130528","1":"post","2":"type-post","3":"status-publish","4":"format-standard","5":"has-post-thumbnail","7":"category-norge","8":"tag-art","9":"tag-breaking-news","10":"tag-breakingnews","11":"tag-fana","12":"tag-featured-news","13":"tag-featurednews","14":"tag-headlines","15":"tag-latest-news","16":"tag-latestnews","17":"tag-news","18":"tag-no","19":"tag-norge","20":"tag-norway","21":"tag-nyheter","22":"tag-overskrifter","23":"tag-politiet","24":"tag-story","25":"tag-top-stories","26":"tag-topstories"},"share_on_mastodon":{"url":"https:\/\/pubeurope.com\/@no\/115849726960591533","error":""},"_links":{"self":[{"href":"https:\/\/www.europesays.com\/no\/wp-json\/wp\/v2\/posts\/130528","targetHints":{"allow":["GET"]}}],"collection":[{"href":"https:\/\/www.europesays.com\/no\/wp-json\/wp\/v2\/posts"}],"about":[{"href":"https:\/\/www.europesays.com\/no\/wp-json\/wp\/v2\/types\/post"}],"author":[{"embeddable":true,"href":"https:\/\/www.europesays.com\/no\/wp-json\/wp\/v2\/users\/2"}],"replies":[{"embeddable":true,"href":"https:\/\/www.europesays.com\/no\/wp-json\/wp\/v2\/comments?post=130528"}],"version-history":[{"count":0,"href":"https:\/\/www.europesays.com\/no\/wp-json\/wp\/v2\/posts\/130528\/revisions"}],"wp:featuredmedia":[{"embeddable":true,"href":"https:\/\/www.europesays.com\/no\/wp-json\/wp\/v2\/media\/1615"}],"wp:attachment":[{"href":"https:\/\/www.europesays.com\/no\/wp-json\/wp\/v2\/media?parent=130528"}],"wp:term":[{"taxonomy":"category","embeddable":true,"href":"https:\/\/www.europesays.com\/no\/wp-json\/wp\/v2\/categories?post=130528"},{"taxonomy":"post_tag","embeddable":true,"href":"https:\/\/www.europesays.com\/no\/wp-json\/wp\/v2\/tags?post=130528"}],"curies":[{"name":"wp","href":"https:\/\/api.w.org\/{rel}","templated":true}]}}