{"id":130531,"date":"2026-01-06T19:09:10","date_gmt":"2026-01-06T19:09:10","guid":{"rendered":"https:\/\/www.europesays.com\/no\/130531\/"},"modified":"2026-01-06T19:09:10","modified_gmt":"2026-01-06T19:09:10","slug":"sport-ski-lat-som-om-du-er-tatt-ut-emil","status":"publish","type":"post","link":"https:\/\/www.europesays.com\/no\/130531\/","title":{"rendered":"Sport, Ski | Lat som om du er tatt ut, Emil!"},"content":{"rendered":"\n<p>Det er faktisk mulig \u00e5 argumentere for hvorfor OL-uttaket s\u00e5 langt er blitt som det er blitt, men det er helt ubegripelig at langrennsledelsen ikke gj\u00f8r det. De som s\u00e5 langt er tatt ut for \u00e5 g\u00e5 distanserennene, har alle sammen dokumentert at de kan vinne gull. Fordi de allerede har vunnet. I denne sesongen. Det har faktisk ikke Emil gjort \u2013 enn\u00e5. S\u00e5 enkelt kan det sies. Men langrennstrenerne bruker av en eller annen ubegripelig grunn ikke det argumentet.<\/p>\n<p>S\u00e5 er det naturligvis heller ingen tvil om at ogs\u00e5 Emil er overkvalifisert for troppen, og definitivt den av de som fortsatt st\u00e5r p\u00e5 venteliste som er n\u00e6rmest. Om de hadde tatt ham ut n\u00e5, kunne han f\u00e5tt ro til \u00e5 bygge opp en ny formtopp til OL. Jeg anbefaler ham \u00e5 gj\u00f8re det, for som han selv sa: \u00abBlir jeg ikke tatt ut n\u00e5, kan de legge ned hele greia\u00bb.<\/p>\n<p>Derfor b\u00f8r han faktisk se bort fra NM, om det aldri s\u00e5 mye er lansert som det siste kvalifiseringsrennet, og gj\u00f8re som det n\u00e5 er blitt fritt fram for: Kj\u00f8re sitt eget l\u00f8p fram mot lekene. Han b\u00f8r late som om han har f\u00e5tt klarsignal. Det betyr for hans vedkommende nytt h\u00f8ydeopphold og mye mengdetrening. Skiforbundet har uansett gitt opp ambisjonen om \u00e5 beholde NM som den anledningen der alle, de beste, nest beste og massene skal m\u00f8tes i edel kappestrid. Det har ikke lenger noen myndighet til det ettersom s\u00e5 mange av de beste l\u00f8perne st\u00e5r utenfor landslag. Det er en annen sk\u00e5l. Det er p\u00e5 mange m\u00e5ter en trist historie, men s\u00e5nn er det blitt.<\/p>\n<p>S\u00e5 st\u00e5r det enhver fritt fram \u00e5 spekulere i hvordan dette hadde sett ut om Emil hadde v\u00e6rt p\u00e5 landslaget. Vi kan velge \u00e5 ta landslagstrenerne i beste mening, og tenke at det faktisk ikke er s\u00e5 urimelig at de s\u00e5 langt har tatt med de som beviselig kan vinne gull. Norsk herrelangrenn er der n\u00e5 at ikke engang det n\u00f8dvendigvis er nok til \u00e5 komme til start i OL. Da er det heller ikke s\u00e5 lett \u00e5 ta ut feil lag. Vi burde kanskje vurdere \u00e5 stille med bare tre ut\u00f8vere p\u00e5 hver distanse, for \u00e5 unng\u00e5 at en nordmann havner utenfor pallen?<\/p>\n<p>Den store utfordringa er derfor \u00e5 unng\u00e5 at l\u00f8perne sliter seg ut i kampen for OL-tilv\u00e6relsen, slik vi allerede har sett tendenser til. Hvis Emil skal unng\u00e5 det, m\u00e5 han trene godt fremover, uten \u00e5 m\u00e5tte g\u00e5 flere kvalifiseringsl\u00f8p. Siden vi er i godlune, og har den dagen da vi tolker alt i beste mening (som vil si til Emils fordel) g\u00e5r vi ut fra at han har f\u00e5tt beskjed om at han er klar, og kan reise til h\u00f8yden.<\/p>\n<p>Hvis har derimot stiller p\u00e5 Steinkjer, for \u00e5 kvalifisere seg enda en gang, er det sannsynlig at ledelsen har \u00f8delagt medaljemulighetene i OL.<\/p>\n<p>Det kan i s\u00e5 fall oppleves \u00e5 v\u00e6re straffen for ikke \u00e5 v\u00e6re p\u00e5 landslag.<\/p>\n<p>   <img decoding=\"async\" width=\"1200\" height=\"799\" fetchpriority=\"low\"  loading=\"lazy\"  src=\"https:\/\/www.europesays.com\/no\/wp-content\/uploads\/2026\/01\/JAulseth001%2B29.jpg\" alt=\"\" class=\"brick-c-cFOWSL\" style=\"--brick-image-ratio: 1200 \/ 799;\"\/><\/p>\n<p>      Sportskommentator i Tr\u00f8nder-Avisa, Otto Ulseth, mener Emil Iversen fortjener en OL-billett.<br \/>\n      Foto: Johan Arnt Nesg\u00e5rd\n    <\/p>\n","protected":false},"excerpt":{"rendered":"Det er faktisk mulig \u00e5 argumentere for hvorfor OL-uttaket s\u00e5 langt er blitt som det er blitt, men&hellip;\n","protected":false},"author":2,"featured_media":130532,"comment_status":"","ping_status":"","sticky":false,"template":"","format":"standard","meta":{"footnotes":""},"categories":[59],"tags":[36,398,30,28,29,1533,3650,83,82],"class_list":{"0":"post-130531","1":"post","2":"type-post","3":"status-publish","4":"format-standard","5":"has-post-thumbnail","7":"category-sport","8":"tag-art","9":"tag-langrenn","10":"tag-no","11":"tag-norge","12":"tag-norway","13":"tag-opinion","14":"tag-ski","15":"tag-sport","16":"tag-sports"},"share_on_mastodon":{"url":"https:\/\/pubeurope.com\/@no\/115849734553599729","error":""},"_links":{"self":[{"href":"https:\/\/www.europesays.com\/no\/wp-json\/wp\/v2\/posts\/130531","targetHints":{"allow":["GET"]}}],"collection":[{"href":"https:\/\/www.europesays.com\/no\/wp-json\/wp\/v2\/posts"}],"about":[{"href":"https:\/\/www.europesays.com\/no\/wp-json\/wp\/v2\/types\/post"}],"author":[{"embeddable":true,"href":"https:\/\/www.europesays.com\/no\/wp-json\/wp\/v2\/users\/2"}],"replies":[{"embeddable":true,"href":"https:\/\/www.europesays.com\/no\/wp-json\/wp\/v2\/comments?post=130531"}],"version-history":[{"count":0,"href":"https:\/\/www.europesays.com\/no\/wp-json\/wp\/v2\/posts\/130531\/revisions"}],"wp:featuredmedia":[{"embeddable":true,"href":"https:\/\/www.europesays.com\/no\/wp-json\/wp\/v2\/media\/130532"}],"wp:attachment":[{"href":"https:\/\/www.europesays.com\/no\/wp-json\/wp\/v2\/media?parent=130531"}],"wp:term":[{"taxonomy":"category","embeddable":true,"href":"https:\/\/www.europesays.com\/no\/wp-json\/wp\/v2\/categories?post=130531"},{"taxonomy":"post_tag","embeddable":true,"href":"https:\/\/www.europesays.com\/no\/wp-json\/wp\/v2\/tags?post=130531"}],"curies":[{"name":"wp","href":"https:\/\/api.w.org\/{rel}","templated":true}]}}