{"id":130533,"date":"2026-01-06T19:14:08","date_gmt":"2026-01-06T19:14:08","guid":{"rendered":"https:\/\/www.europesays.com\/no\/130533\/"},"modified":"2026-01-06T19:14:08","modified_gmt":"2026-01-06T19:14:08","slug":"vi-ma-vite-hvor-mye-de-er-pa-skolen-adressa-no","status":"publish","type":"post","link":"https:\/\/www.europesays.com\/no\/130533\/","title":{"rendered":"Vi m\u00e5 vite hvor mye de er p\u00e5 skolen &#8211; adressa.no"},"content":{"rendered":"<ol>\n<li><a href=\"https:\/\/news.google.com\/rss\/articles\/CBMijwFBVV95cUxPWlFkZzhBOUFrM3RacUdQYnJUcUtzY19heFU0T3lOYzV6LWtXUEQzSF8yR0FMLW42RTJzTnBEZE1xR3lFekd3aG9aWnVXTHFUSVhVRm1ENGJ1ZDUwNERuNGtyejVhVWNzdTNKdnVIUVRoTkRieV84VVB1bl9OTkVjTzhuMXFQZEV3YlRIako5Yw?oc=5\" target=\"_blank\" rel=\"nofollow noopener\">Vi m\u00e5 vite hvor mye de er p\u00e5 skolen<\/a>&nbsp;&nbsp;adressa.no<\/li>\n<li><a href=\"https:\/\/news.google.com\/rss\/articles\/CBMiugFBVV95cUxPdE9SNDBTNjNsRFk5RzI3d1I0dk55dVJrNWVlTFhLM1hFTWVKUWhqS3lVNVV1bnVPdC0zVDVoNzQ5amRpRFpsMzlqSVQ5eFVhMUtZVHhJTGF0eVhOSlhLSEpZWEFMaXNYdENVMThyZmVNTG5KTnpla2tqQkk1WnpuWGtPNUU0cEwzZDhOREl1VUFyMThXcjZKNS01TWxibDQ5SF9xS0xjdE5Scy11RWZNVXRveHVrb1RoZXc?oc=5\" target=\"_blank\" rel=\"nofollow noopener\">Sunniva Holm\u00e5s Eidsvoll (SV) om frav\u00e6rsstatistikk: \u2013 Vil stemple enkeltelever \u2013 Stor-Oslo<\/a>&nbsp;&nbsp;NRK<\/li>\n<li><a href=\"https:\/\/news.google.com\/rss\/articles\/CBMivAFBVV95cUxNeTJabFRPRENWZEVRc3BUTVk4ZXEzUl9qOGctYmJZeXMzSE9PMWtlemtFWHdMSmdhVjFTcjVxZHpsOEExUjkyMU1Jek54X1dYTTVnaHVkNmRGSjMtajdTMTd1OFlRSTBaOC1RTm41bERXeWdnRGxUVHdveGFGVWNQM2liMHdaS1kyS1JkWHFBQ2NJQmgxczhCQWVQbXpLbXJKUnVOamFJSkU5RU9JU1I4eEZxeWlZTDd5M2xHbw?oc=5\" target=\"_blank\" rel=\"nofollow noopener\">Skriftlig sp\u00f8rsm\u00e5l fra Mathilde Tybring-Gjedde (H) til kunnskapsministeren<\/a>&nbsp;&nbsp;Stortinget<\/li>\n<li><a href=\"https:\/\/news.google.com\/rss\/articles\/CBMitgFBVV95cUxPLTNmWHNCVVZSU1ZMT1ZlUWJBVF84OGRSOGk0b1o2dmFlQ1piTmNMSE4xWHcxZEZrc2VKQVNGVlYtbkYtMU51MzdLMkFDNmFQcWlFNTl6Ym9Jc212b3VIanJ3cG5xdE9CbEd5b2dXdUhqRE5vUUo4S3dxSTJobXZneWtJRHlFRnZXN2JaMjVNdU9PUUpMSm1FYWRrN0JteGNaRFhjdi1PZEc5cWg2eXRzeVBYSlJPQQ?oc=5\" target=\"_blank\" rel=\"nofollow noopener\">Byr\u00e5det offentliggj\u00f8r frav\u00e6rstall for alle grunnskoler i Oslo v\u00e5ren 2026.<\/a>&nbsp;&nbsp;Utdanningsnytt<\/li>\n<li><a href=\"https:\/\/news.google.com\/rss\/articles\/CBMinwFBVV95cUxNNkpaTUF3MUVzTUN0Y3RjTEc1bTFBVF9xMFk1YjkwdkpmNGZuazdvV21kMEpEcUhDeUZPUDhHNnRIU0dWMUJrWVpqaEVZLTlXSWVISVo1VnZMVFZpblBBRGxRUC1zajZsUG1lWDFQc3dxUU55WE0tZDQ0WlF6dENjZUZDVFhuWmRQem1mb29HMGRtT2w2eWRHYmJIVW1lZHM?oc=5\" target=\"_blank\" rel=\"nofollow noopener\">Skolefrav\u00e6r | Frav\u00e6r i skolen: Dypdykk f\u00e5r nasjonal oppmerksomhet<\/a>&nbsp;&nbsp;Tvedestrandsposten<\/li>\n<\/ol>\n","protected":false},"excerpt":{"rendered":"Vi m\u00e5 vite hvor mye de er p\u00e5 skolen&nbsp;&nbsp;adressa.no Sunniva Holm\u00e5s Eidsvoll (SV) om frav\u00e6rsstatistikk: \u2013 Vil stemple&hellip;\n","protected":false},"author":2,"featured_media":130534,"comment_status":"","ping_status":"","sticky":false,"template":"","format":"standard","meta":{"footnotes":""},"categories":[10],"tags":[20,21,1733,24,25,8830,15,11113,760,22,23,13,30,28,29,14,16,804,9692,333,26,27,15163,2655,9193],"class_list":{"0":"post-130533","1":"post","2":"type-post","3":"status-publish","4":"format-standard","5":"has-post-thumbnail","7":"category-norge","8":"tag-breaking-news","9":"tag-breakingnews","10":"tag-elev","11":"tag-featured-news","12":"tag-featurednews","13":"tag-grunnskolen","14":"tag-headlines","15":"tag-kato-nykvist","16":"tag-kommentarer","17":"tag-latest-news","18":"tag-latestnews","19":"tag-news","20":"tag-no","21":"tag-norge","22":"tag-norway","23":"tag-nyheter","24":"tag-overskrifter","25":"tag-skole","26":"tag-statistikk","27":"tag-stortinget","28":"tag-top-stories","29":"tag-topstories","30":"tag-ungdomsskolen","31":"tag-utdanningsdirektoratet","32":"tag-utdanningsforbundet"},"share_on_mastodon":{"url":"https:\/\/pubeurope.com\/@no\/115849754364680205","error":""},"_links":{"self":[{"href":"https:\/\/www.europesays.com\/no\/wp-json\/wp\/v2\/posts\/130533","targetHints":{"allow":["GET"]}}],"collection":[{"href":"https:\/\/www.europesays.com\/no\/wp-json\/wp\/v2\/posts"}],"about":[{"href":"https:\/\/www.europesays.com\/no\/wp-json\/wp\/v2\/types\/post"}],"author":[{"embeddable":true,"href":"https:\/\/www.europesays.com\/no\/wp-json\/wp\/v2\/users\/2"}],"replies":[{"embeddable":true,"href":"https:\/\/www.europesays.com\/no\/wp-json\/wp\/v2\/comments?post=130533"}],"version-history":[{"count":0,"href":"https:\/\/www.europesays.com\/no\/wp-json\/wp\/v2\/posts\/130533\/revisions"}],"wp:featuredmedia":[{"embeddable":true,"href":"https:\/\/www.europesays.com\/no\/wp-json\/wp\/v2\/media\/130534"}],"wp:attachment":[{"href":"https:\/\/www.europesays.com\/no\/wp-json\/wp\/v2\/media?parent=130533"}],"wp:term":[{"taxonomy":"category","embeddable":true,"href":"https:\/\/www.europesays.com\/no\/wp-json\/wp\/v2\/categories?post=130533"},{"taxonomy":"post_tag","embeddable":true,"href":"https:\/\/www.europesays.com\/no\/wp-json\/wp\/v2\/tags?post=130533"}],"curies":[{"name":"wp","href":"https:\/\/api.w.org\/{rel}","templated":true}]}}