{"id":13054,"date":"2025-08-20T10:10:20","date_gmt":"2025-08-20T10:10:20","guid":{"rendered":"https:\/\/www.europesays.com\/no\/13054\/"},"modified":"2025-08-20T10:10:20","modified_gmt":"2025-08-20T10:10:20","slug":"klima-miljo-aksjonistene-avslutter-pa-mongstad-vil-fortsette-i-oslo","status":"publish","type":"post","link":"https:\/\/www.europesays.com\/no\/13054\/","title":{"rendered":"Klima, Milj\u00f8 | Aksjonistene avslutter p\u00e5 Mongstad \u2013 vil fortsette i Oslo"},"content":{"rendered":"\n<p>Extinction Rebellion kunngjorde like f\u00f8r klokken 18 at de reiser fra stedet og drar videre til Oslo.<\/p>\n<p><b> \u2013 Fordi vi har et krav om utfasing f\u00f8r valget. Da er det viktig \u00e5 v\u00e6re i hovedstaden og rette det kravet mot politikerne, sier talsperson Milla Haugen til <a href=\"https:\/\/www.bt.no\/hendelser\/i\/XjyrVg\/politiet-innbragt-seilbaat-og-jolle-etter-brudd-paa-sikkerhetssone\" rel=\"nofollow noopener\" target=\"_blank\">Bergens Tidende<\/a>.<\/b><\/p>\n<p>Aksjonistene planlegger \u00e5 fortsette markeringen sin onsdag ved \u00abhjertet av politikken og institusjonene\u00bb, men sier ikke noe n\u00e6rmere om hvor aksjonene vil finne sted. Det vil komme ytterligere hundre demonstranter for \u00e5 delta, if\u00f8lge Extinction Rebellion.<\/p>\n<p><b> \u2013 Vi flytter aksjonen til Oslo fordi vi ogs\u00e5 har store aksjoner planlagt der. Det blir enda st\u00f8rre, sier Haugen til <a href=\"https:\/\/www.ba.no\/blaser-i-reaksjonene-fra-politiet-vi-skal-eskalere\/s\/5-8-3127502\" rel=\"nofollow noopener\" target=\"_blank\">BA<\/a>. <\/b><\/p>\n<p>Det var aksjonistene selv som valgte \u00e5 avslutte, opplyser politiet.<\/p>\n<p><b>\u2013 Det var ikke n\u00f8dvendig for politiet \u00e5 gripe inn. Politiet har heller ikke sagt at de vil g\u00e5 til p\u00e5gripelse av demonstranter eller gitt noen tidsfrist for n\u00e5r demonstrantene m\u00e5tte avslutte, sier stabssjef Kjetil \u00d8yri i Vest politidistrikt. <\/b><\/p>\n<p>  <a href=\"https:\/\/www.h-avis.no\/5-62-1911106\" class=\"related-teaser has-image default-story-teaser article--c-eRUmMG article--c-eRUmMG-jKCPdD-design-default\" rel=\"nofollow noopener\" target=\"_blank\"><\/p>\n<p>    <img decoding=\"async\" loading=\"lazy\"  src=\"https:\/\/www.europesays.com\/no\/wp-content\/uploads\/2025\/08\/Listhaug+-+Thunberg.jpg\" alt=\"\" class=\"brick-c-cFOWSL\" style=\"\"\/><\/p>\n<p>\n            Les ogs\u00e5<\/p>\n<p>              Listhaug vil ha Greta Thunberg utvist fra Norge\n        <\/p>\n<p>  <\/a><br \/>\n  Thunberg innbrakt \u2013 men politiet vedg\u00e5r feil<\/p>\n<p>Rundt 200 aktivister har deltatt i blokaden av Equinors oljeraffineri siden aksjonen startet mandag. Aksjonister har benyttet sm\u00e5b\u00e5ter for \u00e5 hindre atkomst, og de har ogs\u00e5 sperret bilvei.<\/p>\n<p>M\u00e5let tirsdag var \u00e5 hindre en st\u00f8rre oljetanker i \u00e5 forlate Mongstad, samt at en annen skulle ankomme, opplyste gruppen i en pressemelding.<\/p>\n<p>Den verdenskjente klimaaktivisten Greta Thunberg og fem andre aktivister ble innbrakt tirsdag ettermiddag fordi politiet mente at sm\u00e5b\u00e5tene deres br\u00f8t sikkerhetssonen. Men etter \u00e5 ha sett n\u00e6rmere p\u00e5 dronebilder, er politiet usikker p\u00e5 om sikkerhetssonen ble brutt likevel.<\/p>\n<p><b>\u2013 Politiet har derfor besluttet \u00e5 oppheve beslaget i b\u00e5tene. Det blir heller ikke opprettet sak p\u00e5 personene som var om bord, skriver Vest politidistrikt p\u00e5 politiloggen. <\/b><\/p>\n<p>  <a href=\"https:\/\/www.h-avis.no\/5-62-1910731\" class=\"related-teaser has-image default-story-teaser article--c-eRUmMG article--c-eRUmMG-jKCPdD-design-default\" rel=\"nofollow noopener\" target=\"_blank\"><\/p>\n<p>    <img decoding=\"async\" loading=\"lazy\"  src=\"https:\/\/www.europesays.com\/no\/wp-content\/uploads\/2025\/08\/1755684620_930_cueres_scp-lsnyomoues_LS1NyOmoues.jpg\" alt=\"\" class=\"brick-c-cFOWSL\" style=\"\"\/><\/p>\n<p>\n            Les ogs\u00e5<\/p>\n<p>              Extinction Rebellion blokkerer Mongstad-raffineriet \u2013 fem bedt om \u00e5 fjerne seg\n        <\/p>\n<p>  <\/a><br \/>\n  \u2013 Oppn\u00e5dde mye<\/p>\n<p>Selv om fors\u00f8ket p\u00e5 \u00e5 hindre fart\u00f8y p\u00e5 vei ut og inn av Equinors omr\u00e5de ikke ble oppn\u00e5dd, mener klimaaktivistene at de har f\u00e5tt til mye.<\/p>\n<p><b>\u2013 Vi har klart \u00e5 f\u00e5 Equinor til \u00e5 sende masse folk p\u00e5 hjemmekontor, hatt en fantastisk konsert med Aurora og vi har f\u00e5tt sagt ordentlig fra om hvor farlig denne n\u00e6ringen er, sier Haugen.<\/b><\/p>\n<p>Politiet sier de har hatt god dialog med demonstrantene gjennom de to dagene blokaden p\u00e5gikk.<\/p>\n<p><b>\u2013 Vi er forn\u00f8yd med at vi har sikret demonstrantenes mulighet til \u00e5 gi uttrykk for sitt syn samtidig som det ikke har kommet i konflikt med sikker drift av anlegget p\u00e5 Mongstad, sier stabssjefen.<\/b><\/p>\n<p>Les mer om: artikkelemnene<\/p>\n","protected":false},"excerpt":{"rendered":"Extinction Rebellion kunngjorde like f\u00f8r klokken 18 at de reiser fra stedet og drar videre til Oslo. \u2013&hellip;\n","protected":false},"author":2,"featured_media":13055,"comment_status":"","ping_status":"","sticky":false,"template":"","format":"standard","meta":{"footnotes":""},"categories":[10],"tags":[36,20,21,24,25,15,1514,22,23,2540,1665,13,30,28,29,14,16,1510,26,27],"class_list":{"0":"post-13054","1":"post","2":"type-post","3":"status-publish","4":"format-standard","5":"has-post-thumbnail","7":"category-norge","8":"tag-art","9":"tag-breaking-news","10":"tag-breakingnews","11":"tag-featured-news","12":"tag-featurednews","13":"tag-headlines","14":"tag-klima","15":"tag-latest-news","16":"tag-latestnews","17":"tag-miljo","18":"tag-mongstad","19":"tag-news","20":"tag-no","21":"tag-norge","22":"tag-norway","23":"tag-nyheter","24":"tag-overskrifter","25":"tag-story","26":"tag-top-stories","27":"tag-topstories"},"share_on_mastodon":{"url":"","error":""},"_links":{"self":[{"href":"https:\/\/www.europesays.com\/no\/wp-json\/wp\/v2\/posts\/13054","targetHints":{"allow":["GET"]}}],"collection":[{"href":"https:\/\/www.europesays.com\/no\/wp-json\/wp\/v2\/posts"}],"about":[{"href":"https:\/\/www.europesays.com\/no\/wp-json\/wp\/v2\/types\/post"}],"author":[{"embeddable":true,"href":"https:\/\/www.europesays.com\/no\/wp-json\/wp\/v2\/users\/2"}],"replies":[{"embeddable":true,"href":"https:\/\/www.europesays.com\/no\/wp-json\/wp\/v2\/comments?post=13054"}],"version-history":[{"count":0,"href":"https:\/\/www.europesays.com\/no\/wp-json\/wp\/v2\/posts\/13054\/revisions"}],"wp:featuredmedia":[{"embeddable":true,"href":"https:\/\/www.europesays.com\/no\/wp-json\/wp\/v2\/media\/13055"}],"wp:attachment":[{"href":"https:\/\/www.europesays.com\/no\/wp-json\/wp\/v2\/media?parent=13054"}],"wp:term":[{"taxonomy":"category","embeddable":true,"href":"https:\/\/www.europesays.com\/no\/wp-json\/wp\/v2\/categories?post=13054"},{"taxonomy":"post_tag","embeddable":true,"href":"https:\/\/www.europesays.com\/no\/wp-json\/wp\/v2\/tags?post=13054"}],"curies":[{"name":"wp","href":"https:\/\/api.w.org\/{rel}","templated":true}]}}