{"id":130541,"date":"2026-01-06T19:21:17","date_gmt":"2026-01-06T19:21:17","guid":{"rendered":"https:\/\/www.europesays.com\/no\/130541\/"},"modified":"2026-01-06T19:21:17","modified_gmt":"2026-01-06T19:21:17","slug":"meloy-brann-brann-i-traktor-tar-avhor-av-eier","status":"publish","type":"post","link":"https:\/\/www.europesays.com\/no\/130541\/","title":{"rendered":"Mel\u00f8y, Brann | Brann i traktor: \u2013 Tar avh\u00f8r av eier"},"content":{"rendered":"\n<p>N\u00f8detatene hadde da f\u00e5tt melding om at en traktor sto i brann.<\/p>\n<p>\u2013 Traktoren st\u00e5r p\u00e5 en traktorvei, og det skal ikke v\u00e6re fare for noe spredning per n\u00e5, opplyste Thomas Jarn\u00e6s Coe ved politiets operasjonssentral like f\u00f8r klokken 12:00.<\/p>\n<p>Klokken 12:58 melder politiet at n\u00f8detatene er p\u00e5 stedet, og at brannen er slokket.<\/p>\n<p>\u2013 Politiet gj\u00f8r unders\u00f8kelser p\u00e5 stedet og tar avh\u00f8r av eier, sier Coe ved politiets operasjonssentral.<\/p>\n<p>Klokken 13:44 melder politiet at de oppretter sak p\u00e5 forholdet, og at patruljen har forlatt stedet.<\/p>\n","protected":false},"excerpt":{"rendered":"N\u00f8detatene hadde da f\u00e5tt melding om at en traktor sto i brann. \u2013 Traktoren st\u00e5r p\u00e5 en traktorvei,&hellip;\n","protected":false},"author":2,"featured_media":130542,"comment_status":"","ping_status":"","sticky":false,"template":"","format":"standard","meta":{"footnotes":""},"categories":[10],"tags":[36,367,20,21,24,25,15,22,23,4188,13,30,28,29,1478,14,16,254,1510,26,27],"class_list":{"0":"post-130541","1":"post","2":"type-post","3":"status-publish","4":"format-standard","5":"has-post-thumbnail","7":"category-norge","8":"tag-art","9":"tag-brann","10":"tag-breaking-news","11":"tag-breakingnews","12":"tag-featured-news","13":"tag-featurednews","14":"tag-headlines","15":"tag-latest-news","16":"tag-latestnews","17":"tag-meloy","18":"tag-news","19":"tag-no","20":"tag-norge","21":"tag-norway","22":"tag-nodetater","23":"tag-nyheter","24":"tag-overskrifter","25":"tag-politi","26":"tag-story","27":"tag-top-stories","28":"tag-topstories"},"share_on_mastodon":{"url":"https:\/\/pubeurope.com\/@no\/115849781893858269","error":""},"_links":{"self":[{"href":"https:\/\/www.europesays.com\/no\/wp-json\/wp\/v2\/posts\/130541","targetHints":{"allow":["GET"]}}],"collection":[{"href":"https:\/\/www.europesays.com\/no\/wp-json\/wp\/v2\/posts"}],"about":[{"href":"https:\/\/www.europesays.com\/no\/wp-json\/wp\/v2\/types\/post"}],"author":[{"embeddable":true,"href":"https:\/\/www.europesays.com\/no\/wp-json\/wp\/v2\/users\/2"}],"replies":[{"embeddable":true,"href":"https:\/\/www.europesays.com\/no\/wp-json\/wp\/v2\/comments?post=130541"}],"version-history":[{"count":0,"href":"https:\/\/www.europesays.com\/no\/wp-json\/wp\/v2\/posts\/130541\/revisions"}],"wp:featuredmedia":[{"embeddable":true,"href":"https:\/\/www.europesays.com\/no\/wp-json\/wp\/v2\/media\/130542"}],"wp:attachment":[{"href":"https:\/\/www.europesays.com\/no\/wp-json\/wp\/v2\/media?parent=130541"}],"wp:term":[{"taxonomy":"category","embeddable":true,"href":"https:\/\/www.europesays.com\/no\/wp-json\/wp\/v2\/categories?post=130541"},{"taxonomy":"post_tag","embeddable":true,"href":"https:\/\/www.europesays.com\/no\/wp-json\/wp\/v2\/tags?post=130541"}],"curies":[{"name":"wp","href":"https:\/\/api.w.org\/{rel}","templated":true}]}}