{"id":130551,"date":"2026-01-06T19:29:15","date_gmt":"2026-01-06T19:29:15","guid":{"rendered":"https:\/\/www.europesays.com\/no\/130551\/"},"modified":"2026-01-06T19:29:15","modified_gmt":"2026-01-06T19:29:15","slug":"to-elever-utsatt-for-vold-i-eidsvoll","status":"publish","type":"post","link":"https:\/\/www.europesays.com\/no\/130551\/","title":{"rendered":"To elever utsatt for vold i Eidsvoll"},"content":{"rendered":"\n<p class=\"_lead_o9xde_2 _lead_xtcu6_50 layout-component text-serif-m layout-normal text-serif-l layout-component layout-wide layout-padded _wide_17hqh_1 layout-padded\">\u00c9n ble sl\u00e5tt med glassflaske \u2013 en annen med jernstang.<\/p>\n<ul aria-hidden=\"true\" class=\"_images_ntbth_112\">\n<li><a class=\"_link_ntbth_117\" href=\"https:\/\/www.vg.no\/forfatter\/ingrid-bjoerndal-farestvedt\" style=\"z-index:1\" title=\"Ingrid Bj\u00f8rndal Farestvedt\" rel=\"nofollow noopener\" target=\"_blank\"><img alt=\"Bilde av Ingrid Bj\u00f8rndal Farestvedt\" class=\"_image_ntbth_93\" fetchpriority=\"low\" loading=\"lazy\" decoding=\"async\" itemprop=\"image\"  src=\"https:\/\/www.europesays.com\/no\/wp-content\/uploads\/2026\/01\/1767727753_890_0ca626e9-b4bd-4417-836d-161b53cb789f.jpeg\"  width=\"480\"\/><\/a><\/li>\n<\/ul>\n<p> Oppdatert tirsdag 6. januar kl. 14:00     <\/p>\n<p class=\"_paragraph_o9xde_4 _paragraph_xtcu6_10 layout-component text-serif-m layout-normal text-serif-m layout-padded\">Flere gutter har ut\u00f8vd vold mot to elever elev p\u00e5 <a href=\"https:\/\/www.vg.no\/tag\/eidsvoll?utm_source=vg-article&amp;utm_medium=auto-tagger&amp;utm_campaign=aJwVR4\" class=\"_link_o9xde_39\" rel=\"nofollow noopener\" target=\"_blank\">Eidsvoll<\/a> videreg\u00e5ende skole, if\u00f8lge \u00d8st politidistrikt. En av dem ble sl\u00e5tt med en glassflaske og fikk et kutt i hodet, if\u00f8lge meldingen som kom inn til politiet:<\/p>\n<p class=\"_paragraph_o9xde_4 _paragraph_xtcu6_10 layout-component text-serif-m layout-normal text-serif-m layout-padded\">\u2013 Forn\u00e6rmede fremst\u00e5r lettere skadet. Fem gutter l\u00f8p fra skolen etter hendelsen, sier operasjonsleder Kjetil Elnan Ringseth til VG.<\/p>\n<p class=\"_paragraph_o9xde_4 _paragraph_xtcu6_10 layout-component text-serif-m layout-normal text-serif-m layout-padded\"><strong class=\"_strong_o9xde_25\">Klokken 13.37 melder politiet at de har f\u00e5tt kontroll p\u00e5 fire mistenkte.<\/strong><\/p>\n<p class=\"_paragraph_o9xde_4 _paragraph_xtcu6_10 layout-component text-serif-m layout-normal text-serif-m layout-padded\">Tyve minutter senere opplyser de om ogs\u00e5 en annen elev ble utsatt for vold. Vedkommende ble sl\u00e5tt i ansiktet med en jernstang.<\/p>\n<p class=\"_paragraph_o9xde_4 _paragraph_xtcu6_10 layout-component text-serif-m layout-normal text-serif-m layout-padded\">\u2013 De blir kj\u00f8rt legevakt eller fastlege, skriver politiet klokken 13.57.<\/p>\n<p class=\"_paragraph_o9xde_4 _paragraph_xtcu6_10 layout-component text-serif-m layout-normal text-serif-m layout-padded\"><strong class=\"_strong_o9xde_25\">Politiet har rykket ut til skolen to ganger tirsdag.<\/strong><\/p>\n<p class=\"_paragraph_o9xde_4 _paragraph_xtcu6_10 layout-component text-serif-m layout-normal text-serif-m layout-padded\">\u2013 Klokken 10.30 ringte skoleledelsen inn om to gutter som hadde kommet til skolen og oppf\u00f8rt seg truende. De skal ha veivet rundt med en hammer og vist frem kniver, sier Ringseth.<\/p>\n<p class=\"_paragraph_o9xde_4 _paragraph_xtcu6_10 layout-component text-serif-m layout-normal text-serif-m layout-padded\">Guttene, som skal v\u00e6re kjent for skolen fra f\u00f8r, hadde forsvunnet da politiet kom frem.<\/p>\n<p class=\"_paragraph_o9xde_4 _paragraph_xtcu6_10 layout-component text-serif-m layout-normal text-serif-m layout-padded\">\u2013 Den siste meldingen g\u00e5r ut p\u00e5 at guttene kom tilbake med flere andre, og at en elev ble sl\u00e5tt med glassflaske, if\u00f8lge operasjonslederen.<\/p>\n<p>    <img decoding=\"async\" alt=\"Tips oss illustrasjon\" src=\"https:\/\/www.europesays.com\/no\/wp-content\/uploads\/2025\/10\/pssst-small.webp.webp\"\/>    <\/p>\n<p class=\"title-serif-s\">Har du tips?<\/p>\n<p class=\"text-sans-m\">Send oss informasjon, bilder eller video.<\/p>\n<p>  <a href=\"https:\/\/www.vg.no\/tips-oss\" rel=\"nofollow noopener\" target=\"_blank\"> Tips oss <\/a>      <\/p>\n","protected":false},"excerpt":{"rendered":"\u00c9n ble sl\u00e5tt med glassflaske \u2013 en annen med jernstang. Oppdatert tirsdag 6. januar kl. 14:00 Flere gutter&hellip;\n","protected":false},"author":2,"featured_media":130552,"comment_status":"","ping_status":"","sticky":false,"template":"","format":"standard","meta":{"footnotes":""},"categories":[5],"tags":[31,20,21,1731,24,25,15,19,22,23,17,18,13,30,28,29,14,16,26,27,493],"class_list":{"0":"post-130551","1":"post","2":"type-post","3":"status-publish","4":"format-standard","5":"has-post-thumbnail","7":"category-overskrifter","8":"tag-breaking","9":"tag-breaking-news","10":"tag-breakingnews","11":"tag-eidsvoll","12":"tag-featured-news","13":"tag-featurednews","14":"tag-headlines","15":"tag-hovedoppslag","16":"tag-latest-news","17":"tag-latestnews","18":"tag-main-news","19":"tag-mainnews","20":"tag-news","21":"tag-no","22":"tag-norge","23":"tag-norway","24":"tag-nyheter","25":"tag-overskrifter","26":"tag-top-stories","27":"tag-topstories","28":"tag-vold"},"share_on_mastodon":{"url":"https:\/\/pubeurope.com\/@no\/115849813208157143","error":""},"_links":{"self":[{"href":"https:\/\/www.europesays.com\/no\/wp-json\/wp\/v2\/posts\/130551","targetHints":{"allow":["GET"]}}],"collection":[{"href":"https:\/\/www.europesays.com\/no\/wp-json\/wp\/v2\/posts"}],"about":[{"href":"https:\/\/www.europesays.com\/no\/wp-json\/wp\/v2\/types\/post"}],"author":[{"embeddable":true,"href":"https:\/\/www.europesays.com\/no\/wp-json\/wp\/v2\/users\/2"}],"replies":[{"embeddable":true,"href":"https:\/\/www.europesays.com\/no\/wp-json\/wp\/v2\/comments?post=130551"}],"version-history":[{"count":0,"href":"https:\/\/www.europesays.com\/no\/wp-json\/wp\/v2\/posts\/130551\/revisions"}],"wp:featuredmedia":[{"embeddable":true,"href":"https:\/\/www.europesays.com\/no\/wp-json\/wp\/v2\/media\/130552"}],"wp:attachment":[{"href":"https:\/\/www.europesays.com\/no\/wp-json\/wp\/v2\/media?parent=130551"}],"wp:term":[{"taxonomy":"category","embeddable":true,"href":"https:\/\/www.europesays.com\/no\/wp-json\/wp\/v2\/categories?post=130551"},{"taxonomy":"post_tag","embeddable":true,"href":"https:\/\/www.europesays.com\/no\/wp-json\/wp\/v2\/tags?post=130551"}],"curies":[{"name":"wp","href":"https:\/\/api.w.org\/{rel}","templated":true}]}}