{"id":130556,"date":"2026-01-06T19:36:07","date_gmt":"2026-01-06T19:36:07","guid":{"rendered":"https:\/\/www.europesays.com\/no\/130556\/"},"modified":"2026-01-06T19:36:07","modified_gmt":"2026-01-06T19:36:07","slug":"veldig-godt-for-meg-a-mote-dem","status":"publish","type":"post","link":"https:\/\/www.europesays.com\/no\/130556\/","title":{"rendered":"\u2013 Veldig godt for meg \u00e5 m\u00f8te dem"},"content":{"rendered":"\n<ul class=\"_list_o9xde_3 _list_64s2r_85 _unordered_o9xde_106 text-sans-m\">\n<li class=\"_item_o9xde_30\">Skiskytter Johan-Olav Botn forteller om m\u00f8tet med de etterlatte etter Sivert Guttorm Bakken.<\/li>\n<li class=\"_item_o9xde_30\">Bakken ble funnet livl\u00f8s p\u00e5 sitt rom i Italia, nesten to uker tidligere.<\/li>\n<li class=\"_item_o9xde_30\">En obduksjonsrapport er ventet i mars.<\/li>\n<li class=\"_item_o9xde_30\">Botn deler hvordan de skal hedre Bakkens minne gjennom friluftsprosjekter.<\/li>\n<\/ul>\n<p>Vis mer <\/p>\n<p class=\"_paragraph_o9xde_4 _paragraph_xtcu6_10 layout-component text-serif-m layout-normal text-serif-m layout-padded\">\u2013 Det var jo veldig fint, egentlig. Det er jo det jeg tenker p\u00e5 hele tiden jeg g\u00e5r rundt her alene, hvordan familien egentlig har det. Jeg har brukt mye tid p\u00e5 \u00e5 tenke p\u00e5 hvordan de har det, og hva de tenker p\u00e5.<\/p>\n<p class=\"_paragraph_o9xde_4 _paragraph_xtcu6_10 layout-component text-serif-m layout-normal text-serif-m layout-padded\">Snart to uker er g\u00e5tt siden Botn fant sin lagkamerat <a href=\"https:\/\/www.vg.no\/tag\/sivert-guttorm-bakken?utm_source=vg-article&amp;utm_medium=auto-tagger&amp;utm_campaign=gk7qWk\" class=\"_link_o9xde_39\" rel=\"nofollow noopener\" target=\"_blank\">Sivert Guttorm Bakken<\/a> livl\u00f8s p\u00e5 rommet i Lavaz\u00e8, Italia. <\/p>\n<p class=\"_paragraph_o9xde_4 _paragraph_xtcu6_10 layout-component text-serif-m layout-normal text-serif-m layout-padded\">Bakken ble bare 27 \u00e5r gammel. Han ble funnet med en h\u00f8ydemaske, opplyste Skiskytterforbundet i en pressemelding.<\/p>\n<p class=\"_paragraph_o9xde_4 _paragraph_xtcu6_10 layout-component text-serif-m layout-normal text-serif-m layout-padded\">Det er imidlertid uklart om denne masken har sammenheng med d\u00f8ds\u00e5rsaken. En obduksjon er gjennomf\u00f8rt, men rapporten er ikke ventet f\u00f8r i mars.<\/p>\n<p class=\"_paragraph_o9xde_4 _paragraph_xtcu6_10 layout-component text-serif-m layout-normal text-serif-m layout-padded\">Midt i dette sto alts\u00e5 Botn. <a href=\"https:\/\/www.tv2.no\/sport\/botn-bryter-tausheten-etter-dodsfallet\/18426657\/\" class=\"_link_o9xde_39\" rel=\"nofollow noopener\" target=\"_blank\">Han har tidligere fortalt TV 2<\/a> om den tragedien som m\u00f8tte ham lille julaften. <\/p>\n<p class=\"_paragraph_o9xde_4 _paragraph_xtcu6_10 layout-component text-serif-m layout-normal text-serif-m layout-padded\">Kj\u00e6resten hans Karoline Simpson-Larsen var ogs\u00e5 til stede i Italia i julen:<\/p>\n<p class=\"_paragraph_o9xde_4 _paragraph_xtcu6_10 layout-component text-serif-m layout-normal text-serif-m layout-padded\">N\u00e5 forteller han om det f\u00f8rste fysiske m\u00f8tet med de etterlatte, som fant sted s\u00f8ndag forrige uke.<\/p>\n<p class=\"_paragraph_o9xde_4 _paragraph_xtcu6_10 layout-component text-serif-m layout-normal text-serif-m layout-padded\">\u2013 En ting er at det har g\u00e5tt relativt bra en uke, men man skal leve med dette resten av livet. \u00c5 se litt fremover, det var fint, sier Botn.<\/p>\n<p class=\"_paragraph_o9xde_4 _paragraph_xtcu6_10 layout-component text-serif-m layout-normal text-serif-m layout-padded\">\u2013 Hvordan var selve m\u00f8tet?<\/p>\n<p class=\"_paragraph_o9xde_4 _paragraph_xtcu6_10 layout-component text-serif-m layout-normal text-serif-m layout-padded\">\u2013 Det var veldig godt for meg \u00e5 m\u00f8te dem. F\u00f8lelsen var gjensidig, at de ogs\u00e5 satt pris p\u00e5 \u00e5 m\u00f8te meg og snakke om det.<\/p>\n<p class=\"_paragraph_o9xde_4 _paragraph_xtcu6_10 layout-component text-serif-m layout-normal text-serif-m layout-padded\">\u2013 Vi snakket egentlig mest om hva Sivert har gjort, alle sm\u00e5ting som er spesielt med ham, alle gode historier opp gjennom. Det var veldig hyggelig.<\/p>\n<p class=\"_paragraph_o9xde_4 _paragraph_xtcu6_10 layout-component text-serif-m layout-normal text-serif-m layout-padded\">\u2013 Hva tok du med deg inn i det?<\/p>\n<p class=\"_paragraph_o9xde_4 _paragraph_xtcu6_10 layout-component text-serif-m layout-normal text-serif-m layout-padded\">\u2013 Vi brukte mye tid p\u00e5 boden til Sivert. Han var ekstremt opptatt av at alt skulle v\u00e6re perfekt og ha sin plass. Vi konkluderte vel med at den boden m\u00e5 rammes inn, og ingen andre f\u00e5r lov til \u00e5 r\u00f8re noe. Jeg synes det beskriver ham godt som person.<\/p>\n<p class=\"_paragraph_o9xde_4 _paragraph_xtcu6_10 layout-component text-serif-m layout-normal text-serif-m layout-padded\">De gikk sammen helt fra NTGNTGNorges Toppidrettsgymnas p\u00e5 Lillehammer. Bakken var litt foran i l\u00f8ypa, kom p\u00e5 landslag mens Botn \u00abikke var i n\u00e6rheten av det\u00bbikke var i n\u00e6rheten av det\u00bbBotns eget utsagn.. <\/p>\n<p class=\"_paragraph_o9xde_4 _paragraph_xtcu6_10 layout-component text-serif-m layout-normal text-serif-m layout-padded\">Han var imidlertid tett p\u00e5 da Bakken kjempet seg tilbake til verdenseliten etter sine hjerteproblemersine hjerteproblemerBakken ble satt tilbake nesten to \u00e5r etter han fikk en hjerteposebetennelse, trolig som f\u00f8lge av tredje dose av koronavaksinen.. <\/p>\n<p class=\"_paragraph_o9xde_4 _paragraph_xtcu6_10 layout-component text-serif-m layout-normal text-serif-m layout-padded\">Forrige sesong konkurrerte de sammen i IBU CupIBU CupNest \u00f8verste niv\u00e5 i skiskyting, under verdenscup., og denne sesongen har begge kjempet i verdenscupen og g\u00e5tt for rekruttlandslaget i skiskytingrekruttlandslaget i skiskytingLaget for de neste beste norske skiskytterne, best\u00e5r av seks ut\u00f8vere. Niv\u00e5et under elitelandslaget. sammen.<\/p>\n<p class=\"_paragraph_o9xde_4 _paragraph_xtcu6_10 layout-component text-serif-m layout-normal text-serif-m layout-padded\">\u2013 Man ble jo veldig inspirert av den motivasjonen han hadde der. Han gikk p\u00e5 en m\u00e5te fra \u00e5 v\u00e6re direkte utrent, men mistet aldri h\u00e5pet om \u00e5 komme tilbake til verdenscupen og prestere der.<\/p>\n<p class=\"_paragraph_o9xde_4 _paragraph_xtcu6_10 layout-component text-serif-m layout-normal text-serif-m layout-padded\">Og Bakken kom tilbake. Denne sesongen var han tilbake p\u00e5 \u00f8verste niv\u00e5, etter dr\u00f8ye tre \u00e5r med utfordringer og opptrening.<\/p>\n<p class=\"_paragraph_o9xde_4 _paragraph_xtcu6_10 layout-component text-serif-m layout-normal text-serif-m layout-padded\">Fire ganger var han innenfor topp ti i verdenscupen \u2013 p\u00e5 bare seks renn. <\/p>\n<p><img alt=\"Sivert Guttorm Bakken (venstre) etter sin fjerdeplass p\u00e5 normaldistansen i \u00d6stersund. Her feirer han med Martin Uldal (2. plass), Botn (1. plass) og Sturla Holm L\u00e6greid (5. plass).  Foto: MATHIAS BERGELD \/ Bildbyr\u00e5n\" class=\"_image_qp4xg_65 layout-component layout-normal\" data-fullscreen- data-track-element-type=\"Article image fullscreen\" data-track-name=\"ImageFullscreen\" decoding=\"async\" loading=\"lazy\" height=\"4000\" itemprop=\"image\"  src=\"https:\/\/www.europesays.com\/no\/wp-content\/uploads\/2026\/01\/8d6a03a0-12db-4c92-9a1c-796381c4abf0.png\"  style=\"object-position:0% 0%\" width=\"6000\"\/>Sivert Guttorm Bakken (venstre) etter sin fjerdeplass p\u00e5 normaldistansen i \u00d6stersund. Her feirer han med Martin Uldal (2. plass), Botn (1. plass) og Sturla Holm L\u00e6greid (5. plass).  Foto: MATHIAS BERGELD \/ Bildbyr\u00e5n<\/p>\n<p class=\"_paragraph_o9xde_4 _paragraph_xtcu6_10 layout-component text-serif-m layout-normal text-serif-m layout-padded\">N\u00e5r verdenscupen starter opp igjen i Oberhof denne uken, er det imidlertid uten Bakken. Torsdag skal han hedres f\u00f8r herrenes sprint\u00f8velse.<\/p>\n<p class=\"_paragraph_o9xde_4 _paragraph_xtcu6_10 layout-component text-serif-m layout-normal text-serif-m layout-padded\">Er det egentlig mulig for Botn \u00e5 tro at han er borte?<\/p>\n<p class=\"_paragraph_o9xde_4 _paragraph_xtcu6_10 layout-component text-serif-m layout-normal text-serif-m layout-padded\">\u2013 For meg er det veldig ekte, siden det var jeg som fant og s\u00e5 ham. Men s\u00e5 er det nesten litt s\u00e5nn at man glemmer det i en god periode. Man skal liksom opp p\u00e5 \u00abBirkenBirkenBIrkebeineren skistadion i Lillehammer.\u00bb og m\u00f8te Sivert, liksom. Det er det man forventer.<\/p>\n<p class=\"_paragraph_o9xde_4 _paragraph_xtcu6_10 layout-component text-serif-m layout-normal text-serif-m layout-padded\">\u2013 Det er litt b\u00e5de \u00f2g. For meg er det veldig ekte, men samtidig sier rutinene at han skal v\u00e6re her, p\u00e5 en m\u00e5te.<\/p>\n<p class=\"_paragraph_o9xde_4 _paragraph_xtcu6_10 layout-component text-serif-m layout-normal text-serif-m layout-padded\">Sammen i sorgen har han en hel skiskytterverden. Han har f\u00e5tt m\u00f8tt to av lagkameratene sine p\u00e5 Lillehammer, Endre Str\u00f8msheim og Vebj\u00f8rn S\u00f8rum.<\/p>\n<p class=\"_paragraph_o9xde_4 _paragraph_xtcu6_10 layout-component text-serif-m layout-normal text-serif-m layout-padded\">\u2013 Det var noen uker siden vi hadde f\u00e5tt snakket sammen. Du forventer p\u00e5 en m\u00e5te at du skal f\u00e5 gi en knyttneve, juble og feire alle oppturene jeg har hatt, at det skal v\u00e6re god stemning.<\/p>\n<p class=\"_paragraph_o9xde_4 _paragraph_xtcu6_10 layout-component text-serif-m layout-normal text-serif-m layout-padded\">\u2013 Vi ser p\u00e5 hverandre og skj\u00f8nner veldig fort, bare med et blikk. Det er veldig rart. Du skj\u00f8nner alt p\u00e5 veldig kort tid. Det er bare veldig godt \u00e5 h\u00f8re hvordan de har det, og mimre tilbake. Det synes jeg er veldig god medisin.<\/p>\n<p class=\"_paragraph_o9xde_4 _paragraph_xtcu6_10 layout-component text-serif-m layout-normal text-serif-m layout-padded\">Han sier de satte seg ned og den som f\u00f8lte at den vil si noe, sa noe. Samtalen g\u00e5r veldig opp og ned, fram og tilbake.<\/p>\n<p class=\"_paragraph_o9xde_4 _paragraph_xtcu6_10 layout-component text-serif-m layout-normal text-serif-m layout-padded\">\u2013 Det ene \u00f8yeblikket ler man, det neste \u00f8yeblikket gr\u00e5ter man. Vi har mange morsomme historier vi f\u00f8rst ler av. S\u00e5 skj\u00f8nner man at dette f\u00e5r vi ikke oppleve igjen, og da blir det helt motsatt. Det beskriver hvordan tankene har v\u00e6rt de siste ukene,<\/p>\n<p class=\"_paragraph_o9xde_4 _paragraph_xtcu6_10 layout-component text-serif-m layout-normal text-serif-m layout-padded\">Han sier det betyr mye \u00e5 ha s\u00e5 mange \u00e5 dele sorgen med. Og at det betyr mye for ham \u00e5 v\u00e6re til stede for andre i samtalene om Bakken.<\/p>\n<p class=\"_paragraph_o9xde_4 _paragraph_xtcu6_10 layout-component text-serif-m layout-normal text-serif-m layout-padded\">Botn har denne sesongen hatt sitt definitive gjennombrudd. Han leder verdenscupen sammenlagt, og blir et av gullh\u00e5pene under OL i Anterselva.<\/p>\n<p class=\"_paragraph_o9xde_4 _paragraph_xtcu6_10 layout-component text-serif-m layout-normal text-serif-m layout-padded\">\u2013 Da alt dette skjedde, ble alt veldig meningsl\u00f8st. Men av alle meningsl\u00f8se ting, ble skiskyting veldig viktig. S\u00e6rlig n\u00e5r man husker hvor viktig skiskyting var for Sivert. Han fikk s\u00e5 mye glede av alt rundt skiskyting.<\/p>\n<p class=\"_paragraph_o9xde_4 _paragraph_xtcu6_10 layout-component text-serif-m layout-normal text-serif-m layout-padded\">\u2013 Det ble veldig viktig for meg, veldig fort.<\/p>\n<p class=\"_paragraph_o9xde_4 _paragraph_xtcu6_10 layout-component text-serif-m layout-normal text-serif-m layout-padded\">Han beskriver tiden f\u00f8r jul som et annet liv. Et f\u00f8r og et etter. Han sier han har mentalt pakket ned sine egne prestasjoner f\u00f8r jul. <\/p>\n<p class=\"_paragraph_o9xde_4 _paragraph_xtcu6_10 layout-component text-serif-m layout-normal text-serif-m layout-padded\">Da han f\u00f8r jul beskrev det som \u00e5 leve i en dr\u00f8m, at han ikke ville v\u00e5kne opp, bare ville fortsette \u00e5 dr\u00f8mme. \u00abOg jeg har jo v\u00e5knet opp ganske greit\u00bb, sier han.<\/p>\n<p class=\"_paragraph_o9xde_4 _paragraph_xtcu6_10 layout-component text-serif-m layout-normal text-serif-m layout-padded\">Botn st\u00e5r over verdenscupen i Oberhof denne uken p\u00e5 grunn av sykdom. <\/p>\n<p class=\"_paragraph_o9xde_4 _paragraph_xtcu6_10 layout-component text-serif-m layout-normal text-serif-m layout-padded\">Han sier han har mange tanker om hvordan han skal hedre Bakkens minne. Sivert Guttorm Bakken var lidenskapelig opptatt av fjellturer og friluftsliv.<\/p>\n<p class=\"_paragraph_o9xde_4 _paragraph_xtcu6_10 layout-component text-serif-m layout-normal text-serif-m layout-padded\">Hver april satte han av til nettopp det. De elleve andre m\u00e5nedene handlet om skiskyting.<\/p>\n<p class=\"_paragraph_o9xde_4 _paragraph_xtcu6_10 layout-component text-serif-m layout-normal text-serif-m layout-padded\">\u2013 Jeg vil gj\u00f8re det p\u00e5 riktig m\u00e5te, sier Botn.<\/p>\n<p class=\"_paragraph_o9xde_4 _paragraph_xtcu6_10 layout-component text-serif-m layout-normal text-serif-m layout-padded\">\u2013 Det eneste jeg har bestemt meg for, er at hele april skal v\u00e6re satt av til prosjekter, friluftsliv og toppturer, komme seg ut og gj\u00f8re ting. Det er det eneste jeg er hundre prosent sikker p\u00e5, i hans \u00e5nd.<\/p>\n<p class=\"_paragraph_o9xde_4 _paragraph_xtcu6_10 layout-component text-serif-m layout-normal text-serif-m layout-padded\">\u2013 Det er det Sivert ville gjort?<\/p>\n<p class=\"_paragraph_o9xde_4 _paragraph_xtcu6_10 layout-component text-serif-m layout-normal text-serif-m layout-padded\"><strong class=\"_strong_o9xde_25\">\u2013 Ja. Vi har snakket om det, vi andre. At det blir en topptur i Jotunheimen, der vi skal g\u00e5 sammen og grine litt. Det er vel ganske sikkert.<\/strong><\/p>\n","protected":false},"excerpt":{"rendered":"Skiskytter Johan-Olav Botn forteller om m\u00f8tet med de etterlatte etter Sivert Guttorm Bakken. Bakken ble funnet livl\u00f8s p\u00e5&hellip;\n","protected":false},"author":2,"featured_media":130557,"comment_status":"","ping_status":"","sticky":false,"template":"","format":"standard","meta":{"footnotes":""},"categories":[5],"tags":[20,21,24,25,15,19,12901,22,23,17,18,13,30,28,29,14,16,13042,769,26,27],"class_list":{"0":"post-130556","1":"post","2":"type-post","3":"status-publish","4":"format-standard","5":"has-post-thumbnail","7":"category-overskrifter","8":"tag-breaking-news","9":"tag-breakingnews","10":"tag-featured-news","11":"tag-featurednews","12":"tag-headlines","13":"tag-hovedoppslag","14":"tag-johan-olav-smordal-botn","15":"tag-latest-news","16":"tag-latestnews","17":"tag-main-news","18":"tag-mainnews","19":"tag-news","20":"tag-no","21":"tag-norge","22":"tag-norway","23":"tag-nyheter","24":"tag-overskrifter","25":"tag-sivert-guttorm-bakken","26":"tag-skiskyting","27":"tag-top-stories","28":"tag-topstories"},"share_on_mastodon":{"url":"https:\/\/pubeurope.com\/@no\/115849840822370640","error":""},"_links":{"self":[{"href":"https:\/\/www.europesays.com\/no\/wp-json\/wp\/v2\/posts\/130556","targetHints":{"allow":["GET"]}}],"collection":[{"href":"https:\/\/www.europesays.com\/no\/wp-json\/wp\/v2\/posts"}],"about":[{"href":"https:\/\/www.europesays.com\/no\/wp-json\/wp\/v2\/types\/post"}],"author":[{"embeddable":true,"href":"https:\/\/www.europesays.com\/no\/wp-json\/wp\/v2\/users\/2"}],"replies":[{"embeddable":true,"href":"https:\/\/www.europesays.com\/no\/wp-json\/wp\/v2\/comments?post=130556"}],"version-history":[{"count":0,"href":"https:\/\/www.europesays.com\/no\/wp-json\/wp\/v2\/posts\/130556\/revisions"}],"wp:featuredmedia":[{"embeddable":true,"href":"https:\/\/www.europesays.com\/no\/wp-json\/wp\/v2\/media\/130557"}],"wp:attachment":[{"href":"https:\/\/www.europesays.com\/no\/wp-json\/wp\/v2\/media?parent=130556"}],"wp:term":[{"taxonomy":"category","embeddable":true,"href":"https:\/\/www.europesays.com\/no\/wp-json\/wp\/v2\/categories?post=130556"},{"taxonomy":"post_tag","embeddable":true,"href":"https:\/\/www.europesays.com\/no\/wp-json\/wp\/v2\/tags?post=130556"}],"curies":[{"name":"wp","href":"https:\/\/api.w.org\/{rel}","templated":true}]}}