{"id":130560,"date":"2026-01-06T19:40:42","date_gmt":"2026-01-06T19:40:42","guid":{"rendered":"https:\/\/www.europesays.com\/no\/130560\/"},"modified":"2026-01-06T19:40:42","modified_gmt":"2026-01-06T19:40:42","slug":"naeringsliv-jaerhagen-kjopesenteret-hadde-tidenes-beste-ar","status":"publish","type":"post","link":"https:\/\/www.europesays.com\/no\/130560\/","title":{"rendered":"N\u00e6ringsliv, J\u00e6rhagen | Kj\u00f8pesenteret hadde tidenes beste \u00e5r"},"content":{"rendered":"\n<p>Kj\u00f8pesenteret i Klepp kan se tilbake p\u00e5 et rekordsterkt 2025, hvor b\u00e5de omsetning og bes\u00f8kstall n\u00e5dde nye h\u00f8yder.<\/p>\n<p>Den totale omsetningen endte p\u00e5 1.692.877.104 kroner (1,7 milliarder), en \u00f8kning p\u00e5 5,2 prosent sammenlignet med \u00e5ret f\u00f8r.<\/p>\n<p>Det ble registrert hele 2,8 millioner bes\u00f8kende, som tilsvarer en vekst p\u00e5 4,09 prosent.<\/p>\n<p>\u2013 Vi er utrolig stolte og takknemlige. Det har v\u00e6rt et innholdsrikt og spennende \u00e5r, og vi skylder v\u00e5re fantastiske kunder og butikkdrivere en stor takk, som har gjort dette mulig, sier senterleder ved J\u00e6rhagen, Siri \u00d8ksnevad Olsen.<\/p>\n<p>Styrket gjennom hele \u00e5ret<\/p>\n<p>\u00c5ret startet noe roligere, med en svak nedgang i f\u00f8rste kvartal p\u00e5 minus 1,23 prosent, sammenlignet med noen sterke tall i f\u00f8rste kvartal 2024 og etter noen endringer i butikkmiksen. Likevel tok utviklingen seg raskt opp.<\/p>\n<p>I andre kvartal fikk senteret et l\u00f8ft med \u00e5pningen av Bagorama og flere strategiske flyttinger internt p\u00e5 senteret. Butikker som Kristinas Systue, Spotlight &amp; Youth og Lekia ble re-lokalisert for \u00e5 gj\u00f8re plass til den kommende Clas Ohlson-butikken. Dette falt tydelig i smak hos kundene, og kvartalet endte med en \u00f8kning p\u00e5 5,41 prosent.<\/p>\n<p>  <a href=\"https:\/\/www.jbl.no\/5-103-1206232\" class=\"related-teaser has-image default-story-teaser article--c-eRUmMG article--c-eRUmMG-jKCPdD-design-default\" rel=\"nofollow noopener\" target=\"_blank\"><\/p>\n<p>    <img decoding=\"async\" loading=\"lazy\"  src=\"https:\/\/www.europesays.com\/no\/wp-content\/uploads\/2026\/01\/IMG_0223.HEIC.jpeg\" alt=\"\" class=\"brick-c-cFOWSL\" style=\"\"\/><\/p>\n<p>\n            Les ogs\u00e5<\/p>\n<p>              K\u00f8 helt ut da ny butikk \u00e5pnet p\u00e5 J\u00e6rhagen\n        <\/p>\n<p>  <\/a><\/p>\n<p>Aktiviteter som Food Truck Weekend, Jille Maidager og juni-salget bidro ogs\u00e5 til \u00f8kt trafikk og h\u00f8y stemning.<\/p>\n<p>I tredje kvartal fortsatte veksten, og J\u00e6rhagen oppn\u00e5dde en \u00f8kning p\u00e5 6,3 prosent, med vekst fra alle bransjer. En kombinasjon av flott sommerv\u00e6r, h\u00f8y aktivitet og \u00e5pningen av Plogenparken \u2013 Klepp kommunes nye stolthet like ved senteret \u2013 bidro sterkt til den positive utviklingen.<\/p>\n<p>  <a href=\"https:\/\/www.jbl.no\/5-103-1162250\" class=\"related-teaser has-image default-story-teaser article--c-eRUmMG article--c-eRUmMG-jKCPdD-design-default\" rel=\"nofollow noopener\" target=\"_blank\"><\/p>\n<p>    <img decoding=\"async\" loading=\"lazy\"  src=\"https:\/\/www.europesays.com\/no\/wp-content\/uploads\/2026\/01\/IMG_9286.jpg\" alt=\"\" class=\"brick-c-cFOWSL\" style=\"\"\/><\/p>\n<p>\n            Les ogs\u00e5<\/p>\n<p>              Sj\u00e5 bilda: Desse var p\u00e5 opninga av den nye m\u00f8teplassen\n        <\/p>\n<p>  <\/a><\/p>\n<p>   <img decoding=\"async\" width=\"5712\" height=\"4284\" fetchpriority=\"low\"  loading=\"lazy\"  src=\"https:\/\/www.europesays.com\/no\/wp-content\/uploads\/2026\/01\/IMG_0237.HEIC.jpeg\" alt=\"\" class=\"brick-c-cFOWSL\" style=\"--brick-image-ratio: 5712 \/ 4284;\"\/><\/p>\n<p>      \u00c5pning av ny Clas Ohlson-butikk p\u00e5 J\u00e6rhagen<br \/>\n      Foto: Alise Lea Tiller\n    <\/p>\n<p>  Ser fram mot 2026<\/p>\n<p>Fjor\u00e5rets siste kvartal ble kronet med den etterlengtede \u00e5pningen av Clas Ohlson i 2. etasje, og kvartalet endte med en solid \u00f8kning p\u00e5 9,05 prosent.<\/p>\n<p>Black Week og julehandelen slo alle rekorder.<\/p>\n<p>\u2013 Desember var preget av magisk stemning og rekordbes\u00f8k. Flere butikker meldte om at de n\u00e5dde sine ambisi\u00f8se \u00e5rsm\u00e5l, noe som varmer ekstra for en senterleder, sier \u00d8ksnevad Olsen, og legger til at hun synes samholdet og samarbeidet blant butikkene p\u00e5 J\u00e6rhagen er unikt.<\/p>\n<p>Senteret ser n\u00e5 frem til et nytt og spennende \u00e5r. I mars \u00e5pner Oakland M\u00f8bler i lokalene etter Dollarstore, og dette styrker ytterligere segmentet innen hus og hjem.<\/p>\n<p>  <a href=\"https:\/\/www.jbl.no\/5-103-1232324\" class=\"related-teaser has-image default-story-teaser article--c-eRUmMG article--c-eRUmMG-jKCPdD-design-default\" rel=\"nofollow noopener\" target=\"_blank\"><\/p>\n<p>    <img decoding=\"async\" loading=\"lazy\"  src=\"https:\/\/www.europesays.com\/no\/wp-content\/uploads\/2026\/01\/DJI_20251017140331_0176_D.jpg\" alt=\"\" class=\"brick-c-cFOWSL\" style=\"\"\/><\/p>\n<p>\n            Les ogs\u00e5<\/p>\n<p>              Ny butikk til J\u00e6rhagen\n        <\/p>\n<p>  <\/a><\/p>\n<p>\u2013 Vi har flere nye aktiviteter p\u00e5 planen for 2026, blant annet lanseringen av J\u00e6rhagen Festival, som vi gleder oss veldig til, sier senterlederen.<\/p>\n<p>  <a href=\"https:\/\/www.jbl.no\/5-103-1225503\" class=\"related-teaser has-image default-gallery-teaser article--c-eRUmMG article--c-eRUmMG-jKCPdD-design-default\" rel=\"nofollow noopener\" target=\"_blank\"><\/p>\n<p>    <img decoding=\"async\" loading=\"lazy\"  src=\"https:\/\/www.europesays.com\/no\/wp-content\/uploads\/2026\/01\/IMG_9919.JPG\" alt=\"\" class=\"brick-c-cFOWSL\" style=\"\"\/><\/p>\n<p>\n            Bildeserie<\/p>\n<p>              Flere hundre stod i k\u00f8 for \u00e5 kj\u00f8pe cookies og cupcakes\n        <\/p>\n<p>  <\/a><\/p>\n<p>  <a href=\"https:\/\/www.jbl.no\/5-103-1209444\" class=\"related-teaser has-image default-gallery-teaser article--c-eRUmMG article--c-eRUmMG-jKCPdD-design-default\" rel=\"nofollow noopener\" target=\"_blank\"><\/p>\n<p>    <img decoding=\"async\" loading=\"lazy\"  src=\"https:\/\/www.europesays.com\/no\/wp-content\/uploads\/2026\/01\/IMG_0914.jpg\" alt=\"\" class=\"brick-c-cFOWSL\" style=\"\"\/><\/p>\n<p>\n            Bildeserie<\/p>\n<p>              Damene hadde motekveld p\u00e5 J\u00e6rhagen: \u2013 267 billettar vart selde p\u00e5 11 minutt\n        <\/p>\n<p>  <\/a><\/p>\n<p>  <a href=\"https:\/\/www.jbl.no\/5-103-1184126\" class=\"related-teaser has-image default-story-teaser article--c-eRUmMG article--c-eRUmMG-jKCPdD-design-default\" rel=\"nofollow noopener\" target=\"_blank\"><\/p>\n<p>    <img decoding=\"async\" loading=\"lazy\"  src=\"https:\/\/www.europesays.com\/no\/wp-content\/uploads\/2026\/01\/20250820_095426.jpg\" alt=\"\" class=\"brick-c-cFOWSL\" style=\"\"\/><\/p>\n<p>\n            Les ogs\u00e5<\/p>\n<p>              N\u00e5 kan du ikke lenger hente pakken din her\n        <\/p>\n<p>  <\/a><\/p>\n<p>  <a href=\"https:\/\/www.jbl.no\/5-103-1168024\" class=\"related-teaser has-image default-story-teaser article--c-eRUmMG article--c-eRUmMG-jKCPdD-design-default\" rel=\"nofollow noopener\" target=\"_blank\"><\/p>\n<p>    <img decoding=\"async\" loading=\"lazy\"  src=\"https:\/\/www.europesays.com\/no\/wp-content\/uploads\/2026\/01\/IMG_5719.jpg\" alt=\"\" class=\"brick-c-cFOWSL\" style=\"\"\/><\/p>\n<p>\n            Les ogs\u00e5<\/p>\n<p>              Byttet ut fris\u00f8ryrket: \u2013 Det har v\u00e6rt en knallbra start\n        <\/p>\n<p>  <\/a><\/p>\n<p>  <a href=\"https:\/\/www.jbl.no\/5-103-1166810\" class=\"related-teaser has-image default-story-teaser article--c-eRUmMG article--c-eRUmMG-jKCPdD-design-default\" rel=\"nofollow noopener\" target=\"_blank\"><\/p>\n<p>    <img decoding=\"async\" loading=\"lazy\"  src=\"https:\/\/www.europesays.com\/no\/wp-content\/uploads\/2026\/01\/IMG_9500.jpg\" alt=\"\" class=\"brick-c-cFOWSL\" style=\"\"\/><\/p>\n<p>\n            Les ogs\u00e5<\/p>\n<p>              \u2013 Tenk om me kan visa andre at det g\u00e5r an\n        <\/p>\n<p>  <\/a><\/p>\n","protected":false},"excerpt":{"rendered":"Kj\u00f8pesenteret i Klepp kan se tilbake p\u00e5 et rekordsterkt 2025, hvor b\u00e5de omsetning og bes\u00f8kstall n\u00e5dde nye h\u00f8yder.&hellip;\n","protected":false},"author":2,"featured_media":130561,"comment_status":"","ping_status":"","sticky":false,"template":"","format":"standard","meta":{"footnotes":""},"categories":[56],"tags":[36,60,61,15164,1470,62,30,28,29,1510],"class_list":{"0":"post-130560","1":"post","2":"type-post","3":"status-publish","4":"format-standard","5":"has-post-thumbnail","7":"category-naeringsliv","8":"tag-art","9":"tag-business","10":"tag-economy","11":"tag-jaerhagen","12":"tag-klepp","13":"tag-naeringsliv","14":"tag-no","15":"tag-norge","16":"tag-norway","17":"tag-story"},"share_on_mastodon":{"url":"https:\/\/pubeurope.com\/@no\/115849856561059133","error":""},"_links":{"self":[{"href":"https:\/\/www.europesays.com\/no\/wp-json\/wp\/v2\/posts\/130560","targetHints":{"allow":["GET"]}}],"collection":[{"href":"https:\/\/www.europesays.com\/no\/wp-json\/wp\/v2\/posts"}],"about":[{"href":"https:\/\/www.europesays.com\/no\/wp-json\/wp\/v2\/types\/post"}],"author":[{"embeddable":true,"href":"https:\/\/www.europesays.com\/no\/wp-json\/wp\/v2\/users\/2"}],"replies":[{"embeddable":true,"href":"https:\/\/www.europesays.com\/no\/wp-json\/wp\/v2\/comments?post=130560"}],"version-history":[{"count":0,"href":"https:\/\/www.europesays.com\/no\/wp-json\/wp\/v2\/posts\/130560\/revisions"}],"wp:featuredmedia":[{"embeddable":true,"href":"https:\/\/www.europesays.com\/no\/wp-json\/wp\/v2\/media\/130561"}],"wp:attachment":[{"href":"https:\/\/www.europesays.com\/no\/wp-json\/wp\/v2\/media?parent=130560"}],"wp:term":[{"taxonomy":"category","embeddable":true,"href":"https:\/\/www.europesays.com\/no\/wp-json\/wp\/v2\/categories?post=130560"},{"taxonomy":"post_tag","embeddable":true,"href":"https:\/\/www.europesays.com\/no\/wp-json\/wp\/v2\/tags?post=130560"}],"curies":[{"name":"wp","href":"https:\/\/api.w.org\/{rel}","templated":true}]}}