{"id":130562,"date":"2026-01-06T19:42:08","date_gmt":"2026-01-06T19:42:08","guid":{"rendered":"https:\/\/www.europesays.com\/no\/130562\/"},"modified":"2026-01-06T19:42:08","modified_gmt":"2026-01-06T19:42:08","slug":"gjovik-trafikk-bruker-minst-tre-netter-pa-a-reparere-skadene-pa-e6-oppland-arbeiderblad","status":"publish","type":"post","link":"https:\/\/www.europesays.com\/no\/130562\/","title":{"rendered":"Gj\u00f8vik, Trafikk | Bruker minst tre netter p\u00e5 \u00e5 reparere skadene p\u00e5 E6 &#8211; Oppland Arbeiderblad"},"content":{"rendered":"<ol>\n<li><a href=\"https:\/\/news.google.com\/rss\/articles\/CBMijAFBVV95cUxPZlBibkE5a09HVE1yYWJxX2pZRUMwei1TczNYNERrWFROYUlsMmRnMVVqYnlrM2I1aU5YZU5pWGxTNi1ZbTg1bFBxWjdFblNkd1Y2eTRCWkMxYnFIZWpvMTY2NnFhajNkYUtlTFhtUFAyTlVOdlVBNHJqc1lTSWZNOFVseGxyRm16YjNfbQ?oc=5\" target=\"_blank\" rel=\"nofollow noopener\">Gj\u00f8vik, Trafikk | Bruker minst tre netter p\u00e5 \u00e5 reparere skadene p\u00e5 E6<\/a>&nbsp;&nbsp;Oppland Arbeiderblad<\/li>\n<li><a href=\"https:\/\/news.google.com\/rss\/articles\/CBMie0FVX3lxTE9QTnRKMDdDTG1jbUN4SnUwYVhHNDBFS2hnVVFyNGRLX1ZMdTFkeVNhbzVZdHhDR3VNUlhNZnRIRjNYVV9uaVk5TXhXQ0EyQS01cUFESndqOGNIaEtIeG9qNGo0V0dIRDdBQVUyUWVsUVlnRkNldkYwcGhlaw?oc=5\" target=\"_blank\" rel=\"nofollow noopener\">Trafikk, Rudsh\u00f8gda | Lastebil har kj\u00f8rt i autovernet<\/a>&nbsp;&nbsp;Ringsaker Blad<\/li>\n<li><a href=\"https:\/\/news.google.com\/rss\/articles\/CBMiYkFVX3lxTE5vemtFVExUZ0FKblBjdkV6c0J0WTBWV2RQTDRvX193VEdza25FM1hyRjhVWUV1V2hiVFViZ2dkRkh4dWtnNmJKcWY0WGZWSmFjT1czWlNCakNmT1dGZFQ5UWRB?oc=5\" target=\"_blank\" rel=\"nofollow noopener\">Nyheter, Lillehammer | Trafikkulykke p\u00e5 E6 \u2013 vegen stengt i flere timer<\/a>&nbsp;&nbsp;Gudbrandsd\u00f8len Dagningen<\/li>\n<li><a href=\"https:\/\/news.google.com\/rss\/articles\/CBMiqgFBVV95cUxPdU5RRkttX3daNklUdkVpVEduaU1oNGd1cTRnRERzVFk4VUVoUVhiM1ZKc0hnN29XN0JhaE91eWQ2aU1icUxkNmVHeV9jekstOHgyM09ldWpwOXNIOEp2S1JMM2Y5YTZXbExhZkt6WmoxclEzUVNMYV8wcThFc0tTclhBbWhOcG5QR3cxTFZQV1UwZk1BX091N2ZFT2x4bUNFamJ0U21jaTFxUQ?oc=5\" target=\"_blank\" rel=\"nofollow noopener\">Lastebil \u00f8dela 150 meter rekkverk p\u00e5 E6 ved Lillehammer<\/a>&nbsp;&nbsp;Teknisk Ukeblad<\/li>\n<li><a href=\"https:\/\/news.google.com\/rss\/articles\/CBMia0FVX3lxTE5xdXNpTkwxV0FKOEJzTTkzOVhHOWpLSy1qVENUU0VzdXhxUmIyZzUzSWNjRXNfbG43ZlMzVmVveV9aNms3cWFTY1h2SWlJVjRzQzlPZm9ac2xvd2hrVldlMDdmRkN0NlF4dW1B?oc=5\" target=\"_blank\" rel=\"nofollow noopener\">Trafikk, Politi | Vogntog \u00f8dela over 200 meter med rekkverk<\/a>&nbsp;&nbsp;Oppland Arbeiderblad<\/li>\n<\/ol>\n","protected":false},"excerpt":{"rendered":"Gj\u00f8vik, Trafikk | Bruker minst tre netter p\u00e5 \u00e5 reparere skadene p\u00e5 E6&nbsp;&nbsp;Oppland Arbeiderblad Trafikk, Rudsh\u00f8gda | Lastebil&hellip;\n","protected":false},"author":2,"featured_media":4217,"comment_status":"","ping_status":"","sticky":false,"template":"","format":"standard","meta":{"footnotes":""},"categories":[10],"tags":[20,21,24,25,15,22,23,13,30,28,29,14,16,26,27],"class_list":{"0":"post-130562","1":"post","2":"type-post","3":"status-publish","4":"format-standard","5":"has-post-thumbnail","7":"category-norge","8":"tag-breaking-news","9":"tag-breakingnews","10":"tag-featured-news","11":"tag-featurednews","12":"tag-headlines","13":"tag-latest-news","14":"tag-latestnews","15":"tag-news","16":"tag-no","17":"tag-norge","18":"tag-norway","19":"tag-nyheter","20":"tag-overskrifter","21":"tag-top-stories","22":"tag-topstories"},"share_on_mastodon":{"url":"https:\/\/pubeurope.com\/@no\/115849864550411408","error":""},"_links":{"self":[{"href":"https:\/\/www.europesays.com\/no\/wp-json\/wp\/v2\/posts\/130562","targetHints":{"allow":["GET"]}}],"collection":[{"href":"https:\/\/www.europesays.com\/no\/wp-json\/wp\/v2\/posts"}],"about":[{"href":"https:\/\/www.europesays.com\/no\/wp-json\/wp\/v2\/types\/post"}],"author":[{"embeddable":true,"href":"https:\/\/www.europesays.com\/no\/wp-json\/wp\/v2\/users\/2"}],"replies":[{"embeddable":true,"href":"https:\/\/www.europesays.com\/no\/wp-json\/wp\/v2\/comments?post=130562"}],"version-history":[{"count":0,"href":"https:\/\/www.europesays.com\/no\/wp-json\/wp\/v2\/posts\/130562\/revisions"}],"wp:featuredmedia":[{"embeddable":true,"href":"https:\/\/www.europesays.com\/no\/wp-json\/wp\/v2\/media\/4217"}],"wp:attachment":[{"href":"https:\/\/www.europesays.com\/no\/wp-json\/wp\/v2\/media?parent=130562"}],"wp:term":[{"taxonomy":"category","embeddable":true,"href":"https:\/\/www.europesays.com\/no\/wp-json\/wp\/v2\/categories?post=130562"},{"taxonomy":"post_tag","embeddable":true,"href":"https:\/\/www.europesays.com\/no\/wp-json\/wp\/v2\/tags?post=130562"}],"curies":[{"name":"wp","href":"https:\/\/api.w.org\/{rel}","templated":true}]}}