{"id":130563,"date":"2026-01-06T19:43:11","date_gmt":"2026-01-06T19:43:11","guid":{"rendered":"https:\/\/www.europesays.com\/no\/130563\/"},"modified":"2026-01-06T19:43:11","modified_gmt":"2026-01-06T19:43:11","slug":"jeg-har-fatt-mange-dodstrusler","status":"publish","type":"post","link":"https:\/\/www.europesays.com\/no\/130563\/","title":{"rendered":"\u2013 Jeg har f\u00e5tt mange d\u00f8dstrusler"},"content":{"rendered":"\n<p class=\"_lead_o9xde_2 _lead_xtcu6_50 layout-component text-serif-m layout-normal text-serif-l layout-component layout-wide layout-padded _wide_17hqh_1 layout-padded\">Han er blitt banket opp p\u00e5 bar og mottatt mange d\u00f8dstrusler. Den gr\u00f8nlandske MAGA-supporteren h\u00e5per fortsatt at USA tar over landet. <\/p>\n<p><img alt=\"J\u00f8rgen Boassen og Charlie Kirk utenfor Det hvite hus \" class=\"_image_qp4xg_65 layout-component layout-wide\" data-fullscreen- data-track-element-type=\"Article image fullscreen\" data-track-name=\"ImageFullscreen\" fetchpriority=\"high\" decoding=\"sync\" loading=\"eager\" height=\"1200\" itemprop=\"image\"  src=\"https:\/\/www.europesays.com\/no\/wp-content\/uploads\/2026\/01\/b7c45376-9a74-4dfa-944a-4008bfe608aa.png\"  style=\"object-position:0% 0%\" width=\"1600\"\/>J\u00f8rgen Boassen og Charlie Kirk utenfor Det hvite hus <\/p>\n<ul aria-hidden=\"true\" class=\"_images_ntbth_112\">\n<li><a class=\"_link_ntbth_117\" href=\"https:\/\/www.vg.no\/forfatter\/joern-e-kaalstad\" style=\"z-index:2\" title=\"J\u00f8rn E. Kaalstad\" rel=\"nofollow noopener\" target=\"_blank\"><img alt=\"Bilde av J\u00f8rn E. Kaalstad\" class=\"_image_ntbth_93\" fetchpriority=\"low\" loading=\"lazy\" decoding=\"async\" itemprop=\"image\"  src=\"https:\/\/www.europesays.com\/no\/wp-content\/uploads\/2026\/01\/1767728588_820_669373df-e8fd-4864-880f-5035f6f30b0b.jpeg\"  width=\"480\"\/><\/a><\/li>\n<li><a class=\"_link_ntbth_117\" href=\"https:\/\/www.vg.no\/forfatter\/haakon-f-hoeydal\" style=\"z-index:1\" title=\"H\u00e5kon F. H\u00f8ydal\" rel=\"nofollow noopener\" target=\"_blank\"><img alt=\"Bilde av H\u00e5kon F. H\u00f8ydal\" class=\"_image_ntbth_93\" fetchpriority=\"low\" loading=\"lazy\" decoding=\"async\" itemprop=\"image\"  src=\"https:\/\/www.europesays.com\/no\/wp-content\/uploads\/2026\/01\/1767728589_520_791defbc-20b8-4779-b615-3d02a4d66e97.jpeg\"  width=\"480\"\/><\/a><\/li>\n<\/ul>\n<p> Oppdatert tirsdag 6. januar kl. 19:11    <\/p>\n<ul class=\"_list_o9xde_3 _list_64s2r_85 _unordered_o9xde_106 text-sans-m\">\n<li class=\"_item_o9xde_30\">J\u00f8rgen Boassen, Gr\u00f8nlands fremste MAGA-supporter, har mottatt mange d\u00f8dstrusler og blitt banket opp p\u00e5 grunn av sine politiske meninger.<\/li>\n<li class=\"_item_o9xde_30\">Boassen mener fortsatt at USA b\u00f8r overta Gr\u00f8nland for \u00e5 beskytte landet.<\/li>\n<li class=\"_item_o9xde_30\">Donald Trump har p\u00e5 nytt vist interesse for \u00e5 kontrollere Gr\u00f8nland av strategiske grunner.<\/li>\n<\/ul>\n<p>Vis mer <\/p>\n<p class=\"_paragraph_o9xde_4 _paragraph_xtcu6_10 layout-component text-serif-m layout-normal text-serif-m layout-padded\">\u2013 Det er bare USA som virkelig kan beskytte oss, sa J\u00f8rgen Boassen, <a href=\"https:\/\/www.vg.no\/tag\/groenland?utm_source=vg-article&amp;utm_medium=auto-tagger&amp;utm_campaign=vrQRgl\" class=\"_link_o9xde_39\" rel=\"nofollow noopener\" target=\"_blank\">Gr\u00f8nlands<\/a> fremste MAGA-supporter til VG for ganske n\u00f8yaktig ett \u00e5r siden.<\/p>\n<p class=\"_paragraph_o9xde_4 _paragraph_xtcu6_10 layout-component text-serif-m layout-normal text-serif-m layout-padded\">Bakgrunnen var at USAs nyvalgte president hadde g\u00e5tt ut og pekt p\u00e5 Gr\u00f8nland som et land som USA trengte. <\/p>\n<p class=\"_paragraph_o9xde_4 _paragraph_xtcu6_10 layout-component text-serif-m layout-normal text-serif-m layout-padded\">Boassen sa ogs\u00e5 at han var sikker p\u00e5 at president Trump ville v\u00e6re t\u00e5lmodig og bruke tid p\u00e5 \u00e5 legge <a href=\"https:\/\/www.vg.no\/tag\/groenland?utm_source=vg-article&amp;utm_medium=auto-tagger&amp;utm_campaign=QMq2Rx\" class=\"_link_o9xde_39\" rel=\"nofollow noopener\" target=\"_blank\">Gr\u00f8nland<\/a> under USA.<\/p>\n<p class=\"_paragraph_o9xde_4 _paragraph_xtcu6_10 layout-component text-serif-m layout-normal text-serif-m layout-padded\">\u2013 Men vi burde s\u00f8ke vennskap med den mektigste nasjonen p\u00e5 jorden, og ikke la dette splitte oss, sa Boassen da.<\/p>\n<p><img alt=\"Foto: Mads Claus Rasmussen \/ EPA \/ NTB\" class=\"_image_qp4xg_65 layout-component layout-normal\" data-fullscreen- data-track-element-type=\"Article image fullscreen\" data-track-name=\"ImageFullscreen\" decoding=\"async\" loading=\"lazy\" height=\"5760\" itemprop=\"image\"  src=\"https:\/\/www.europesays.com\/no\/wp-content\/uploads\/2026\/01\/0ec8a82b-fa00-4153-8a08-167f59375f09.jpeg\"  style=\"object-position:0% 0%\" width=\"8640\"\/>Foto: Mads Claus Rasmussen \/ EPA \/ NTB<\/p>\n<p class=\"_paragraph_o9xde_4 _paragraph_xtcu6_10 layout-component text-serif-m layout-normal text-serif-m layout-padded\">N\u00e5 har det g\u00e5tt ett \u00e5r og Boassen forteller til VG at det har v\u00e6rt en turbulent tid siden han sto frem med sine Trump-vennlige syn.<\/p>\n<p class=\"_paragraph_o9xde_4 _paragraph_xtcu6_10 layout-component text-serif-m layout-normal text-serif-m layout-padded\"><strong class=\"_strong_o9xde_25\">\u2013 Jeg har f\u00e5tt 8\u201310 d\u00f8dstrusler fra mine meningsmotstandere. Jeg har ogs\u00e5 blitt angrepet i en bar i Nuuk. Jeg ble sl\u00e5tt av to personer og det etterforskes som en politisak, sier han mandag til VG p\u00e5 telefon fra Gr\u00f8nland.<\/strong><\/p>\n<p class=\"_paragraph_o9xde_4 _paragraph_xtcu6_10 layout-component text-serif-m layout-normal text-serif-m layout-padded\">Hans politiske engasjement har ogs\u00e5 kostet ham dyrt \u2013 p\u00e5 det personlige plan.   <\/p>\n<p class=\"_paragraph_o9xde_4 _paragraph_xtcu6_10 layout-component text-serif-m layout-normal text-serif-m layout-padded\">\u2013 Jeg mistet forloveden min da hun ble avskjediget fra jobben sin p\u00e5 grunn av meg, sier han.<\/p>\n<p><img alt=\"SELFIE MED DON JR.: Boassen tok en selfie med Trump-s\u00f8nn Donald da presidents\u00f8nnen tok en snartur innom Gr\u00f8nland 8. januar i fjor.   Foto: J\u00f8rgen Boassen \/ Privat\" class=\"_image_qp4xg_65 layout-component layout-normal\" data-fullscreen- data-track-element-type=\"Article image fullscreen\" data-track-name=\"ImageFullscreen\" decoding=\"async\" loading=\"lazy\" height=\"1280\" itemprop=\"image\"  src=\"https:\/\/www.europesays.com\/no\/wp-content\/uploads\/2026\/01\/89d0346a-e10a-493c-a682-452bd1dd7cfa.jpeg\"  style=\"object-position:0% 0%\" width=\"960\"\/>SELFIE MED DON JR.: Boassen tok en selfie med Trump-s\u00f8nn Donald da presidents\u00f8nnen tok en snartur innom Gr\u00f8nland 8. januar i fjor.   Foto: J\u00f8rgen Boassen \/ PrivatTok imot Don jr.<\/p>\n<p class=\"_paragraph_o9xde_4 _paragraph_xtcu6_10 layout-component text-serif-m layout-normal text-serif-m layout-padded\">J\u00f8rgen Boassen, en murer fra Nuuk, var alts\u00e5 den som tok imot Donald\u00a0<a href=\"https:\/\/www.vg.no\/i\/Xjpnz7\" data-track-element-type=\"Link\" data-track-id=\"link:Xjpnz7\" class=\"_link_o9xde_39\" rel=\"nofollow noopener\" target=\"_blank\">Trump jr. da han var p\u00e5 en lynvisitt til Gr\u00f8nland <\/a>i starten av januar i 2025 Bes\u00f8ket skjedde samme dag som president Trump sa at han ikke ville utelukke<a href=\"https:\/\/www.vg.no\/i\/5EweGm\" data-track-element-type=\"Link\" data-track-id=\"link:5EweGm\" class=\"_link_o9xde_39\" rel=\"nofollow noopener\" target=\"_blank\"> bruk av milit\u00e6rmakt for \u00e5 overta Gr\u00f8nland <\/a>fra Danmark. <\/p>\n<p class=\"_paragraph_o9xde_4 _paragraph_xtcu6_10 layout-component text-serif-m layout-normal text-serif-m layout-padded\">N\u00e5, ett \u00e5r senere, har Trump igjen tatt opp <a href=\"https:\/\/www.vg.no\/nyheter\/i\/BxRM59\/trump-gjentar-krav-om-aa-ta-over-groenland\" data-track-element-type=\"Link\" data-track-id=\"link:BxRM59\" class=\"_link_o9xde_39\" rel=\"nofollow noopener\" target=\"_blank\">\u00abGr\u00f8nland-saken\u00bb<\/a> og p\u00e5 nytt uttalt at USA trenger \u00e5 kontrollere den enorme arktiske \u00f8ya \u2013 av strategiske \u00e5rsaker. <\/p>\n<p class=\"_paragraph_o9xde_4 _paragraph_xtcu6_10 layout-component text-serif-m layout-normal text-serif-m layout-padded\">Boassen forteller at han har v\u00e6rt p\u00e5 flere turer til USA siden januar i fjor. Han har blant annet v\u00e6rt p\u00e5 bes\u00f8k i Det hvite hus i januar, hvor han m\u00f8tte Don jr. og Charlie Kirk, som han tok imot p\u00e5 Gr\u00f8nland et par uker tidligere. <\/p>\n<p class=\"_paragraph_o9xde_4 _paragraph_xtcu6_10 layout-component text-serif-m layout-normal text-serif-m layout-padded\">Han mener fortsatt at Gr\u00f8nland er best tjent med et amerikansk styre.<\/p>\n<p class=\"_paragraph_o9xde_4 _paragraph_xtcu6_10 layout-component text-serif-m layout-normal text-serif-m layout-padded\">\u2013 Hva tenker du om at president Trump n\u00e5 har fornyet sine uttalelser om at han trenger Gr\u00f8nland av strategiske \u00e5rsaker?<\/p>\n<p class=\"_paragraph_o9xde_4 _paragraph_xtcu6_10 layout-component text-serif-m layout-normal text-serif-m layout-padded\">\u2013 Det er fullt forst\u00e5elig, for vi ligger jo plassert i forg\u00e5rden til USA. Dessuten, Danmark har ikke milit\u00e6rressursene som trengs for \u00e5 holde Gr\u00f8nland trygt.<\/p>\n<p><img alt=\"Foto: Johan Nilsson \/ TT \/ TT Nyhetsbyr\u00e5n \/ NTB\" class=\"_image_qp4xg_65 layout-component layout-normal\" data-fullscreen- data-track-element-type=\"Article image fullscreen\" data-track-name=\"ImageFullscreen\" decoding=\"async\" loading=\"lazy\" height=\"3636\" itemprop=\"image\"  src=\"https:\/\/www.europesays.com\/no\/wp-content\/uploads\/2026\/01\/b3373c41-a1fb-41c6-890e-d1d4674973b1.jpeg\"  style=\"object-position:0% 0%\" width=\"5610\"\/>Foto: Johan Nilsson \/ TT \/ TT Nyhetsbyr\u00e5n \/ NTB\u2013 \u00d8nsker ham velkommen<\/p>\n<p class=\"_paragraph_o9xde_4 _paragraph_xtcu6_10 layout-component text-serif-m layout-normal text-serif-m layout-padded\">\u2013 Tror du Trump vil gj\u00f8re alvor av sine lovnader om \u00e5 ta Gr\u00f8nland milit\u00e6rt?<\/p>\n<p class=\"_paragraph_o9xde_4 _paragraph_xtcu6_10 layout-component text-serif-m layout-normal text-serif-m layout-padded\">\u2013 Jeg vet ikke hva planen hans er, men vi \u00f8nsker ham velkommen til Gr\u00f8nland om det skjer, sier Boassen som forteller at han ikke lenger jobber som murer, men er konsulent for selskaper og organisasjoner som \u00f8nsker \u00e5 etablere seg p\u00e5 \u00f8ya.<\/p>\n<p class=\"_paragraph_o9xde_4 _paragraph_xtcu6_10 layout-component text-serif-m layout-normal text-serif-m layout-padded\">VG sp\u00f8r hva han mener med \u00abvi\u00bb og han hevder overfor VG at ca. 55 prosent av gr\u00f8nlenderne er positive til Trump. <\/p>\n<p class=\"_paragraph_o9xde_4 _paragraph_xtcu6_10 layout-component text-serif-m layout-normal text-serif-m layout-padded\">\u2013 Bortsett fra den danske eliten i hovedstaden Nuuk, er folk vennlig innstilt til USA, mener han.   <\/p>\n<p class=\"_paragraph_o9xde_4 _paragraph_xtcu6_10 layout-component text-serif-m layout-normal text-serif-m layout-padded\">VG har ikke funnet noen ferske meningsm\u00e5linger fra Gr\u00f8nland, men i slutten av januar 2025 var de <a href=\"https:\/\/kl.sermitsiaq.ag\/inuiaqatigiit\/amerikamit-oqartussaaffigineqalernissaq-amerlanerussuteqangaatsiartut-akerlerigaat\/2188163\" class=\"_link_o9xde_39\" rel=\"nofollow noopener\" target=\"_blank\">aller fleste gr\u00f8nlendere<\/a> \u2013 85 prosent \u2013 imot en amerikansk overtagelse av \u00f8ya.<\/p>\n<p><img alt=\"Boassen tok selfie med Charlie Kirk p\u00e5 Gr\u00f8nland.  Foto: J\u00f8rgen Boassen \/ Privat\" class=\"_image_qp4xg_65 layout-component layout-normal\" data-fullscreen- data-track-element-type=\"Article image fullscreen\" data-track-name=\"ImageFullscreen\" decoding=\"async\" loading=\"lazy\" height=\"1280\" itemprop=\"image\"  src=\"https:\/\/www.europesays.com\/no\/wp-content\/uploads\/2026\/01\/9d4505c4-bf31-44df-affa-963e7c5fdf9a.jpeg\"  style=\"object-position:0% 0%\" width=\"960\"\/>Boassen tok selfie med Charlie Kirk p\u00e5 Gr\u00f8nland.  Foto: J\u00f8rgen Boassen \/ Privat<\/p>\n<p class=\"_paragraph_o9xde_4 _paragraph_xtcu6_10 layout-component text-serif-m layout-normal text-serif-m layout-padded\">I begynnelsen av januar 2025 ble Boassen ogs\u00e5 kontaktet av\u00a0<a href=\"https:\/\/www.vg.no\/i\/mBRxoO\" data-track-element-type=\"Link\" data-track-id=\"link:mBRxoO\" class=\"_link_o9xde_39\" rel=\"nofollow noopener\" target=\"_blank\">Charlie Kirk<\/a>, den konservative mediepersonligheten som ble <a href=\"https:\/\/www.vg.no\/nyheter\/i\/qPjVlg\/charlie-kirk-skutt-i-utah\" data-track-element-type=\"Link\" data-track-id=\"link:qPjVlg\" class=\"_link_o9xde_39\" rel=\"nofollow noopener\" target=\"_blank\">skutt og drept under en tale<\/a> 10. september 2025. <\/p>\n<p class=\"_paragraph_o9xde_4 _paragraph_xtcu6_10 layout-component text-serif-m layout-normal text-serif-m layout-padded\">Kirk var i kretsen omkring Trump. Han trengte Boassens hjelp til \u00e5 ordne Gr\u00f8nland-bes\u00f8ket. Da Trump jr. og Kirk ankom, var det Boassen som viste dem omkring.<\/p>\n<p class=\"_paragraph_o9xde_4 _paragraph_xtcu6_10 layout-component text-serif-m layout-normal text-serif-m layout-padded\">\u2013 Du m\u00f8tte Charlie Kirk, b\u00e5de p\u00e5 Gr\u00f8nland og i Det hvite hus. Hva tenker du om at han ble skutt i et attentat i september? <\/p>\n<p class=\"_paragraph_o9xde_4 _paragraph_xtcu6_10 layout-component text-serif-m layout-normal text-serif-m layout-padded\">\u2013 Det var veldig trist. Han var en veldig hyggelig og sympatisk person, sier Boassen. <\/p>\n","protected":false},"excerpt":{"rendered":"Han er blitt banket opp p\u00e5 bar og mottatt mange d\u00f8dstrusler. Den gr\u00f8nlandske MAGA-supporteren h\u00e5per fortsatt at USA&hellip;\n","protected":false},"author":2,"featured_media":130564,"comment_status":"","ping_status":"","sticky":false,"template":"","format":"standard","meta":{"footnotes":""},"categories":[5],"tags":[20,21,55,14019,24,25,2112,15,19,22,23,17,18,13,30,28,29,14,16,26,27],"class_list":{"0":"post-130563","1":"post","2":"type-post","3":"status-publish","4":"format-standard","5":"has-post-thumbnail","7":"category-overskrifter","8":"tag-breaking-news","9":"tag-breakingnews","10":"tag-donald-trump","11":"tag-donald-trump-jr","12":"tag-featured-news","13":"tag-featurednews","14":"tag-gronland","15":"tag-headlines","16":"tag-hovedoppslag","17":"tag-latest-news","18":"tag-latestnews","19":"tag-main-news","20":"tag-mainnews","21":"tag-news","22":"tag-no","23":"tag-norge","24":"tag-norway","25":"tag-nyheter","26":"tag-overskrifter","27":"tag-top-stories","28":"tag-topstories"},"share_on_mastodon":{"url":"https:\/\/pubeurope.com\/@no\/115849868577038210","error":""},"_links":{"self":[{"href":"https:\/\/www.europesays.com\/no\/wp-json\/wp\/v2\/posts\/130563","targetHints":{"allow":["GET"]}}],"collection":[{"href":"https:\/\/www.europesays.com\/no\/wp-json\/wp\/v2\/posts"}],"about":[{"href":"https:\/\/www.europesays.com\/no\/wp-json\/wp\/v2\/types\/post"}],"author":[{"embeddable":true,"href":"https:\/\/www.europesays.com\/no\/wp-json\/wp\/v2\/users\/2"}],"replies":[{"embeddable":true,"href":"https:\/\/www.europesays.com\/no\/wp-json\/wp\/v2\/comments?post=130563"}],"version-history":[{"count":0,"href":"https:\/\/www.europesays.com\/no\/wp-json\/wp\/v2\/posts\/130563\/revisions"}],"wp:featuredmedia":[{"embeddable":true,"href":"https:\/\/www.europesays.com\/no\/wp-json\/wp\/v2\/media\/130564"}],"wp:attachment":[{"href":"https:\/\/www.europesays.com\/no\/wp-json\/wp\/v2\/media?parent=130563"}],"wp:term":[{"taxonomy":"category","embeddable":true,"href":"https:\/\/www.europesays.com\/no\/wp-json\/wp\/v2\/categories?post=130563"},{"taxonomy":"post_tag","embeddable":true,"href":"https:\/\/www.europesays.com\/no\/wp-json\/wp\/v2\/tags?post=130563"}],"curies":[{"name":"wp","href":"https:\/\/api.w.org\/{rel}","templated":true}]}}