{"id":130565,"date":"2026-01-06T19:44:19","date_gmt":"2026-01-06T19:44:19","guid":{"rendered":"https:\/\/www.europesays.com\/no\/130565\/"},"modified":"2026-01-06T19:44:19","modified_gmt":"2026-01-06T19:44:19","slug":"arctic-race-of-norway-sport-2","status":"publish","type":"post","link":"https:\/\/www.europesays.com\/no\/130565\/","title":{"rendered":"Arctic Race of Norway, Sport"},"content":{"rendered":"\n<p>I ei pressemelding kommer det fram at fire nye kommuner, Evenes, \u00d8ksnes, B\u00f8 og And\u00f8y innlemmes som vertskommuner for arrangementet n\u00e5r den 13. utgaven g\u00e5r av stabelen i august.<\/p>\n<p>Det betyr at 56 av Nord-Norges 80 kommuner s\u00e5 langt v\u00e6rt involvert i gjennomf\u00f8ringen.<\/p>\n<p>Daglig leder Tom H\u00f8gli i Arctic Race of Norway forteller at en av grunnene til at man i sin tid valgte sykkelritt som konkurranse, var at alle kommunene i Nord-Norge \u2013 store og sm\u00e5- skulle kunne ta del i det.<\/p>\n<p>\u2013 Det er godt dokumentert at Arctic Race of Norway skaper store \u00f8konomiske ringvirkninger, og gj\u00f8r lokalsamfunn mer attraktive, spesielt blant ungdom. S\u00e5 langt summerer de \u00f8konomiske ringvirkningene seg til rundt \u00e9n milliard kroner Det skyldes ikke minst den innsatsen kommunene legger ned i arrangementet, sier H\u00f8gli.<\/p>\n<p>TV-bildene g\u00e5r ut til 190 land, og verdien av dette er m\u00e5lt til rundt tre milliarder kroner siden starten.<\/p>\n<p><b>Etappene er som f\u00f8lger:<\/b><\/p>\n<ul>\n<li>Torsdag 13. august \u2013 Etappe 1: Evenes \u2013 Myre, 181,7 km<\/li>\n<li>Fredag 14. august \u2013 Etappe 2: B\u00f8 i Vester\u00e5len \u2013 Andenes, 179,2 km<\/li>\n<li>L\u00f8rdag 15. august \u2013 Etappe 3: Stokmarknes \u2013 Storheia, 142,5 km<\/li>\n<li>S\u00f8ndag 16. august \u2013 Etappe 4: Sortland \u2013 Narvik, 190,8 km<\/li>\n<\/ul>\n<p>Starter flatt<\/p>\n<p>2026-utgaven av Arctic Race of Norway er en relativt flat etappe som starter i Evenes, og avsluttes med massespurt i Myre. P\u00e5 den andre etappen g\u00e5r ferden inn p\u00e5 And\u00f8ya, der rytterne f\u00e5r en naturskj\u00f8nn tras\u00e9 krydret med tre krevende gruspartier p\u00e5 til sammen 13,6 kilometer. Med avslutningen i Andenes vil rytterne f\u00e5 det \u00e5pne havet rett foran seg inn mot m\u00e5l<\/p>\n<p>Den tredje etappen tar g\u00e5r p\u00e5 Hadsel\u00f8ya, som ogs\u00e5 er vertskap for The Arctic Run. Hadsel\u00f8ya er nemlig n\u00f8yaktig 42 kilometer lang \u2013 perfekt for maraton. Starten for etappen g\u00e5r i Stokmarknes. M\u00e5lgangen p\u00e5 Storheia etter 3,5 kilometer med en gjennomsnittlig stigning godt over 11 %, vil garantert f\u00e5 stor betydning for sammendraget.<\/p>\n<p>Den storsl\u00e5tte reisen gjennom det nordnorske landskapet avsluttes med en siste etappe fra Sortland til Narvik som i 2029 skal arrangere VM i alpint. Det hele avgj\u00f8res etter en avgj\u00f8rende finaleklatring p\u00e5 2,3 kilometer med 8,6 % i snitt opp mot VM-anlegget.<\/p>\n<p><b>Hovedpunkter:<\/b><\/p>\n<ul>\n<li>13.\u201316. august 2026 er det duket for den 13. utgaven av verdens nordligste profesjonelle landeveisritt p\u00e5 sykkel.<\/li>\n<li>S\u00e5 langt har rittet skapt \u00f8konomiske ringvirkninger p\u00e5 rundt 1 milliard kroner, og bidratt med norgesreklame til en beregnet verdi av rundt 3 milliarder kroner.<\/li>\n<li>\u00c5rets ritt \u00e5pner med en massespurt i Myre etter start i Evenes, f\u00f8r det fortsetter ut mot Andenes.<\/li>\n<li>To t\u00f8ffe klatrestrekninger p\u00e5 henholdsvis tredje og fjerde etappe, vil sannsynligvis bli avgj\u00f8rende i sammendraget: Det blir gjensyn med den brutale klatringen opp til Storheia i Hadsel. I tillegg blir det en krevende avslutning opp mot skianlegget i Narvik, hvor VM i alpint 2029 skal arrangeres<\/li>\n<\/ul>\n<p><b>Slik ser etappene ut:<\/b><\/p>\n<p>  <a data-static=\"\" href=\"#skip-\" class=\"brick-c-fgNmNC\">Hopp over karusellen.<\/a><\/p>\n<p data-static=\"\" class=\"brick-c-fgNmNC\" id=\"carousel-title-\">Innholdskarusell med 4 artikler.<\/p>\n<ul data-static=\"\" class=\"contents-wrapper\" data-contents-wrapper=\"\" tabindex=\"0\" data-min-slides-to-show=\"1\" aria-label=\"Skrollbart innhold\">\n<li data-static=\"\" data-content-wrapper=\"\" data-content-item=\"\" tabindex=\"-1\" aria-label=\"Artikkel 1\">\n<p>   <img decoding=\"async\" width=\"576\" height=\"414\" fetchpriority=\"low\"  loading=\"lazy\"  src=\"https:\/\/www.europesays.com\/no\/wp-content\/uploads\/2026\/01\/unnamed+%288%29.jpg\" alt=\"\" class=\"brick-c-cFOWSL\" style=\"--brick-image-ratio: 576 \/ 414;\"\/><\/p>\n<p>F\u00f8rste etappe g\u00e5r fra Evenes til Myre.<\/p>\n<p>Foto: ARN<\/p>\n<\/li>\n<li data-static=\"\" data-content-wrapper=\"\" data-content-item=\"\" tabindex=\"-1\" aria-label=\"Artikkel 2\">\n<p>   <img decoding=\"async\" width=\"576\" height=\"414\" fetchpriority=\"low\"  loading=\"lazy\"  src=\"https:\/\/www.europesays.com\/no\/wp-content\/uploads\/2026\/01\/unnamed+%289%29.jpg\" alt=\"\" class=\"brick-c-cFOWSL\" style=\"--brick-image-ratio: 576 \/ 414;\"\/><\/p>\n<p>Andre etappe g\u00e5r fra B\u00f8 til Andenes.<\/p>\n<p>Foto: ARN<\/p>\n<\/li>\n<li data-static=\"\" data-content-wrapper=\"\" data-content-item=\"\" tabindex=\"-1\" aria-label=\"Artikkel 3\">\n<p>   <img decoding=\"async\" width=\"576\" height=\"414\" fetchpriority=\"low\"  loading=\"lazy\"  src=\"https:\/\/www.europesays.com\/no\/wp-content\/uploads\/2026\/01\/unnamed+%2810%29.jpg\" alt=\"\" class=\"brick-c-cFOWSL\" style=\"--brick-image-ratio: 576 \/ 414;\"\/><\/p>\n<p>Tredje etappe g\u00e5r fra Stokmarknes til Storheia.<\/p>\n<p>Foto: ARN<\/p>\n<\/li>\n<li data-static=\"\" data-content-wrapper=\"\" data-content-item=\"\" tabindex=\"-1\" aria-label=\"Artikkel 4\">\n<p>   <img decoding=\"async\" width=\"576\" height=\"414\" fetchpriority=\"low\"  loading=\"lazy\"  src=\"https:\/\/www.europesays.com\/no\/wp-content\/uploads\/2026\/01\/unnamed+%2811%29.jpg\" alt=\"\" class=\"brick-c-cFOWSL\" style=\"--brick-image-ratio: 576 \/ 414;\"\/><\/p>\n<p>Fjerde og siste etappe g\u00e5r fra Sortland til Narvik.<\/p>\n<p>Foto: ARN<\/p>\n<\/li>\n<\/ul>\n","protected":false},"excerpt":{"rendered":"I ei pressemelding kommer det fram at fire nye kommuner, Evenes, \u00d8ksnes, B\u00f8 og And\u00f8y innlemmes som vertskommuner&hellip;\n","protected":false},"author":2,"featured_media":130566,"comment_status":"","ping_status":"","sticky":false,"template":"","format":"standard","meta":{"footnotes":""},"categories":[59],"tags":[358,36,30,28,29,83,82,1510,346,1106],"class_list":{"0":"post-130565","1":"post","2":"type-post","3":"status-publish","4":"format-standard","5":"has-post-thumbnail","7":"category-sport","8":"tag-arctic-race-of-norway","9":"tag-art","10":"tag-no","11":"tag-norge","12":"tag-norway","13":"tag-sport","14":"tag-sports","15":"tag-story","16":"tag-sykkel","17":"tag-vesteralen"},"share_on_mastodon":{"url":"https:\/\/pubeurope.com\/@no\/115849872244620738","error":""},"_links":{"self":[{"href":"https:\/\/www.europesays.com\/no\/wp-json\/wp\/v2\/posts\/130565","targetHints":{"allow":["GET"]}}],"collection":[{"href":"https:\/\/www.europesays.com\/no\/wp-json\/wp\/v2\/posts"}],"about":[{"href":"https:\/\/www.europesays.com\/no\/wp-json\/wp\/v2\/types\/post"}],"author":[{"embeddable":true,"href":"https:\/\/www.europesays.com\/no\/wp-json\/wp\/v2\/users\/2"}],"replies":[{"embeddable":true,"href":"https:\/\/www.europesays.com\/no\/wp-json\/wp\/v2\/comments?post=130565"}],"version-history":[{"count":0,"href":"https:\/\/www.europesays.com\/no\/wp-json\/wp\/v2\/posts\/130565\/revisions"}],"wp:featuredmedia":[{"embeddable":true,"href":"https:\/\/www.europesays.com\/no\/wp-json\/wp\/v2\/media\/130566"}],"wp:attachment":[{"href":"https:\/\/www.europesays.com\/no\/wp-json\/wp\/v2\/media?parent=130565"}],"wp:term":[{"taxonomy":"category","embeddable":true,"href":"https:\/\/www.europesays.com\/no\/wp-json\/wp\/v2\/categories?post=130565"},{"taxonomy":"post_tag","embeddable":true,"href":"https:\/\/www.europesays.com\/no\/wp-json\/wp\/v2\/tags?post=130565"}],"curies":[{"name":"wp","href":"https:\/\/api.w.org\/{rel}","templated":true}]}}