{"id":130567,"date":"2026-01-06T19:53:09","date_gmt":"2026-01-06T19:53:09","guid":{"rendered":"https:\/\/www.europesays.com\/no\/130567\/"},"modified":"2026-01-06T19:53:09","modified_gmt":"2026-01-06T19:53:09","slug":"to-kjopesenter-far-nytt-namn-enkelt-for-kundane-a-kjenne-oss-att-hallingdolen-no","status":"publish","type":"post","link":"https:\/\/www.europesays.com\/no\/130567\/","title":{"rendered":"To kj\u00f8pesenter f\u00e5r nytt namn: &#8211; Enkelt for kundane \u00e5 kjenne oss att &#8211; hallingdolen.no"},"content":{"rendered":"<ol>\n<li><a href=\"https:\/\/news.google.com\/rss\/articles\/CBMiswFBVV95cUxPSWdSMlBwZWRka2Q0VTBZRUJiWkR3WDIzZ2tJUnRRX0RGcVFDSFZaOUJFbEFEUWdKVGk4ejFJZHg3SVpGTkFyNmQ4NXNTMkxuS2RJOE9NbDgyeUdPV0duc1RQeDFET2pvNzhvT2dEMFNna2xXWEZGOG5kX25tYUhjM1VBbWlKbElPblVMbFhvSEhaaTV3S0NqWUFhLXJfVWg1a2dQc0hYVWl4RFRpM3owV0lPdw?oc=5\" target=\"_blank\" rel=\"nofollow noopener\">To kj\u00f8pesenter f\u00e5r nytt namn: &#8211; Enkelt for kundane \u00e5 kjenne oss att<\/a>&nbsp;&nbsp;hallingdolen.no<\/li>\n<li><a href=\"https:\/\/news.google.com\/rss\/articles\/CBMifEFVX3lxTFBURGNoM0RLb1laNFp4NkdZWHRhUExodjVlWERlek9HMUhPUk1fSUpjOXBwRXFmaUNJVW94MTZYa3VNbmhFdHpRa3FPWGRCRkIwODBFQ2tmNXFhRkZ2bjl1SUtwNmswbVl6R013bXpyOXpJWHI0RnZMcUN3Zmk?oc=5\" target=\"_blank\" rel=\"nofollow noopener\">(+) Hadde nesten 10.000 kunder p\u00e5 en dag<\/a>&nbsp;&nbsp;ht.no<\/li>\n<li><a href=\"https:\/\/news.google.com\/rss\/articles\/CBMihAFBVV95cUxOLUxMYXAzQnJCZWN1aVR2MEZUdUctOU9TcHZIYnRYQk1FRWRaOXRiUG5iZ1hWMjJQSlpScW9GRDh4cXRzM0tRLWs0akJtUTlpbWQ1WkJyTWJBdWpPdzhua2pJODZycDlRR3NlR0lLQUg4MHRpSlRvX25KVEZheHNpUHZZRWQ?oc=5\" target=\"_blank\" rel=\"nofollow noopener\">Amfi Voss, Kj\u00f8pesenter | Snart slutt for Amfi. \u2013 Null drama<\/a>&nbsp;&nbsp;Hordaland<\/li>\n<li><a href=\"https:\/\/news.google.com\/rss\/articles\/CBMigwFBVV95cUxOamRrbHRDQjUtOXRLN2VMZzlhTmNzOVlITGpKbWdpcFBlcG1ndWd0cmM5alFrcHR0Y2JOd0hDdTJSWjdSSEduWUdXaWtGbXdDanhDMmZQdnQ3UE1GbzVja0hxLXRjWlBjc3hCX1FLZ3NmZG9WS3dKNXhuNndWcTFnR3FsTQ?oc=5\" target=\"_blank\" rel=\"nofollow noopener\">Sandvika storsenter, Sandvika | Tar grep: Bytter navn etter over 30 \u00e5r<\/a>&nbsp;&nbsp;Budstikka<\/li>\n<li><a href=\"https:\/\/news.google.com\/rss\/articles\/CBMingFBVV95cUxPb1ladExDZEtFRHhBaDhla09YMVBBR05UUWloWnM4ODZFN093RUZJdWFUQlpDRFdrYVh0a3JIcXFNMG0xN29ESHRnY3ZCVEFuY05GQWROT2xzRU9PVF9oVjlFRjNtNi10S1I5RnBERlpMeTB6aW1rV2psbmxiQjh1bDdfRUJuRU9LMEY4cHdtTjUzOUk1cVAtMXNHNGxOdw?oc=5\" target=\"_blank\" rel=\"nofollow noopener\">Store endringer p\u00e5 vei til Amfi<\/a>&nbsp;&nbsp;iHarstad<\/li>\n<\/ol>\n","protected":false},"excerpt":{"rendered":"To kj\u00f8pesenter f\u00e5r nytt namn: &#8211; Enkelt for kundane \u00e5 kjenne oss att&nbsp;&nbsp;hallingdolen.no (+) Hadde nesten 10.000 kunder&hellip;\n","protected":false},"author":2,"featured_media":130568,"comment_status":"","ping_status":"","sticky":false,"template":"","format":"standard","meta":{"footnotes":""},"categories":[56],"tags":[60,61,62,30,28,29],"class_list":{"0":"post-130567","1":"post","2":"type-post","3":"status-publish","4":"format-standard","5":"has-post-thumbnail","7":"category-naeringsliv","8":"tag-business","9":"tag-economy","10":"tag-naeringsliv","11":"tag-no","12":"tag-norge","13":"tag-norway"},"share_on_mastodon":{"url":"https:\/\/pubeurope.com\/@no\/115849907644957674","error":""},"_links":{"self":[{"href":"https:\/\/www.europesays.com\/no\/wp-json\/wp\/v2\/posts\/130567","targetHints":{"allow":["GET"]}}],"collection":[{"href":"https:\/\/www.europesays.com\/no\/wp-json\/wp\/v2\/posts"}],"about":[{"href":"https:\/\/www.europesays.com\/no\/wp-json\/wp\/v2\/types\/post"}],"author":[{"embeddable":true,"href":"https:\/\/www.europesays.com\/no\/wp-json\/wp\/v2\/users\/2"}],"replies":[{"embeddable":true,"href":"https:\/\/www.europesays.com\/no\/wp-json\/wp\/v2\/comments?post=130567"}],"version-history":[{"count":0,"href":"https:\/\/www.europesays.com\/no\/wp-json\/wp\/v2\/posts\/130567\/revisions"}],"wp:featuredmedia":[{"embeddable":true,"href":"https:\/\/www.europesays.com\/no\/wp-json\/wp\/v2\/media\/130568"}],"wp:attachment":[{"href":"https:\/\/www.europesays.com\/no\/wp-json\/wp\/v2\/media?parent=130567"}],"wp:term":[{"taxonomy":"category","embeddable":true,"href":"https:\/\/www.europesays.com\/no\/wp-json\/wp\/v2\/categories?post=130567"},{"taxonomy":"post_tag","embeddable":true,"href":"https:\/\/www.europesays.com\/no\/wp-json\/wp\/v2\/tags?post=130567"}],"curies":[{"name":"wp","href":"https:\/\/api.w.org\/{rel}","templated":true}]}}