{"id":130569,"date":"2026-01-06T19:54:22","date_gmt":"2026-01-06T19:54:22","guid":{"rendered":"https:\/\/www.europesays.com\/no\/130569\/"},"modified":"2026-01-06T19:54:22","modified_gmt":"2026-01-06T19:54:22","slug":"sarpsborg-kommune-traer-kommunen-feller-dode-traer-i-kulasparken","status":"publish","type":"post","link":"https:\/\/www.europesays.com\/no\/130569\/","title":{"rendered":"Sarpsborg kommune, Tr\u00e6r | Kommunen feller d\u00f8de tr\u00e6r i Kul\u00e5sparken"},"content":{"rendered":"\n<p>Det skriver Sarpsborg kommune p\u00e5 sine nettsider tirsdag.<\/p>\n<p>Sikkerhetsvurdering<\/p>\n<p>\u2013 Vi feller noen tr\u00e6r som st\u00e5r tett p\u00e5 stiene der mange ferdes. Tiltaket gjennomf\u00f8res av hensyn til sikkerheten, sier arborist Trond Lundestad.<\/p>\n<p>Det er Lundestad som har vurdert og identifisert de tr\u00e6rne som n\u00e5 fjernes.<\/p>\n<p>\u2013 Dette er tydelig d\u00f8de tr\u00e6r som kan utgj\u00f8re en risiko, s\u00e6rlig n\u00e6r gangveier og oppholdsomr\u00e5der, forklarer han.<\/p>\n<p>Arbeidet utf\u00f8res n\u00e5 n\u00e5r v\u00e6rforholdene tillater det, og omfatter kun et f\u00e5tall tr\u00e6r.<\/p>\n<p>Vis hensyn<\/p>\n<p>Kommunen ber publikum v\u00e6re oppmerksomme og vise hensyn mens fellingen p\u00e5g\u00e5r.<\/p>\n<p>Fjerning av d\u00f8de tr\u00e6r er et forebyggende tiltak for \u00e5 sikre at Kul\u00e5sparken fortsatt er et trygt og trivelig sted for alle som ferdes og oppholder seg der.<\/p>\n<p>  <a href=\"https:\/\/www.sa.no\/5-46-1898784\" class=\"related-teaser has-image default-story-teaser article--c-eRUmMG article--c-eRUmMG-jKCPdD-design-default\" rel=\"nofollow noopener\" target=\"_blank\"><\/p>\n<p>    <img decoding=\"async\" loading=\"lazy\"  src=\"https:\/\/www.europesays.com\/no\/wp-content\/uploads\/2026\/01\/14nyhstorgata.jpg\" alt=\"\" class=\"brick-c-cFOWSL\" style=\"\"\/><\/p>\n<p>\n            Les ogs\u00e5<\/p>\n<p>              Skal hogge tr\u00e6r i sentrum &#8211; og plante 14 nye\n        <\/p>\n<p>  <\/a><\/p>\n","protected":false},"excerpt":{"rendered":"Det skriver Sarpsborg kommune p\u00e5 sine nettsider tirsdag. Sikkerhetsvurdering \u2013 Vi feller noen tr\u00e6r som st\u00e5r tett p\u00e5&hellip;\n","protected":false},"author":2,"featured_media":130570,"comment_status":"","ping_status":"","sticky":false,"template":"","format":"standard","meta":{"footnotes":""},"categories":[10],"tags":[36,20,21,24,25,15,15165,22,23,13,30,28,29,447,14,16,6615,7106,1510,26,27,8005],"class_list":{"0":"post-130569","1":"post","2":"type-post","3":"status-publish","4":"format-standard","5":"has-post-thumbnail","7":"category-norge","8":"tag-art","9":"tag-breaking-news","10":"tag-breakingnews","11":"tag-featured-news","12":"tag-featurednews","13":"tag-headlines","14":"tag-kulasparken","15":"tag-latest-news","16":"tag-latestnews","17":"tag-news","18":"tag-no","19":"tag-norge","20":"tag-norway","21":"tag-nyhet","22":"tag-nyheter","23":"tag-overskrifter","24":"tag-sarpsborg-kommune","25":"tag-sarpsborg-sentrum","26":"tag-story","27":"tag-top-stories","28":"tag-topstories","29":"tag-traer"},"share_on_mastodon":{"url":"https:\/\/pubeurope.com\/@no\/115849911657999082","error":""},"_links":{"self":[{"href":"https:\/\/www.europesays.com\/no\/wp-json\/wp\/v2\/posts\/130569","targetHints":{"allow":["GET"]}}],"collection":[{"href":"https:\/\/www.europesays.com\/no\/wp-json\/wp\/v2\/posts"}],"about":[{"href":"https:\/\/www.europesays.com\/no\/wp-json\/wp\/v2\/types\/post"}],"author":[{"embeddable":true,"href":"https:\/\/www.europesays.com\/no\/wp-json\/wp\/v2\/users\/2"}],"replies":[{"embeddable":true,"href":"https:\/\/www.europesays.com\/no\/wp-json\/wp\/v2\/comments?post=130569"}],"version-history":[{"count":0,"href":"https:\/\/www.europesays.com\/no\/wp-json\/wp\/v2\/posts\/130569\/revisions"}],"wp:featuredmedia":[{"embeddable":true,"href":"https:\/\/www.europesays.com\/no\/wp-json\/wp\/v2\/media\/130570"}],"wp:attachment":[{"href":"https:\/\/www.europesays.com\/no\/wp-json\/wp\/v2\/media?parent=130569"}],"wp:term":[{"taxonomy":"category","embeddable":true,"href":"https:\/\/www.europesays.com\/no\/wp-json\/wp\/v2\/categories?post=130569"},{"taxonomy":"post_tag","embeddable":true,"href":"https:\/\/www.europesays.com\/no\/wp-json\/wp\/v2\/tags?post=130569"}],"curies":[{"name":"wp","href":"https:\/\/api.w.org\/{rel}","templated":true}]}}